{"id":212551,"date":"2025-06-29T05:15:13","date_gmt":"2025-06-29T05:15:13","guid":{"rendered":"https:\/\/www.europesays.com\/fr\/212551\/"},"modified":"2025-06-29T05:15:13","modified_gmt":"2025-06-29T05:15:13","slug":"chaudefonds-sur-layon-les-prix-litteraires-ont-ete-decernes","status":"publish","type":"post","link":"https:\/\/www.europesays.com\/fr\/212551\/","title":{"rendered":"Chaudefonds-sur-Layon. Les prix litt\u00e9raires ont \u00e9t\u00e9 d\u00e9cern\u00e9s"},"content":{"rendered":"<p>Mardi 24\u00a0juin, Maryse Tardivon et Sylvaine Chassard de la biblioth\u00e8que de Chaudefonds-sur-Layon ont annonc\u00e9 le livre pr\u00e9f\u00e9r\u00e9 des enfants et celui des adultes pour chacune des classes dans le cadre des prix litt\u00e9raires.<\/p>\n<p>Auparavant, en d\u00e9but d\u2019ann\u00e9e scolaire, les b\u00e9n\u00e9voles de la biblioth\u00e8que municipale de Chaudefonds avaient s\u00e9lectionn\u00e9 cinq\u00a0livres de litt\u00e9rature jeunesse par niveau scolaire.<\/p>\n<p>Tous ces livres ont \u00e9t\u00e9 emprunt\u00e9s \u00e0 tour de r\u00f4le et ont \u00e9t\u00e9 lus \u00e0 la maison, par les enfants et leurs parents. Chacun a vot\u00e9 pour son livre pr\u00e9f\u00e9r\u00e9.<\/p>\n<p>Cette initiative vise \u00e0 encourager la lecture et \u00e0 renforcer les liens entre les familles et la communaut\u00e9 \u00e0 travers le partage d\u2019histoires et de discussions litt\u00e9raires.<\/p>\n<p>Tous les livres des s\u00e9lections seront consultables \u00e0 la biblioth\u00e8que cet \u00e9t\u00e9<\/p>\n<p>\u00a0<\/p>\n","protected":false},"excerpt":{"rendered":"Mardi 24\u00a0juin, Maryse Tardivon et Sylvaine Chassard de la biblioth\u00e8que de Chaudefonds-sur-Layon ont annonc\u00e9 le livre pr\u00e9f\u00e9r\u00e9 des&hellip;\n","protected":false},"author":2,"featured_media":212552,"comment_status":"","ping_status":"","sticky":false,"template":"","format":"standard","meta":{"footnotes":""},"categories":[1357],"tags":[1438,1379,35226,35227,58,59,2883,1011,27,26123,1380,2141],"class_list":{"0":"post-212551","1":"post","2":"type-post","3":"status-publish","4":"format-standard","5":"has-post-thumbnail","7":"category-livres","8":"tag-angers","9":"tag-books","10":"tag-chaudefonds-sur-layon","11":"tag-decernes","12":"tag-divertissement","13":"tag-entertainment","14":"tag-ete","15":"tag-fr","16":"tag-france","17":"tag-litteraires","18":"tag-livres","19":"tag-prix"},"share_on_mastodon":{"url":"https:\/\/pubeurope.com\/@fr\/114764953973536626","error":""},"_links":{"self":[{"href":"https:\/\/www.europesays.com\/fr\/wp-json\/wp\/v2\/posts\/212551","targetHints":{"allow":["GET"]}}],"collection":[{"href":"https:\/\/www.europesays.com\/fr\/wp-json\/wp\/v2\/posts"}],"about":[{"href":"https:\/\/www.europesays.com\/fr\/wp-json\/wp\/v2\/types\/post"}],"author":[{"embeddable":true,"href":"https:\/\/www.europesays.com\/fr\/wp-json\/wp\/v2\/users\/2"}],"replies":[{"embeddable":true,"href":"https:\/\/www.europesays.com\/fr\/wp-json\/wp\/v2\/comments?post=212551"}],"version-history":[{"count":0,"href":"https:\/\/www.europesays.com\/fr\/wp-json\/wp\/v2\/posts\/212551\/revisions"}],"wp:featuredmedia":[{"embeddable":true,"href":"https:\/\/www.europesays.com\/fr\/wp-json\/wp\/v2\/media\/212552"}],"wp:attachment":[{"href":"https:\/\/www.europesays.com\/fr\/wp-json\/wp\/v2\/media?parent=212551"}],"wp:term":[{"taxonomy":"category","embeddable":true,"href":"https:\/\/www.europesays.com\/fr\/wp-json\/wp\/v2\/categories?post=212551"},{"taxonomy":"post_tag","embeddable":true,"href":"https:\/\/www.europesays.com\/fr\/wp-json\/wp\/v2\/tags?post=212551"}],"curies":[{"name":"wp","href":"https:\/\/api.w.org\/{rel}","templated":true}]}}