{"id":212555,"date":"2025-06-29T05:17:14","date_gmt":"2025-06-29T05:17:14","guid":{"rendered":"https:\/\/www.europesays.com\/fr\/212555\/"},"modified":"2025-06-29T05:17:14","modified_gmt":"2025-06-29T05:17:14","slug":"a-quoi-je-sers-slimane-de-retour-apres-plusieurs-mois-dabsence-avec-un-titre-lourd-de-sens","status":"publish","type":"post","link":"https:\/\/www.europesays.com\/fr\/212555\/","title":{"rendered":"\u00ab\u00a0A quoi je sers ?\u00a0\u00bb, Slimane de retour apr\u00e8s plusieurs mois d&rsquo;absence avec un titre lourd de sens"},"content":{"rendered":"<p>      R\u00e9sum\u00e9<\/p>\n<p>Apr\u00e8s plusieurs mois d&rsquo;absence, Slimane revient avec un titre in\u00e9dit et engag\u00e9, abordant les conflits mondiaux et ses \u00e9motions face \u00e0 ces \u00e9preuves.<\/p>\n<p>        Sommaire<\/p>\n<p><strong>Slimane vit une p\u00e9riode compliqu\u00e9e<\/strong>. <a href=\"https:\/\/vsd.fr\/72234-slimane-dis-donc-tes-bonne-toi-le-chanteur-vise-par-une-nouvelle-plainte-cette-fois-pour-agression-sexuelle\/\" rel=\"nofollow noopener\" target=\"_blank\">Accus\u00e9 d&rsquo;agression sexuelle et tentative d&rsquo;agression sexuelle<\/a> par deux techniciens de sa tourn\u00e9e, le chanteur se fait discret depuis d\u00e9cembre dernier. Sur Instagram, il poste toutefois <strong>r\u00e9guli\u00e8rement des photos et vid\u00e9os de lui<\/strong>, ou des images empruntes de philosophie&#8230; Heureusement, dans cette lourde p\u00e9riode, Slimane peut compter sur la pr\u00e9sence de <a href=\"https:\/\/www.public.fr\/slimane-avant-de-quitter-la-france-cette-photo-avec-esmeralda-qui-en-dit-long\" rel=\"nofollow noopener\" target=\"_blank\">sa petite Esmeralda<\/a>, sa fille ch\u00e9rie qui a f\u00eat\u00e9 ses trois ans en d\u00e9but d&rsquo;ann\u00e9e.<\/p>\n<p>Mais depuis quelques semaines, Slimane tente une reconstruction professionnelle. Ce jeudi 26 juin, le chanteur r\u00e9v\u00e9l\u00e9 par The Voice et qui a triomph\u00e9 \u00e0 l&rsquo;Eurovision l&rsquo;an dernier <strong>s&rsquo;est rendu \u00e0 Rabat, au Festival Mawazine, pour chanter ses plus gros succ\u00e8s<\/strong>. Mais Slimane avait pr\u00e9par\u00e9 une tr\u00e8s belle surprise au public pr\u00e9sent&#8230; En effet, le chanteur a propos\u00e9 une chanson in\u00e9dite, au titre \u00f4 combien symbolique : <strong>A quoi je sers ?<\/strong><\/p>\n<p>Slimane s&rsquo;engage contre la guerre dans le monde<\/p>\n<p>Sur Instagram, en story, Slimane s&rsquo;est r\u00e9joui de cette surprise. <strong>\u00ab\u00a0Ce soir, pour la premi\u00e8re fois, j&rsquo;ai chant\u00e9 une chanson qui me tient tellement \u00e0 c\u0153ur\u00a0\u00bb<\/strong> a post\u00e9 le meilleur ami de Vitaa. Un texte engag\u00e9, \u00e9loquent, par lequel Slimane revient sur la p\u00e9riode compliqu\u00e9e que le monde traverse avec<strong> les guerres qui ravagent de nombreuses populations<\/strong>&#8230; Il en a d\u00e9voil\u00e9 un premier extrait sur sa page Instragram suivie par 1,6 million de fans.<\/p>\n<p>Dans les paroles d\u00e9voil\u00e9es, on peut ainsi entendre : \u00ab\u00a0A quoi je sers, quand mon \u00e9cran est en fum\u00e9e \/ Et que je m&rsquo;sens d\u00e9sarm\u00e9 et que ma t\u00eate va \u00e9clater \/ <strong>A quoi je sers, quand j&rsquo;vois des enfants crever<\/strong> \/ Mais que j&rsquo;peux rien faire, \u00e0 part en parler ? \/ A quoi je sers, quand j&rsquo;ai des larmes par milliers \/ Que des familles meurent noy\u00e9es parce qu&rsquo;ils r\u00eavent de traverser\u00a0\u00bb. Une chanson applaudie par ses fans, mais aussi par ses amis qui continuent de le soutenir malgr\u00e9 la temp\u00eate, <strong>Vitaa la premi\u00e8re<\/strong>.<\/p>\n<p>      Mentionn\u00e9s dans cet article<\/p>\n<p>\u00c0 lire aussi<\/p>\n","protected":false},"excerpt":{"rendered":"R\u00e9sum\u00e9 Apr\u00e8s plusieurs mois d&rsquo;absence, Slimane revient avec un titre in\u00e9dit et engag\u00e9, abordant les conflits mondiaux et&hellip;\n","protected":false},"author":2,"featured_media":212556,"comment_status":"","ping_status":"","sticky":false,"template":"","format":"standard","meta":{"footnotes":""},"categories":[1355],"tags":[58,59,1011,27,1361,873,9055],"class_list":{"0":"post-212555","1":"post","2":"type-post","3":"status-publish","4":"format-standard","5":"has-post-thumbnail","7":"category-musique","8":"tag-divertissement","9":"tag-entertainment","10":"tag-fr","11":"tag-france","12":"tag-music","13":"tag-musique","14":"tag-slimane"},"share_on_mastodon":{"url":"https:\/\/pubeurope.com\/@fr\/114764961824186100","error":""},"_links":{"self":[{"href":"https:\/\/www.europesays.com\/fr\/wp-json\/wp\/v2\/posts\/212555","targetHints":{"allow":["GET"]}}],"collection":[{"href":"https:\/\/www.europesays.com\/fr\/wp-json\/wp\/v2\/posts"}],"about":[{"href":"https:\/\/www.europesays.com\/fr\/wp-json\/wp\/v2\/types\/post"}],"author":[{"embeddable":true,"href":"https:\/\/www.europesays.com\/fr\/wp-json\/wp\/v2\/users\/2"}],"replies":[{"embeddable":true,"href":"https:\/\/www.europesays.com\/fr\/wp-json\/wp\/v2\/comments?post=212555"}],"version-history":[{"count":0,"href":"https:\/\/www.europesays.com\/fr\/wp-json\/wp\/v2\/posts\/212555\/revisions"}],"wp:featuredmedia":[{"embeddable":true,"href":"https:\/\/www.europesays.com\/fr\/wp-json\/wp\/v2\/media\/212556"}],"wp:attachment":[{"href":"https:\/\/www.europesays.com\/fr\/wp-json\/wp\/v2\/media?parent=212555"}],"wp:term":[{"taxonomy":"category","embeddable":true,"href":"https:\/\/www.europesays.com\/fr\/wp-json\/wp\/v2\/categories?post=212555"},{"taxonomy":"post_tag","embeddable":true,"href":"https:\/\/www.europesays.com\/fr\/wp-json\/wp\/v2\/tags?post=212555"}],"curies":[{"name":"wp","href":"https:\/\/api.w.org\/{rel}","templated":true}]}}