{"id":212561,"date":"2025-06-29T05:21:10","date_gmt":"2025-06-29T05:21:10","guid":{"rendered":"https:\/\/www.europesays.com\/fr\/212561\/"},"modified":"2025-06-29T05:21:10","modified_gmt":"2025-06-29T05:21:10","slug":"on-a-fermement-refuse-meghan-markle-se-fait-claquer-la-porte-au-nez-par-cette-prestigieuse-enseigne","status":"publish","type":"post","link":"https:\/\/www.europesays.com\/fr\/212561\/","title":{"rendered":"\u201cOn a fermement refus\u00e9\u201d : Meghan Markle se fait claquer la porte au nez par cette prestigieuse enseigne"},"content":{"rendered":"<p>L&rsquo;ancienne membre de la famille royale britannique voit ses<br \/>\nambitions entrepreneuriales contrari\u00e9es outre-Manche. Sa tentative<br \/>\nd&rsquo;implantation commerciale dans l&rsquo;une des enseignes les plus<br \/>\nr\u00e9put\u00e9es de Londres s&rsquo;est sold\u00e9e par un \u00e9chec retentissant,<br \/>\nr\u00e9v\u00e9lant les tensions persistantes avec la monarchie.<\/p>\n<p>Un refus cat\u00e9gorique de la part de l&rsquo;institution<br \/>\nlondonienne<\/p>\n<p>La <a href=\"https:\/\/www.closermag.fr\/royautes\/meghan-markle-les-red-flags-se-multiplient-autour-des-sussex-a-montecito-3558970\" rel=\"nofollow noopener\" target=\"_blank\"><br \/>\ncompagne du prince Harry<\/a> s&rsquo;est heurt\u00e9e \u00e0 refus cat\u00e9gorique de<br \/>\nla part de Fortnum &amp; Mason, temple de l&rsquo;\u00e9picerie fine britannique<br \/>\ndepuis des si\u00e8cles. Cette maison embl\u00e9matique, fournisseur officiel<br \/>\nde la Couronne britannique, a d\u00e9clin\u00e9 sans appel la proposition de<br \/>\ncommercialiser les cr\u00e9ations culinaires de l&rsquo;Am\u00e9ricaine.<\/p>\n<p>Un proche du dossier confie notamment : \u00ab\u00a0On a poliment, mais<br \/>\nfermement, refus\u00e9 \u00e0 Meghan toute collaboration\u00a0\u00bb. Il faut<br \/>\nsavoir que l&rsquo;\u00e9tablissement propose d\u00e9j\u00e0 \u00e0 sa client\u00e8le le miel issu<br \/>\ndes ruches d&rsquo;Highgrove, propri\u00e9t\u00e9 du roi Charles III. Ce<br \/>\npartenariat aurait cr\u00e9\u00e9 une situation particuli\u00e8rement d\u00e9licate,<br \/>\ncompte tenu des relations glaciales entre les Sussex et le reste de<br \/>\nla famille royale.<\/p>\n<p>Une gamme alimentaire qui divise<\/p>\n<p>L&rsquo;\u00e9pouse du <a href=\"https:\/\/www.closermag.fr\/royautes\/prince-harry-sa-derniere-decision-va-coller-une-sacree-migraine-a-la-famille-royale-3558894\" rel=\"nofollow noopener\" target=\"_blank\"><br \/>\nduc de Sussex<\/a> a d\u00e9velopp\u00e9 une ligne de produits gourmands sous<br \/>\nl&rsquo;\u00e9tiquette As Ever, comprenant notamment du miel, des confiseries<br \/>\nflorales, de la p\u00e2te \u00e0 pancakes et diverses confitures artisanales.<br \/>\nR\u00e9cemment, elle a \u00e9largi son catalogue avec l&rsquo;ajout d&rsquo;une cuv\u00e9e<br \/>\nvinicole, dont le lancement a suscit\u00e9 la pol\u00e9mique.<\/p>\n<p>Cette commercialisation, programm\u00e9e le 1er juillet, co\u00efncide<br \/>\navec l&rsquo;anniversaire de naissance de Lady Diana Spencer, m\u00e8re des<br \/>\nprinces William et Harry. Ce choix a \u00e9t\u00e9 per\u00e7u comme une<br \/>\nprovocation par certains proches de la monarchie. N\u00e9anmoins, les<br \/>\nventes en ligne de ces cr\u00e9ations culinaires rencontrent un succ\u00e8s<br \/>\nnotable aupr\u00e8s des consommateurs am\u00e9ricains et internationaux.<\/p>\n<p>Des finances sous pression malgr\u00e9 les<br \/>\nprojets<\/p>\n<p>Le couple californien fait face \u00e0 des d\u00e9fis \u00e9conomiques<br \/>\nconsid\u00e9rables depuis son installation \u00e0 Montecito. Leur r\u00e9sidence,<br \/>\nacquise pour 14,65 millions de dollars, n\u00e9cessite le remboursement<br \/>\nd&rsquo;un cr\u00e9dit de 9,5 millions de dollars, g\u00e9n\u00e9rant des \u00e9ch\u00e9ances<br \/>\nmensuelles comprises entre 50 000 et 100 000 dollars.<\/p>\n<p>Ces obligations financi\u00e8res s&rsquo;accompagnent de frais de s\u00e9curit\u00e9<br \/>\nsubstantiels lors des d\u00e9placements du <a href=\"https:\/\/www.closermag.fr\/royautes\/prince-harry-a-cede-face-a-meghan-markle-concernant-lexposition-darchie-et-lilibet-un-ami-revele-pourquoi-3558220\" rel=\"nofollow noopener\" target=\"_blank\"><br \/>\nprince Harry<\/a>. Malgr\u00e9 le contrat Netflix et la s\u00e9rie<br \/>\ndocumentaire \u00ab\u00a0With love, Meghan\u00a0\u00bb diffus\u00e9e cette ann\u00e9e, les revenus<br \/>\npeinent \u00e0 couvrir l&rsquo;ensemble des d\u00e9penses. Cette situation pousse<br \/>\nle couple \u00e0 multiplier les initiatives commerciales, bien que<br \/>\ncertaines rencontrent des obstacles impr\u00e9vus, comme l&rsquo;illustre ce<br \/>\nrefus londonien.<\/p>\n","protected":false},"excerpt":{"rendered":"L&rsquo;ancienne membre de la famille royale britannique voit ses ambitions entrepreneuriales contrari\u00e9es outre-Manche. Sa tentative d&rsquo;implantation commerciale dans&hellip;\n","protected":false},"author":2,"featured_media":212562,"comment_status":"","ping_status":"","sticky":false,"template":"","format":"standard","meta":{"footnotes":""},"categories":[8],"tags":[548,58,59,1011,27,908],"class_list":{"0":"post-212561","1":"post","2":"type-post","3":"status-publish","4":"format-standard","5":"has-post-thumbnail","7":"category-divertissement","8":"tag-article-simple","9":"tag-divertissement","10":"tag-entertainment","11":"tag-fr","12":"tag-france","13":"tag-meghan-markle"},"share_on_mastodon":{"url":"https:\/\/pubeurope.com\/@fr\/114764977520431717","error":""},"_links":{"self":[{"href":"https:\/\/www.europesays.com\/fr\/wp-json\/wp\/v2\/posts\/212561","targetHints":{"allow":["GET"]}}],"collection":[{"href":"https:\/\/www.europesays.com\/fr\/wp-json\/wp\/v2\/posts"}],"about":[{"href":"https:\/\/www.europesays.com\/fr\/wp-json\/wp\/v2\/types\/post"}],"author":[{"embeddable":true,"href":"https:\/\/www.europesays.com\/fr\/wp-json\/wp\/v2\/users\/2"}],"replies":[{"embeddable":true,"href":"https:\/\/www.europesays.com\/fr\/wp-json\/wp\/v2\/comments?post=212561"}],"version-history":[{"count":0,"href":"https:\/\/www.europesays.com\/fr\/wp-json\/wp\/v2\/posts\/212561\/revisions"}],"wp:featuredmedia":[{"embeddable":true,"href":"https:\/\/www.europesays.com\/fr\/wp-json\/wp\/v2\/media\/212562"}],"wp:attachment":[{"href":"https:\/\/www.europesays.com\/fr\/wp-json\/wp\/v2\/media?parent=212561"}],"wp:term":[{"taxonomy":"category","embeddable":true,"href":"https:\/\/www.europesays.com\/fr\/wp-json\/wp\/v2\/categories?post=212561"},{"taxonomy":"post_tag","embeddable":true,"href":"https:\/\/www.europesays.com\/fr\/wp-json\/wp\/v2\/tags?post=212561"}],"curies":[{"name":"wp","href":"https:\/\/api.w.org\/{rel}","templated":true}]}}