{"id":212563,"date":"2025-06-29T05:22:12","date_gmt":"2025-06-29T05:22:12","guid":{"rendered":"https:\/\/www.europesays.com\/fr\/212563\/"},"modified":"2025-06-29T05:22:12","modified_gmt":"2025-06-29T05:22:12","slug":"elle-ne-cause-que-des-problemes-angelina-jolie-et-brad-pitt-de-nouveau-en-proces-les-fans-brangelina-ont-tranche","status":"publish","type":"post","link":"https:\/\/www.europesays.com\/fr\/212563\/","title":{"rendered":"\u00ab\u00a0Elle ne cause que des probl\u00e8mes\u00a0\u00bb : Angelina Jolie et Brad Pitt de nouveau en proc\u00e8s, les fans Brangelina ont tranch\u00e9"},"content":{"rendered":"<p>            <img loading=\"lazy\" decoding=\"async\" src=\"https:\/\/www.europesays.com\/fr\/wp-content\/uploads\/2025\/04\/ae90bbc93f5799f5-35x35-1.png\" class=\"author-article-picture\" width=\"35\" height=\"35\"\/><\/p>\n<p>                Par<br \/>\n                                    JVT<br \/>\n                                                    | Editor<\/p>\n<p>\n                R\u00e9dactrice depuis de nombreuses ann\u00e9es, je suis fid\u00e8le \u00e0 la pop culture et \u00e0 Taylor Swift.\n            <\/p>\n<p>\n    Rien ne va plus entre Brad Pitt et Angelina Jolie. Neuf ans apr\u00e8s leur rupture et des ann\u00e9es de bataille judiciaire, les ex de Hollywood s\u2019affrontent de nouveau, cette fois pour leur c\u00e9l\u00e8bre domaine viticole fran\u00e7ais. Et les fans, eux, ont d\u00e9j\u00e0 choisi leur camp\u2026\n<\/p>\n<p>                            <img loading=\"lazy\" decoding=\"async\" class=\"player-thumbnail\" src=\"https:\/\/www.europesays.com\/fr\/wp-content\/uploads\/2025\/06\/e3f1f251b503deb7-580x326-2.jpg\" width=\"580\" height=\"326\"\/><\/p>\n<p>                    \u00ab\u00a0Elle ne cause que des probl\u00e8mes\u00a0\u00bb : Angelina Jolie et Brad Pitt de nouveau en proc\u00e8s, les fans Brangelina ont tranch\u00e9<\/p>\n<p>La suite apr\u00e8s la publicit\u00e9<\/p>\n<p>Un nouveau chapitre dans la saga Brangelina<\/p>\n<p>S\u2019il a un temps fait r\u00eaver, le couple Brangelina se d\u00e9chire depuis maintenant de nombreuses ann\u00e9es ! Le duo le plus c\u00e9l\u00e8bre de Hollywood s\u2019affronte une nouvelle fois devant la justice : selon les informations de <strong>US Weekly<\/strong>, les ex-\u00e9poux se pr\u00e9parent \u00e0 un nouveau proc\u00e8s, cette fois autour de la vente du ch\u00e2teau de Miraval, le vignoble varois qu\u2019ils avaient achet\u00e9 en 2008.\u00a0L\u2019actrice aurait vendu ses parts sans consulter Brad Pitt, une d\u00e9cision qui ne passe pas du c\u00f4t\u00e9 de l\u2019acteur.<\/p>\n<p>De son c\u00f4t\u00e9, Angelina Jolie affirme avoir propos\u00e9 \u00e0 Brad Pitt de racheter ses parts, mais qu\u2019il a refus\u00e9 en cherchant \u00e0 la faire taire via un NDA, pour taire des accusations de maltraitance.<\/p>\n<p>Petit rappel des faits : en 2021, Angelina a vendu ses parts dans la soci\u00e9t\u00e9 Tenute del Mondo \u00e0 un oligarque russe, Yuri Shefler. Une vente que Brad Pitt consid\u00e8re comme ill\u00e9gitime, estimant qu\u2019ils s\u2019\u00e9taient mis d\u2019accord pour ne jamais vendre sans l\u2019accord de l\u2019autre. Pour lui, cette vente est un \u00ab\u00a0coup mont\u00e9\u00a0\u00bb visant \u00e0 nuire \u00e0 sa r\u00e9putation et \u00e0 son investissement dans Miraval, devenu l\u2019un des ros\u00e9s les plus cot\u00e9s au monde.<\/p>\n<p><strong>A lire aussi : <\/strong><a href=\"https:\/\/www.terrafemina.com\/article\/sortir-avec-un-mec-qui-a-maltraite-son-ex-femme-brad-pitt-scandalise-sa-nouvelle-copine-de-30-ans-sa-cadette-critiquee-par-les-internautes_a375881\/1\" rel=\"nofollow noopener\" target=\"_blank\"><strong>\u00ab\u00a0Sortir avec un mec qui a maltrait\u00e9 son ex-femme&#8230;\u00a0\u00bb : Brad Pitt scandalise, sa nouvelle copine de 30 ans sa cadette critiqu\u00e9e par les internautes<\/strong><\/a><\/p>\n<p>Angelina ou Brad ? Les fans ont tranch\u00e9<\/p>\n<p>Une situation d\u00e9j\u00e0 bien compliqu\u00e9e, \u00e0 laquelle les fans ont d\u00e9cid\u00e9 de prendre part. Sur les r\u00e9seaux sociaux, la majorit\u00e9 semble avoir pris position. Sur Instagram comme sur X, les messages de soutien \u00e0 Brad Pitt pleuvent : \u00ab\u00a0Tant mieux pour lui, j\u2019esp\u00e8re qu\u2019il gagnera\u00a0\u00bb, \u00ab\u00a0Team Brad\u00a0\u00bb, \u00ab\u00a0On veut le proc\u00e8s en live !\u00a0\u00bb, peut-on lire dans les commentaires.\u00a0<br \/>D\u2019autres internautes sont encore plus directs : \u00ab\u00a0Angelina n\u2019apporte que des probl\u00e8mes \u00e0 Brad\u00a0\u00bb, ou encore \u00ab\u00a0Elle va tellement perdre !\u00a0\u00bb<\/p>\n<p>Ce nouveau face-\u00e0-face intervient apr\u00e8s un divorce sur-m\u00e9diatis\u00e9, d\u00e9but\u00e9 en 2016 et act\u00e9 fin 2024, notamment apr\u00e8s des accusations de violence verbale. Entre le divorce et le proc\u00e8s du vignoble, difficile pour eux de tourner la page !<\/p>\n<p><strong>A lire aussi : <\/strong><a href=\"https:\/\/www.terrafemina.com\/article\/angelina-nous-manque-brad-pitt-suscite-le-malaise-avec-sa-nouvelle-copine-dans-cette-sequence-derangeante_a375933\/1\" rel=\"nofollow noopener\" target=\"_blank\"><strong>\u00ab\u00a0Angelina nous manque\u00a0\u00bb : Brad Pitt suscite le malaise avec sa nouvelle copine dans cette s\u00e9quence \u00ab\u00a0d\u00e9rangeante\u00a0\u00bb<\/strong><\/a><\/p>\n<p>Cerise sur le g\u00e2teau, le domaine viticole de Miraval, a longtemps symbolis\u00e9 l\u2019amour du couple, qui s\u2019y \u00e9tait mari\u00e9 en 2014.<\/p>\n","protected":false},"excerpt":{"rendered":"Par JVT | Editor R\u00e9dactrice depuis de nombreuses ann\u00e9es, je suis fid\u00e8le \u00e0 la pop culture et \u00e0&hellip;\n","protected":false},"author":2,"featured_media":212564,"comment_status":"","ping_status":"","sticky":false,"template":"","format":"standard","meta":{"footnotes":""},"categories":[7],"tags":[1011,27,43,40,41,39,42,44],"class_list":{"0":"post-212563","1":"post","2":"type-post","3":"status-publish","4":"format-standard","5":"has-post-thumbnail","7":"category-sciences-et-technologies","8":"tag-fr","9":"tag-france","10":"tag-science","11":"tag-science-and-technology","12":"tag-sciences","13":"tag-sciences-et-technologies","14":"tag-technologies","15":"tag-technology"},"share_on_mastodon":{"url":"https:\/\/pubeurope.com\/@fr\/114764982029142652","error":""},"_links":{"self":[{"href":"https:\/\/www.europesays.com\/fr\/wp-json\/wp\/v2\/posts\/212563","targetHints":{"allow":["GET"]}}],"collection":[{"href":"https:\/\/www.europesays.com\/fr\/wp-json\/wp\/v2\/posts"}],"about":[{"href":"https:\/\/www.europesays.com\/fr\/wp-json\/wp\/v2\/types\/post"}],"author":[{"embeddable":true,"href":"https:\/\/www.europesays.com\/fr\/wp-json\/wp\/v2\/users\/2"}],"replies":[{"embeddable":true,"href":"https:\/\/www.europesays.com\/fr\/wp-json\/wp\/v2\/comments?post=212563"}],"version-history":[{"count":0,"href":"https:\/\/www.europesays.com\/fr\/wp-json\/wp\/v2\/posts\/212563\/revisions"}],"wp:featuredmedia":[{"embeddable":true,"href":"https:\/\/www.europesays.com\/fr\/wp-json\/wp\/v2\/media\/212564"}],"wp:attachment":[{"href":"https:\/\/www.europesays.com\/fr\/wp-json\/wp\/v2\/media?parent=212563"}],"wp:term":[{"taxonomy":"category","embeddable":true,"href":"https:\/\/www.europesays.com\/fr\/wp-json\/wp\/v2\/categories?post=212563"},{"taxonomy":"post_tag","embeddable":true,"href":"https:\/\/www.europesays.com\/fr\/wp-json\/wp\/v2\/tags?post=212563"}],"curies":[{"name":"wp","href":"https:\/\/api.w.org\/{rel}","templated":true}]}}