{"id":212567,"date":"2025-06-29T05:24:10","date_gmt":"2025-06-29T05:24:10","guid":{"rendered":"https:\/\/www.europesays.com\/fr\/212567\/"},"modified":"2025-06-29T05:24:10","modified_gmt":"2025-06-29T05:24:10","slug":"nouvelle-alerte-de-laiea-sur-la-capacite-de-liran-a-enrichir-de-luranium","status":"publish","type":"post","link":"https:\/\/www.europesays.com\/fr\/212567\/","title":{"rendered":"Nouvelle alerte de l\u2019AIEA sur la capacit\u00e9 de l\u2019Iran \u00e0 enrichir de l\u2019uranium"},"content":{"rendered":"<p>Les frappes am\u00e9ricaines et isra\u00e9liennes sur l\u2019<a href=\"https:\/\/www.20minutes.fr\/monde\/iran\/\" target=\"_blank\" class=\"color-ultramarine c-link\" rel=\"nofollow noopener\">Iran<\/a> n\u2019auront pas lev\u00e9 les craintes de Rafael Grossi. Dans une interview \u00e0 la cha\u00eene am\u00e9ricaine CBS, le patron de l\u2019Agence internationale de l\u2019\u00e9nergie atomique (<a href=\"https:\/\/www.20minutes.fr\/monde\/aiea\/\" target=\"_blank\" class=\"color-ultramarine c-link\" rel=\"nofollow noopener\">AIEA<\/a>) alerte car, selon lui, T\u00e9h\u00e9ran dispose des capacit\u00e9s techniques pour recommencer \u00e0 enrichir de l\u2019uranium d\u2019ici \u00ab\u00a0quelques mois\u00a0\u00bb.<\/p>\n<p>Pr\u00e8s d\u2019une semaine apr\u00e8s les bombardements am\u00e9ricains sur les sites nucl\u00e9aires de Fordo, Natanz et Ispahan, tous s\u2019accordent, m\u00eame l\u2019Iran, \u00e0 dire que ces centrales ont \u00e9t\u00e9 consid\u00e9rablement endommag\u00e9es, mais des questions demeurent sur l\u2019efficacit\u00e9 r\u00e9elle de ces frappes.<\/p>\n<p>Des \u00ab\u00a0dommages importants, mais pas complets\u00a0\u00bb<\/p>\n<p><a href=\"https:\/\/www.20minutes.fr\/dossier\/donald_trump\" target=\"_blank\" class=\"color-ultramarine c-link\" rel=\"nofollow noopener\">Donald Trump<\/a> a pour sa part martel\u00e9 que le <a href=\"https:\/\/www.20minutes.fr\/dossier\/programme_nucleaire_iranien\" target=\"_blank\" class=\"color-ultramarine c-link\" rel=\"nofollow noopener\">programme nucl\u00e9aire iranien<\/a> avait \u00e9t\u00e9 retard\u00e9 de \u00ab\u00a0plusieurs d\u00e9cennies\u00a0\u00bb. Mais Rafael Grossi n\u2019est lui pas aussi cat\u00e9gorique. \u00ab\u00a0Il y a eu des dommages importants, mais pas complets [\u2026] Ils peuvent avoir vous savez, en quelques mois je dirais, des centrifugeuses en action pour produire de l\u2019uranium enrichi\u00a0\u00bb, a-t-il ainsi d\u00e9clar\u00e9 dans une interview qui sera diffus\u00e9e dimanche.<\/p>\n<\/p>\n<p>Autre enjeu cl\u00e9\u00a0: le sort des stocks de plus de 400\u00a0kg d\u2019uranium enrichi \u00e0 60\u00a0%, qui pourraient servir en th\u00e9orie \u00e0 fabriquer plus de neuf bombes atomiques si le taux \u00e9tait port\u00e9 \u00e0 90\u00a0%. Dans une interview qui sera aussi diffus\u00e9e ce dimanche sur la cha\u00eene am\u00e9ricaine Fox News, dans le programme \u00ab\u00a0Sunday Morning Futures\u00a0\u00bb, le pr\u00e9sident am\u00e9ricain a assur\u00e9 que les stocks d\u2019uranium iraniens n\u2019avaient pas \u00e9t\u00e9 d\u00e9plac\u00e9s avant les frappes am\u00e9ricaines\u00a0: \u00ab\u00a0C\u2019est une chose tr\u00e8s difficile \u00e0 faire et nous n\u2019avons pas pr\u00e9venu (avant de bombarder)\u00a0\u00bb. \u00ab\u00a0Ils n\u2019ont rien boug\u00e9.\u00a0\u00bb<\/p>\n<p>L\u2019AIEA non grata en Iran<\/p>\n<p>Mais les inspecteurs de l\u2019AIEA n\u2019ont pas vu ces r\u00e9serves depuis le 10\u00a0juin, d\u2019o\u00f9 les demandes de l\u2019agence onusienne pour acc\u00e9der aux sites et au stock iraniens. Or <a href=\"https:\/\/www.20minutes.fr\/monde\/israel\/4160458-20250626-iran-teheran-veut-plus-voir-aiea-enqueter-sol-agence-nucleaire-insurge\" target=\"_blank\" class=\"color-ultramarine c-link\" rel=\"nofollow noopener\">le Parlement iranien a vot\u00e9 en faveur d\u2019une suspension de la coop\u00e9ration avec l\u2019AIEA<\/a> et le Conseil des Gardiens, en charge d\u2019examiner la l\u00e9gislation en Iran, a approuv\u00e9 jeudi le texte de loi, qui doit \u00eatre transmis \u00e0 la pr\u00e9sidence pour sa ratification. \u00ab\u00a0Un trait\u00e9 international doit, bien entendu, avoir pr\u00e9s\u00e9ance. Vous ne pouvez pas invoquer une loi nationale pour ne pas respecter un trait\u00e9 international\u00a0\u00bb, a rappel\u00e9 Rafael Grossi.<\/p>\n<p><a href=\"https:\/\/www.20minutes.fr\/monde\/guerre-israel-iran\/\" target=\"_blank\" class=\"c-link c-btn c-btn--primary\" rel=\"nofollow noopener\">Notre dossier sur la Guerre Isra\u00ebl\u2011Iran<\/a><\/p>\n<p>La diplomatie iranienne reproche \u00e0 l\u2019agence onusienne d\u2019avoir adopt\u00e9 le 12\u00a0juin une r\u00e9solution accusant l\u2019Iran de non-respect de ses obligations nucl\u00e9aires. T\u00e9h\u00e9ran consid\u00e8re d\u2019ailleurs que cette d\u00e9cision a servi d&rsquo;\u00ab\u00a0excuse\u00a0\u00bb \u00e0 Isra\u00ebl et aux Etats-Unis pour attaquer ses sites nucl\u00e9aires. \u00ab\u00a0Qui peut vraiment croire que ce conflit s\u2019est produit \u00e0 cause d\u2019un rapport de l\u2019AIEA\u00a0? Il n\u2019y avait rien de nouveau dans ce rapport [\u2026] il est peut-\u00eatre facile de bl\u00e2mer une organisation internationale ou un directeur g\u00e9n\u00e9ral, je ne sais pas, mais ce n\u2019est pas raisonnable\u00a0\u00bb, s\u2019est, sur ce point, d\u00e9fendu Rafael Grossi.<\/p>\n","protected":false},"excerpt":{"rendered":"Les frappes am\u00e9ricaines et isra\u00e9liennes sur l\u2019Iran n\u2019auront pas lev\u00e9 les craintes de Rafael Grossi. Dans une interview&hellip;\n","protected":false},"author":2,"featured_media":212568,"comment_status":"","ping_status":"","sticky":false,"template":"","format":"standard","meta":{"footnotes":""},"categories":[5],"tags":[47,11,10733,952,75,73,1011,27,32810,14,3019,664,74,12,3020,10458,133,28],"class_list":{"0":"post-212567","1":"post","2":"type-post","3":"status-publish","4":"format-standard","5":"has-post-thumbnail","7":"category-international","8":"tag-actualite","9":"tag-actualites","10":"tag-aiea","11":"tag-benyamin-netanyahou","12":"tag-donald-trump","13":"tag-etats-unis","14":"tag-fr","15":"tag-france","16":"tag-guerre-israeliran","17":"tag-international","18":"tag-iran","19":"tag-israel","20":"tag-monde","21":"tag-news","22":"tag-nucleaire-iranien","23":"tag-programme-nucleaire-iranien","24":"tag-video","25":"tag-world"},"share_on_mastodon":{"url":"https:\/\/pubeurope.com\/@fr\/114764989844380485","error":""},"_links":{"self":[{"href":"https:\/\/www.europesays.com\/fr\/wp-json\/wp\/v2\/posts\/212567","targetHints":{"allow":["GET"]}}],"collection":[{"href":"https:\/\/www.europesays.com\/fr\/wp-json\/wp\/v2\/posts"}],"about":[{"href":"https:\/\/www.europesays.com\/fr\/wp-json\/wp\/v2\/types\/post"}],"author":[{"embeddable":true,"href":"https:\/\/www.europesays.com\/fr\/wp-json\/wp\/v2\/users\/2"}],"replies":[{"embeddable":true,"href":"https:\/\/www.europesays.com\/fr\/wp-json\/wp\/v2\/comments?post=212567"}],"version-history":[{"count":0,"href":"https:\/\/www.europesays.com\/fr\/wp-json\/wp\/v2\/posts\/212567\/revisions"}],"wp:featuredmedia":[{"embeddable":true,"href":"https:\/\/www.europesays.com\/fr\/wp-json\/wp\/v2\/media\/212568"}],"wp:attachment":[{"href":"https:\/\/www.europesays.com\/fr\/wp-json\/wp\/v2\/media?parent=212567"}],"wp:term":[{"taxonomy":"category","embeddable":true,"href":"https:\/\/www.europesays.com\/fr\/wp-json\/wp\/v2\/categories?post=212567"},{"taxonomy":"post_tag","embeddable":true,"href":"https:\/\/www.europesays.com\/fr\/wp-json\/wp\/v2\/tags?post=212567"}],"curies":[{"name":"wp","href":"https:\/\/api.w.org\/{rel}","templated":true}]}}