{"id":212571,"date":"2025-06-29T05:26:26","date_gmt":"2025-06-29T05:26:26","guid":{"rendered":"https:\/\/www.europesays.com\/fr\/212571\/"},"modified":"2025-06-29T05:26:26","modified_gmt":"2025-06-29T05:26:26","slug":"marine-le-pen-exhorte-son-groupe-a-se-preparer-a-une-possible-dissolution","status":"publish","type":"post","link":"https:\/\/www.europesays.com\/fr\/212571\/","title":{"rendered":"Marine Le\u00a0Pen exhorte son groupe \u00e0 se pr\u00e9parer \u00e0 une possible dissolution"},"content":{"rendered":"<p> \u00abIl serait assez dangereux, je crois, de se convaincre qu\u2019il n\u2019y aura pas de <a href=\"https:\/\/www.20minutes.fr\/dossier\/dissolution\" class=\"color-ultramarine c-link\" target=\"_blank\" rel=\"noopener\">dissolution\u00a0<\/a>\u00bb, a lanc\u00e9 la cheffe de file du <a href=\"https:\/\/www.20minutes.fr\/politique\/rassemblement-national\/\" class=\"color-ultramarine c-link\" target=\"_blank\" rel=\"noopener\">RN<\/a>, en ouvrant \u00e0 l\u2019Assembl\u00e9e une \u00ab\u00a0convention de l\u2019Union nationale\u00a0\u00bb, r\u00e9unissant des parlementaires nationaux et europ\u00e9ens de l\u2019alliance RN-UDR, presque un an jour pour jour apr\u00e8s le premier tour des derni\u00e8res l\u00e9gislatives.<\/p>\n<p>\u00ab\u00a0Ne procrastinez pas\u00a0!\u00a0\u00bb\u00a0: <a href=\"https:\/\/www.20minutes.fr\/politique\/marine-le-pen\/\" class=\"color-ultramarine c-link\" target=\"_blank\" rel=\"noopener\">Marine Le\u00a0Pen<\/a> a appel\u00e9, ce samedi 28\u00a0juin, les parlementaires RN \u00e0 se pr\u00e9parer aux prochaines batailles \u00e9lectorales, y compris \u00e0 la possibilit\u00e9 d\u2019une dissolution de l\u2019<a href=\"https:\/\/www.20minutes.fr\/dossier\/assemblee_nationale\" class=\"color-ultramarine c-link\" target=\"_blank\" rel=\"noopener\">Assembl\u00e9e nationale<\/a> en r\u00e9ponse \u00ab\u00a0\u00e0 l\u2019affaissement parlementaire\u00a0\u00bb du gouvernement.<\/p>\n<p>La pr\u00e9sidente du groupe RN \u00e0 l\u2019Assembl\u00e9e a revendiqu\u00e9 une \u00ab\u00a0victoire strat\u00e9gique\u00a0\u00bb, avec la \u00ab\u00a0dislocation du bloc central\u00a0\u00bb r\u00e9unissant les groupes de l\u2019ancienne majorit\u00e9 (Renaissance-MoDem-Horizons) et LR, qui \u00ab\u00a0ne semble plus ob\u00e9ir \u00e0 aucune direction\u00a0\u00bb selon elle.<\/p>\n<p>Un affaiblissement parlementaire Macron &#8211; Bayrou\u00a0?<\/p>\n<p><a href=\"https:\/\/www.20minutes.fr\/dossier\/eric_ciotti\" class=\"color-ultramarine c-link\" target=\"_blank\" rel=\"noopener\">\u00c9ric Ciotti<\/a>, patron de l\u2019UDR (Union des droites pour la R\u00e9publique), a lui lanc\u00e9 un appel aux \u00e9lecteurs et militants de son ancien parti LR\u00a0: \u00ab\u00a0rejoignez-nous, l\u2019espoir, il est l\u00e0, le courage, il est l\u00e0\u00a0\u00bb.<\/p>\n<p>Brandissant \u00ab\u00a0l\u2019affaissement parlementaire\u00a0\u00bb du bin\u00f4me ex\u00e9cutif Emmanuel Macron &#8211; <a href=\"https:\/\/www.20minutes.fr\/politique\/francois_bayrou\/\" class=\"color-ultramarine c-link\" target=\"_blank\" rel=\"noopener\">Fran\u00e7ois Bayrou<\/a>, la patronne de l\u2019extr\u00eame droite a estim\u00e9 que \u00ab\u00a0le bloc central [\u2026] ne peut pas longtemps laisser ce ph\u00e9nom\u00e8ne de d\u00e9litement se prolonger\u00a0\u00bb.<\/p>\n<p>\u00ab\u00a0Alors Emmanuel Macron peut \u00eatre tent\u00e9 de dissoudre\u00a0\u00bb, a ajout\u00e9 Mme Le Pen, qui \u00e0 ce stade serait emp\u00each\u00e9e de concourir aux l\u00e9gislatives en attendant son proc\u00e8s en appel dans l\u2019affaire des assistants d\u2019eurod\u00e9put\u00e9s FN, pour laquelle elle a \u00e9t\u00e9 condamn\u00e9e en premi\u00e8re instance \u00e0 une peine d\u2019in\u00e9ligibilit\u00e9 imm\u00e9diate.<\/p>\n<p>\u00c9voquant une \u00ab\u00a0possibilit\u00e9, pas une probabilit\u00e9\u00a0\u00bb, \u00e0 l\u2019approche de la date du 8\u00a0juillet \u00e0 laquelle <a href=\"https:\/\/www.20minutes.fr\/politique\/emmanuel-macron\/\" class=\"color-ultramarine c-link\" target=\"_blank\" rel=\"noopener\">Emmanuel Macron<\/a> r\u00e9cup\u00e9rera son pouvoir de dissolution, elle a pr\u00e9venu que \u00ab\u00a0l\u2019histoire ne repassera pas les plats\u00a0: s\u2019il y a une dissolution [\u2026] nous devons l\u2019emporter\u00a0\u00bb.<\/p>\n<p>\u00ab\u00a0Ce gouvernement ne vivra pas tr\u00e8s longtemps\u00a0\u00bb<\/p>\n<p>La patronne de l\u2019extr\u00eame droite a aussi exhort\u00e9 les parlementaires \u00e0 plancher d\u00e8s maintenant sur les \u00e9lections municipales de\u00a02026. L\u2019exercice sera \u00ab\u00a0d\u00e9terminant pour le mouvement, mais aussi concr\u00e8tement pour votre r\u00e9\u00e9lection dans vos circonscriptions respectives\u00a0\u00bb.<\/p>\n<p>\u00ab\u00a0On est tous d\u2019accord pour se dire que ce gouvernement ne vivra pas tr\u00e8s longtemps [\u2026] parce qu\u2019il est frapp\u00e9 du sceau de l\u2019impuissance\u00a0\u00bb, a ajout\u00e9 le pr\u00e9sident du RN <a href=\"https:\/\/www.20minutes.fr\/politique\/jordan-bardella\/\" class=\"color-ultramarine c-link\" target=\"_blank\" rel=\"noopener\">Jordan Bardella<\/a>, avant l\u2019ouverture de cette convention, \u00e0 la fois anniversaire de l\u2019alliance RN-UDR, et journ\u00e9e de conf\u00e9rences avec des invit\u00e9s.<\/p>\n<p>Selon une source au groupe, les parlementaires devraient \u00e9changer notamment avec Andr\u00e9 Merlin, ing\u00e9nieur et industriel ancien patron de RTE, Fran\u00e7ois Ecalle, ancien haut fonctionnaire de <a href=\"https:\/\/www.20minutes.fr\/dossier\/bercy\" class=\"color-ultramarine c-link\" target=\"_blank\" rel=\"noopener\">Bercy<\/a> sp\u00e9cialiste des finances publiques, le haut fonctionnaire Christophe Eoche-Duval, sur le sujet de la simplification ou encore l\u2019essayiste St\u00e9phane Roz\u00e8s.<\/p>\n","protected":false},"excerpt":{"rendered":"\u00abIl serait assez dangereux, je crois, de se convaincre qu\u2019il n\u2019y aura pas de dissolution\u00a0\u00bb, a lanc\u00e9 la&hellip;\n","protected":false},"author":2,"featured_media":212572,"comment_status":"","ping_status":"","sticky":false,"template":"","format":"standard","meta":{"footnotes":""},"categories":[2],"tags":[47,11,416,13281,1011,27,431,1077,430,12,316],"class_list":{"0":"post-212571","1":"post","2":"type-post","3":"status-publish","4":"format-standard","5":"has-post-thumbnail","7":"category-actualites","8":"tag-actualite","9":"tag-actualites","10":"tag-assemblee-nationale","11":"tag-dissolution-de-lassemblee-nationale","12":"tag-fr","13":"tag-france","14":"tag-francois-bayrou","15":"tag-jordan-bardella","16":"tag-marine-le-pen","17":"tag-news","18":"tag-politique"},"share_on_mastodon":{"url":"https:\/\/pubeurope.com\/@fr\/114764997145463345","error":""},"_links":{"self":[{"href":"https:\/\/www.europesays.com\/fr\/wp-json\/wp\/v2\/posts\/212571","targetHints":{"allow":["GET"]}}],"collection":[{"href":"https:\/\/www.europesays.com\/fr\/wp-json\/wp\/v2\/posts"}],"about":[{"href":"https:\/\/www.europesays.com\/fr\/wp-json\/wp\/v2\/types\/post"}],"author":[{"embeddable":true,"href":"https:\/\/www.europesays.com\/fr\/wp-json\/wp\/v2\/users\/2"}],"replies":[{"embeddable":true,"href":"https:\/\/www.europesays.com\/fr\/wp-json\/wp\/v2\/comments?post=212571"}],"version-history":[{"count":0,"href":"https:\/\/www.europesays.com\/fr\/wp-json\/wp\/v2\/posts\/212571\/revisions"}],"wp:featuredmedia":[{"embeddable":true,"href":"https:\/\/www.europesays.com\/fr\/wp-json\/wp\/v2\/media\/212572"}],"wp:attachment":[{"href":"https:\/\/www.europesays.com\/fr\/wp-json\/wp\/v2\/media?parent=212571"}],"wp:term":[{"taxonomy":"category","embeddable":true,"href":"https:\/\/www.europesays.com\/fr\/wp-json\/wp\/v2\/categories?post=212571"},{"taxonomy":"post_tag","embeddable":true,"href":"https:\/\/www.europesays.com\/fr\/wp-json\/wp\/v2\/tags?post=212571"}],"curies":[{"name":"wp","href":"https:\/\/api.w.org\/{rel}","templated":true}]}}