{"id":212575,"date":"2025-06-29T05:28:11","date_gmt":"2025-06-29T05:28:11","guid":{"rendered":"https:\/\/www.europesays.com\/fr\/212575\/"},"modified":"2025-06-29T05:28:11","modified_gmt":"2025-06-29T05:28:11","slug":"cartes-interactives-lyon-saint-etienne-roanne-ou-sont-localises-les-ilots-de-chaleur-urbains","status":"publish","type":"post","link":"https:\/\/www.europesays.com\/fr\/212575\/","title":{"rendered":"Cartes interactives. Lyon, Saint-\u00c9tienne, Roanne\u2026 O\u00f9 sont localis\u00e9s les \u00eelots de chaleur urbains ?"},"content":{"rendered":"<p>Votre quartier est-il vuln\u00e9rable face aux fortes chaleurs ? Ce que l\u2019on appelle plus g\u00e9n\u00e9ralement un \u00eelot de chaleur urbain (ICU) se caract\u00e9rise par \u00ab\u00a0des temp\u00e9ratures plus \u00e9lev\u00e9es en milieu urbain que dans les zones rurales environnantes\u00a0\u00bb, selon M\u00e9t\u00e9o France.<\/p>\n<p>Parmi les principaux facteurs de cette surchauffe urbaine, les activit\u00e9s humaines plus importantes et concentr\u00e9es dans les villes,\u00a0la min\u00e9ralisation des espaces publics, l\u2019occupation des sols\u00a0ou encore le stockage de la chaleur par les mat\u00e9riaux urbains.<\/p>\n<p>  Lyon et Saint-\u00c9tienne parmi les 10 villes les plus expos\u00e9es<\/p>\n<p>Le ph\u00e9nom\u00e8ne de surchauffe urbaine se caract\u00e9rise par des temp\u00e9ratures plus \u00e9lev\u00e9es en ville que dans les campagnes environnantes, en particulier la nuit et pendant les \u00e9pisodes de canicule, avec des cons\u00e9quences sur la sant\u00e9.<\/p>\n<p>Selon M\u00e9t\u00e9o France, les dix villes les plus expos\u00e9es \u00e0 ce ph\u00e9nom\u00e8ne sont Paris, Grenoble, Lille, Clermont-Ferrand, Lyon, Reims, Mulhouse, Bordeaux, Belfort et Saint-\u00c9tienne.\u00a0<\/p>\n<p>Ainsi \u00e0 Lyon, apr\u00e8s une \u00ab\u00a0journ\u00e9e d\u2019\u00e9t\u00e9 bien ensoleill\u00e9e\u00a0\u00bb, le thermom\u00e8tre affiche\u00a0+ 4,5\u00b0C en ville par rapport aux zones rurales voisines. A Saint-\u00c9tienne, cette diff\u00e9rence de temp\u00e9rature est\u00a0de +4\u00b0C.<\/p>\n<p class=\"note\"><a href=\"https:\/\/meteofrance.fr\/sites\/meteofrance.fr\/files\/files\/editorial\/DossierDePresse_Chaleur_En_Ville_2024.pdf\" target=\"_blank\" rel=\"noopener\">M\u00e9t\u00e9o France : Climadiag &#8211; Chaleur en ville<\/a><\/p>\n<p>  15% \u00e0 30% de chaleur stock\u00e9e en plus en ville<\/p>\n<p>Selon les donn\u00e9es publi\u00e9es par le Cerema le 21 mai dernier,\u00a0plus de 5 millions de personnes sont potentiellement expos\u00e9es \u00e0 ces \u00eelots\u00a0en France m\u00e9tropolitaine.<\/p>\n<p>Face \u00e0 la densification urbaine et au r\u00e9chauffement climatique, ce ph\u00e9nom\u00e8ne prend de l\u2019ampleur, particuli\u00e8rement la nuit.<\/p>\n<p>En cause notamment, les mat\u00e9riaux urbains (surfaces des b\u00e2timents compacts et denses et chauss\u00e9es) qui stockent la chaleur en journ\u00e9e, entre 15 et 30% de plus que dans les zones moins denses. Une chaleur qui est ensuite lib\u00e9r\u00e9e la nuit.<\/p>\n<p class=\"note\"><a href=\"https:\/\/www.leprogres.fr\/meteo\/previsions-detaillees\" target=\"_blank\" rel=\"noopener\">M\u00e9t\u00e9o : nos pr\u00e9visions d\u00e9taill\u00e9es<\/a><\/p>\n<p>  Quelles solutions pour les communes ?<\/p>\n<p>M\u00e9t\u00e9o France accompagne les municipalit\u00e9s pour lutter contre ces \u00eelots de chaleur : \u00abIl existe plusieurs solutions d\u2019am\u00e9nagement d\u2019espace public, de construction, de r\u00e9novation de b\u00e2timents et d\u2019adaptation de comportements pour diminuer la surchauffe en ville\u00bb, explique l&rsquo;organisme\u00a0:\u00a0<br \/><strong>\u2022 Les solutions vertes<\/strong>, fond\u00e9es sur la nature (v\u00e9g\u00e9talisation, cr\u00e9ation de plan d\u2019eau\u2026)<br \/><strong>\u2022 Les solutions grises<\/strong>, relatives aux infrastructures urbaines (rev\u00eatements, mobilier urbain, b\u00e2timents).<br \/><strong>\u2022 Les solutions douces<\/strong>, agissant sur les usages et pratiques de la ville (r\u00e9duction du trafic routier et des moteurs thermiques, limitation de la climatisation\u2026)\u00bb<\/p>\n<p>  \u00c2g\u00e9es, jeunes, pauvres\u2026 Des populations plus fragiles<\/p>\n<p>\u00abEn p\u00e9riode de canicule, le ph\u00e9nom\u00e8ne de surchauffe urbaine accentue l\u2019impact des vagues de chaleur sur les populations, les infrastructures des villes mais \u00e9galement la biodiversit\u00e9. Certaines personnes sont davantage vuln\u00e9rables face aux \u00eelots de chaleur urbains, telles que les personnes \u00e2g\u00e9es, les jeunes enfants et les personnes en situation de pauvret\u00e9. Dans un contexte d\u2019urbanisation croissante, l\u2019effet d\u2019ICU constitue un v\u00e9ritable risque pour les territoires\u00bb, alerte le Cerema.<\/p>\n<p>Confort thermique des habitants : l&rsquo;humidit\u00e9 aggrave le ressenti<\/p>\n<p>\u00abCes nuits chaudes emp\u00eachent les organismes (d\u00e9j\u00e0 \u00e9prouv\u00e9s en journ\u00e9e lors des \u00e9pisodes caniculaires) de se reposer et de se r\u00e9g\u00e9n\u00e9rer pendant le sommeil\u00bb, pr\u00e9cise M\u00e9t\u00e9o France.<\/p>\n<p>\u00abLe confort thermique des habitants est \u00e9valu\u00e9 avec des indices permettant d\u2019\u00e9valuer la temp\u00e9rature ressentie par un individu. Cette derni\u00e8re d\u00e9pend de la temp\u00e9rature de l\u2019air observ\u00e9e, du vent, du rayonnement et de l\u2019humidit\u00e9. Dans des conditions chaudes, le corps doit lib\u00e9rer de la chaleur pour maintenir un \u00e9quilibre thermique. L\u2019effet de refroidissement est d\u00fb \u00e0 l\u2019\u00e9vaporation de la sueur par la peau. Une humidit\u00e9 \u00e9lev\u00e9e, par exemple, r\u00e9duit l\u2019efficacit\u00e9 de l\u2019\u00e9vaporation de fa\u00e7on significative et affecte ainsi le confort thermique.\u00bb<\/p>\n<p class=\"insetTitle\">M\u00e9thodologie des donn\u00e9es sur la surchauffe urbaine du Cerema<\/p>\n<p>Cette cartographie nationale des<strong>\u00a0<\/strong>zones climatiques locales (LCZ)\u00a0est publi\u00e9e par le Cerema et le minist\u00e8re de la Transition \u00e9cologique. Ces informations sont disponibles pour 88 aires urbaines de plus de 50 000 habitants\u00a0(soit 44 millions d&rsquo;habitants dans 12\u00a0000 communes)\u00a0avec comme finalit\u00e9, une aide pour les collectivit\u00e9s face \u00e0 la surchauffe urbaine.<\/p>\n<p>D\u2019o\u00f9 viennent ces donn\u00e9es ?<\/p>\n<p>Ces donn\u00e9es proviennent\u00a0d\u2019images satellites \u00e0 tr\u00e8s haute r\u00e9solution spatiale. Pour analyser ces images, une m\u00e9thode scientifique document\u00e9e est mise en place : les zones climatiques locales (LCZ). Elle se base sur diff\u00e9rents indicateurs en lien avec l&rsquo;intensification de l&rsquo;\u00eelot de chaleur:\u00a0l&rsquo;occupation du sol, la pr\u00e9sence de v\u00e9g\u00e9tation et d\u2019eau, l&rsquo;implantation et la hauteur des b\u00e2timents.<\/p>\n<p>Cette technique permet de\u00a0classer chaque quartier\/\u00eelot d\u2019une ville en 17 cat\u00e9gories\u00a0selon son exposition \u00e0 la surchauffe urbaine (ensemble de tours, ensemble de maisons, sol imperm\u00e9able, espaces arbor\u00e9s, etc.)<\/p>\n","protected":false},"excerpt":{"rendered":"Votre quartier est-il vuln\u00e9rable face aux fortes chaleurs ? Ce que l\u2019on appelle plus g\u00e9n\u00e9ralement un \u00eelot de&hellip;\n","protected":false},"author":2,"featured_media":212576,"comment_status":"","ping_status":"","sticky":false,"template":"","format":"standard","meta":{"footnotes":""},"categories":[9653],"tags":[1111,11,2430,12163,16734,7539,2757,436,1777,674,107,1011,27,329,3367,2428,8423,12,5140,25,2429,9838,4001,273],"class_list":{"0":"post-212575","1":"post","2":"type-post","3":"status-publish","4":"format-standard","5":"has-post-thumbnail","7":"category-saint-etienne","8":"tag-actu","9":"tag-actualites","10":"tag-auvergne-rhone-alpes","11":"tag-data","12":"tag-edition-loire-nord","13":"tag-edition-loire-sud","14":"tag-edition-lyon-villeurbanne","15":"tag-environnement","16":"tag-eu","17":"tag-europe","18":"tag-fil-info","19":"tag-fr","20":"tag-france","21":"tag-france-monde","22":"tag-loire","23":"tag-lyon","24":"tag-meteorologie-climat","25":"tag-news","26":"tag-rechauffement-climatique","27":"tag-republique-francaise","28":"tag-rhone","29":"tag-roanne","30":"tag-saint-etienne","31":"tag-selection-de-la-redaction"},"share_on_mastodon":{"url":"https:\/\/pubeurope.com\/@fr\/114765005165080842","error":""},"_links":{"self":[{"href":"https:\/\/www.europesays.com\/fr\/wp-json\/wp\/v2\/posts\/212575","targetHints":{"allow":["GET"]}}],"collection":[{"href":"https:\/\/www.europesays.com\/fr\/wp-json\/wp\/v2\/posts"}],"about":[{"href":"https:\/\/www.europesays.com\/fr\/wp-json\/wp\/v2\/types\/post"}],"author":[{"embeddable":true,"href":"https:\/\/www.europesays.com\/fr\/wp-json\/wp\/v2\/users\/2"}],"replies":[{"embeddable":true,"href":"https:\/\/www.europesays.com\/fr\/wp-json\/wp\/v2\/comments?post=212575"}],"version-history":[{"count":0,"href":"https:\/\/www.europesays.com\/fr\/wp-json\/wp\/v2\/posts\/212575\/revisions"}],"wp:featuredmedia":[{"embeddable":true,"href":"https:\/\/www.europesays.com\/fr\/wp-json\/wp\/v2\/media\/212576"}],"wp:attachment":[{"href":"https:\/\/www.europesays.com\/fr\/wp-json\/wp\/v2\/media?parent=212575"}],"wp:term":[{"taxonomy":"category","embeddable":true,"href":"https:\/\/www.europesays.com\/fr\/wp-json\/wp\/v2\/categories?post=212575"},{"taxonomy":"post_tag","embeddable":true,"href":"https:\/\/www.europesays.com\/fr\/wp-json\/wp\/v2\/tags?post=212575"}],"curies":[{"name":"wp","href":"https:\/\/api.w.org\/{rel}","templated":true}]}}