{"id":212577,"date":"2025-06-29T05:29:10","date_gmt":"2025-06-29T05:29:10","guid":{"rendered":"https:\/\/www.europesays.com\/fr\/212577\/"},"modified":"2025-06-29T05:29:10","modified_gmt":"2025-06-29T05:29:10","slug":"on-fait-le-point-sur-les-travaux-a-venir","status":"publish","type":"post","link":"https:\/\/www.europesays.com\/fr\/212577\/","title":{"rendered":"on fait le point sur les travaux \u00e0 venir"},"content":{"rendered":"<p>            Par<br \/>\n        <strong><br \/>\n            <a href=\"https:\/\/actu.fr\/auteur\/pierre-emile-bouchy-actu-fr\" title=\"Consulter tous les articles de Paul-Emile Bouchy\" target=\"_blank\" rel=\"noopener\">Paul-Emile Bouchy<\/a><br \/>\n        <\/strong><\/p>\n<p>        Publi\u00e9 le<\/p>\n<p>            29 juin 2025 \u00e0 7h02        <\/p>\n<p>V\u00e9ritable poumon vert du centre-ville de Nancy, le <a href=\"https:\/\/actu.fr\/tag\/parc-de-la-pepiniere\" target=\"_blank\" rel=\"noopener\">parc de la P\u00e9pini\u00e8re<\/a> va conna\u00eetre de <a href=\"https:\/\/actu.fr\/grand-est\/nancy_54395\/la-ville-de-nancy-veut-transformer-le-parc-de-la-pepiniere-dans-les-10-annees-a-venir-ce-qu-il-faut-savoir_60873503.html\" target=\"_blank\" rel=\"noopener\">nombreuses transformations dans les prochaines ann\u00e9es<\/a>. Apr\u00e8s <a href=\"https:\/\/actu.fr\/grand-est\/nancy_54395\/nancy-la-grande-allee-du-parc-de-la-pepiniere-se-refait-une-beaute-voici-a-quoi-elle-va-ressembler_61888880.html\" target=\"_blank\" rel=\"noopener\">la grande all\u00e9e qui s\u2019est refait une beaut\u00e9<\/a>, la Ville de Nancy a pr\u00e9sent\u00e9 <strong>les prochains travaux \u00e0 venir<\/strong>.<\/p>\n<p class=\" wall-content\">On fait le point sur ce qui vous attend.<\/p>\n<p>Un nouvel lieu pour la future aire de jeux du parc de la P\u00e9pini\u00e8re<\/p>\n<p class=\" wall-content\">Pour remplacer l\u2019existante datant de 1992, <a href=\"https:\/\/actu.fr\/grand-est\/nancy_54395\/nancy-l-aire-de-jeux-du-parc-de-la-pepiniere-va-demenager-voici-ce-qu-il-faut-savoir_62818610.html\" target=\"_blank\" rel=\"noopener\">l\u2019aire de jeux du parc de la P\u00e9pini\u00e8re va d\u00e9m\u00e9nager<\/a>. Elle sera d\u00e9sormais situ\u00e9e quelques m\u00e8tres plus loin, \u00e0 la place de l\u2019ancien boulodrome, au carrefour du jardin d\u2019eau et de l\u2019espace animalier.<\/p>\n<p class=\" wall-content\">Sur la th\u00e9matique de l\u2019arbre, <strong>cette aire devrait \u00eatre \u00ab\u2009plus spacieuse et plus inclusive\u2009\u00bb<\/strong> avec des jeux adapt\u00e9s aux enfants en situation de handicap et aux 9-11\u00a0ans.<\/p>\n<p class=\" wall-content\">La nouvelle aire de jeux ouvrira en <strong>juin\u00a02027<\/strong>. En attendant, l\u2019aire existante sera toujours accessible durant toute la dur\u00e9e des travaux avant d\u2019\u00eatre d\u00e9truite.<\/p>\n<p>Vid\u00e9os : en ce moment sur ActuL\u2019espace animalier bient\u00f4t r\u00e9nov\u00e9<\/p>\n<p class=\" wall-content\">Si la Ville de Nancy a fait le choix de ne plus accueillir d\u2019animaux sauvages depuis le d\u00e9part des <a href=\"https:\/\/actu.fr\/grand-est\/nancy_54395\/les-macaques-crabiers-quittent-le-parc-de-la-pepiniere-a-nancy-pour-une-retraite-en-belgique_38334099.html\" target=\"_blank\" rel=\"noopener\">macaques<\/a> et des <a href=\"https:\/\/actu.fr\/grand-est\/nancy_54395\/nancy-apres-le-depart-des-singes-de-nouveaux-animaux-quittent-le-parc-de-la-pepiniere_40399489.html\" target=\"_blank\" rel=\"noopener\">daims<\/a>,<a href=\"https:\/\/actu.fr\/grand-est\/nancy_54395\/nancy-le-parc-de-la-pepiniere-va-accueillir-de-nouveaux-animaux-voici-ce-qui-est-prevu_62821776.html\" target=\"_blank\" rel=\"noopener\"> le parc de la P\u00e9pini\u00e8re va accueillir de nouveaux animaux<\/a>.<\/p>\n<p class=\" wall-content\">Pour ce faire, l\u2019ancienne fosse aux ours va devenir <strong>une voli\u00e8re de 250 m\u00b2<\/strong> et le rocher des singes va \u00eatre d\u00e9truit pour cr\u00e9er <strong>un enclos de contact de<\/strong> <strong>500 m\u00b2<\/strong>. Ces nouveaux espaces vont abriter <strong>des esp\u00e8ces d\u2019oiseaux et de volatiles domestiques locales<\/strong> dans le but de les pr\u00e9server.<\/p>\n<p class=\" wall-content\"><strong>La voli\u00e8re devrait accueillir ses premiers oiseaux d\u2019ici la fin de l\u2019ann\u00e9e 2025<\/strong> et l\u2019enclos de contact sera <strong>finalis\u00e9 en avril\u00a02026<\/strong>.<\/p>\n<p>    <img   decoding=\"async\" loading=\"lazy\" src=\"https:\/\/www.europesays.com\/fr\/wp-content\/uploads\/2025\/06\/espace-animalier-parc-de-la-pepiniere-nancy-960x640.jpg\" alt=\"La fosse aux ours de l'espace animalier du parc de la P\u00e9pini\u00e8re va \u00eatre transform\u00e9 pour accueillir d'autres animaux.\" width=\"960\" height=\"640\"\/><br \/>\n    La fosse aux ours de l\u2019espace animalier du parc de la P\u00e9pini\u00e8re va \u00eatre transform\u00e9e pour accueillir d\u2019autres animaux. (\u00a9Paul-Emile Bouchy \/ Lorraine Actu)La roseraie va retrouver tout son \u00e9clat<\/p>\n<p class=\" wall-content\">Situ\u00e9e en face de l\u2019espace animalier, <strong>la roseraie est un lieu appr\u00e9ci\u00e9 des visiteurs mais qui a perdu de sa splendeur.<\/strong> La Ville a donc le projet de <a href=\"https:\/\/actu.fr\/grand-est\/nancy_54395\/nancy-ce-coin-tres-apprecie-du-parc-de-la-pepiniere-va-etre-totalement-renove_62823468.html\" target=\"_blank\" rel=\"noopener\">totalement la r\u00e9nover<\/a>, tout en conservant son trac\u00e9 actuel.<\/p>\n<p class=\" wall-content\">Ainsi, les massifs auront des formes plus harmonieuses, des pergolas et parasols permettront aux rosiers de grimper et le bassin central sera remis en fonction. <strong>Des chaises mobiles<\/strong> vont aussi \u00eatre ajout\u00e9es pour offrir \u00e0 ce lieu plus de convivialit\u00e9.<\/p>\n<p class=\" wall-content\">Les travaux seront <strong>termin\u00e9s en avril\u00a02027<\/strong>.<\/p>\n<p>    <img   decoding=\"async\" loading=\"lazy\" src=\"https:\/\/www.europesays.com\/fr\/wp-content\/uploads\/2025\/06\/roseraie-parc-de-la-pepiniere-nancy-960x640.jpg\" alt=\"La roseraie du parc de la P\u00e9pini\u00e8re \u00e0 Nancy va conna\u00eetre une vaste transformation d'ici 2027.\" width=\"960\" height=\"640\"\/><br \/>\n    La roseraie du parc de la P\u00e9pini\u00e8re \u00e0 Nancy va conna\u00eetre une vaste transformation d\u2019ici 2027. (\u00a9Paul-Emile Bouchy \/ Lorraine Actu)La brasserie de la P\u00e9pini\u00e8re conserv\u00e9e<\/p>\n<p class=\" wall-content\">Vou\u00e9e \u00e0 la destruction apr\u00e8s un vote du conseil municipal en janvier\u00a02023, <a href=\"https:\/\/actu.fr\/grand-est\/nancy_54395\/nancy-la-brasserie-de-la-pepiniere-ne-sera-finalement-pas-detruite_62819716.html\" target=\"_blank\" rel=\"noopener\">la brasserie de la P\u00e9pini\u00e8re ne sera finalement pas d\u00e9truite<\/a>.<\/p>\n<p class=\" wall-content\">La Ville explique avoir \u00e9t\u00e9 sensible aux arguments <a href=\"https:\/\/actu.fr\/grand-est\/nancy_54395\/a-nancy-ils-se-battent-contre-la-destruction-de-la-brasserie-de-la-pepiniere_60111868.html\" target=\"_blank\" rel=\"noopener\">des historiens et architectes qui se sont mobilis\u00e9s pour la conserver<\/a> en mettant en avant sa valeur patrimoniale, typique de l\u2019architecture des ann\u00e9es 1960.<\/p>\n<p class=\" wall-content\">N\u00e9anmoins, <strong>des travaux de r\u00e9novation \u00e9nerg\u00e9tique et d\u2019am\u00e9nagements int\u00e9rieurs doivent \u00eatre men\u00e9s<\/strong> sur la brasserie pour qu\u2019elle r\u00e9ponde davantage aux normes actuelles.<\/p>\n<p class=\" wall-content\">Suivez toute l\u2019actualit\u00e9 de vos villes et m\u00e9dias favoris en vous inscrivant \u00e0 <a href=\"https:\/\/moncompte.actu.fr\" title=\"D\u00e9couvez Mon Actu\" rel=\"nofollow noopener\" data-trk=\"{&quot;cta&quot;:{&quot;action&quot;:&quot;https:\\\/\\\/moncompte.actu.fr&quot;,&quot;category&quot;:&quot;mon compte&quot;,&quot;from&quot;:&quot;article footer&quot;,&quot;name&quot;:&quot;Mon actu&quot;,&quot;type&quot;:&quot;cta&quot;}}\" target=\"_blank\">Mon Actu<\/a>.<\/p>\n","protected":false},"excerpt":{"rendered":"Par Paul-Emile Bouchy Publi\u00e9 le 29 juin 2025 \u00e0 7h02 V\u00e9ritable poumon vert du centre-ville de Nancy, le&hellip;\n","protected":false},"author":2,"featured_media":212578,"comment_status":"","ping_status":"","sticky":false,"template":"","format":"standard","meta":{"footnotes":""},"categories":[9635],"tags":[1111,11,1777,674,1011,27,775,1702,12,11014,25,104],"class_list":{"0":"post-212577","1":"post","2":"type-post","3":"status-publish","4":"format-standard","5":"has-post-thumbnail","7":"category-nancy","8":"tag-actu","9":"tag-actualites","10":"tag-eu","11":"tag-europe","12":"tag-fr","13":"tag-france","14":"tag-grand-est","15":"tag-nancy","16":"tag-news","17":"tag-parc-de-la-pepiniere","18":"tag-republique-francaise","19":"tag-societe"},"share_on_mastodon":{"url":"https:\/\/pubeurope.com\/@fr\/114765009047485590","error":""},"_links":{"self":[{"href":"https:\/\/www.europesays.com\/fr\/wp-json\/wp\/v2\/posts\/212577","targetHints":{"allow":["GET"]}}],"collection":[{"href":"https:\/\/www.europesays.com\/fr\/wp-json\/wp\/v2\/posts"}],"about":[{"href":"https:\/\/www.europesays.com\/fr\/wp-json\/wp\/v2\/types\/post"}],"author":[{"embeddable":true,"href":"https:\/\/www.europesays.com\/fr\/wp-json\/wp\/v2\/users\/2"}],"replies":[{"embeddable":true,"href":"https:\/\/www.europesays.com\/fr\/wp-json\/wp\/v2\/comments?post=212577"}],"version-history":[{"count":0,"href":"https:\/\/www.europesays.com\/fr\/wp-json\/wp\/v2\/posts\/212577\/revisions"}],"wp:featuredmedia":[{"embeddable":true,"href":"https:\/\/www.europesays.com\/fr\/wp-json\/wp\/v2\/media\/212578"}],"wp:attachment":[{"href":"https:\/\/www.europesays.com\/fr\/wp-json\/wp\/v2\/media?parent=212577"}],"wp:term":[{"taxonomy":"category","embeddable":true,"href":"https:\/\/www.europesays.com\/fr\/wp-json\/wp\/v2\/categories?post=212577"},{"taxonomy":"post_tag","embeddable":true,"href":"https:\/\/www.europesays.com\/fr\/wp-json\/wp\/v2\/tags?post=212577"}],"curies":[{"name":"wp","href":"https:\/\/api.w.org\/{rel}","templated":true}]}}