{"id":212585,"date":"2025-06-29T05:36:59","date_gmt":"2025-06-29T05:36:59","guid":{"rendered":"https:\/\/www.europesays.com\/fr\/212585\/"},"modified":"2025-06-29T05:36:59","modified_gmt":"2025-06-29T05:36:59","slug":"rouen-les-salaries-du-reseau-astuce-appeles-a-la-greve-tous-les-jours-jusquau-31-decembre","status":"publish","type":"post","link":"https:\/\/www.europesays.com\/fr\/212585\/","title":{"rendered":"Rouen\u00a0: les salari\u00e9s du r\u00e9seau Astuce appel\u00e9s \u00e0 la gr\u00e8ve tous les jours jusqu&rsquo;au 31 d\u00e9cembre"},"content":{"rendered":"<p>La CGT de Transdev \u00e0 Rouen (Seine-Maritime) appelle les salari\u00e9s du r\u00e9seau de transports de la m\u00e9tropole de Rouen \u00e0 faire gr\u00e8ve tous les jours pendant 55 minutes jusqu&rsquo;\u00e0 la fin de l&rsquo;ann\u00e9e afin de faire pression sur la direction. Le tribunal administratif de Rouen a valid\u00e9 le pr\u00e9avis ce mercredi.<\/p>\n<p>Le tribunal administratif de Rouen (Seine-Maritime) a valid\u00e9 mercredi\u00a0<strong>le pr\u00e9avis de gr\u00e8ve d\u00e9pos\u00e9 par la CGT de Transdev \u00e0 Rouen<\/strong>, en charge du r\u00e9seau Astuce, le r\u00e9seau de transports en commun de la m\u00e9tropole rouennaise. En d\u00e9cembre dernier, un premier pr\u00e9avis avait \u00e9t\u00e9 invalid\u00e9 en raison d&rsquo;une impr\u00e9cision.<\/p>\n<p>Ce nouveau pr\u00e9avis court <strong>depuis le 11 f\u00e9vrier et jusqu&rsquo;au 31 d\u00e9cembre 2025<\/strong>. Il pr\u00e9voit une <strong>gr\u00e8ve quotidienne de 55 minutes<\/strong> du lundi au dimanche \u00e0 des horaires variables. La CGT veut mettre la pression sur la direction de Transdev pour ouvrir des n\u00e9gociations sur diff\u00e9rents points\u00a0: la r\u00e9mun\u00e9ration des temps de trajets entre la fin de service et le retour au d\u00e9p\u00f4t, la v\u00e9tust\u00e9 des bus, la pr\u00e9carisation des personnels avec plus de CDD.<\/p>\n<p>La direction de son c\u00f4t\u00e9 explique qu&rsquo;elle fait tout pour garder un \u00ab\u00a0dialogue social le plus constructif possible\u00a0\u00bb.<\/p>\n<p>Les horaires de gr\u00e8ve annonc\u00e9s jusqu&rsquo;\u00e0 la fin du mois de f\u00e9vrier\u00a0:<\/p>\n<ul>\n<li>Mardi 11 f\u00e9vrier 2025 de 15H45 \u00e0 16H40<\/li>\n<li>Mercredi 12 f\u00e9vrier 2025 de 05H45 \u00e0 06H40<\/li>\n<li>Jeudi 13 f\u00e9vrier 2025 de 17H45 \u00e0 18H40<\/li>\n<li>Vendredi 14 f\u00e9vrier 2025 de 9H00 \u00e0 09H55<\/li>\n<li>Samedi 15 f\u00e9vrier 2025 de 10H45 \u00e0 11H40<\/li>\n<li>Dimanche 16 f\u00e9vrier 2025 de 19H15 \u00e0 20H10<\/li>\n<li>Lundi 17 f\u00e9vrier 2025 de 17H00 \u00e0 17H55<\/li>\n<li>Mardi 18 f\u00e9vrier 2025 de 08H15 \u00e0 09H10<\/li>\n<li>Mercredi 19 f\u00e9vrier 2025 de 18H00 \u00e0 18H55<\/li>\n<li>Jeudi 20 f\u00e9vrier 2025 de 07H15 \u00e0 08H10<\/li>\n<li>Vendredi 21 f\u00e9vrier 2025 de 15H45 \u00e0 16H40<\/li>\n<li>Samedi 22 f\u00e9vrier 2025 de 13H30 \u00e0 14H25<\/li>\n<li>Dimanche 23 f\u00e9vrier 2025 de 11H00 \u00e0 11H55<\/li>\n<li>Lundi 24 f\u00e9vrier 2025 de 06H45 \u00e0 07H40<\/li>\n<li>Mardi 25 f\u00e9vrier 2025 de 15H15 \u00e0 16H10<\/li>\n<li>Mercredi 26 f\u00e9vrier 2025 de 08H30 \u00e0 09H25<\/li>\n<li>Jeudi 27 f\u00e9vrier 2025 de 17H45 \u00e0 18H40<\/li>\n<li>Vendredi 28 f\u00e9vrier 2025 de 06H45 \u00e0 07H40<\/li>\n<\/ul>\n<p>Les informations de circulation sont \u00e0 retrouver sur le site du\u00a0<a target=\"_blank\" rel=\"nofollow noopener noreferrer\" class=\"IciLink ici-link IciArticleLink g-ici-body-regular-1 underline brand svelte-lu7k6w\" href=\"https:\/\/www.myastuce.fr\/fr\">r\u00e9seau Astuce<\/a>.<\/p>\n","protected":false},"excerpt":{"rendered":"La CGT de Transdev \u00e0 Rouen (Seine-Maritime) appelle les salari\u00e9s du r\u00e9seau de transports de la m\u00e9tropole de&hellip;\n","protected":false},"author":2,"featured_media":212586,"comment_status":"","ping_status":"","sticky":false,"template":"","format":"standard","meta":{"footnotes":""},"categories":[9587],"tags":[1111,11,1777,674,1011,27,12,5161,25,9590],"class_list":{"0":"post-212585","1":"post","2":"type-post","3":"status-publish","4":"format-standard","5":"has-post-thumbnail","7":"category-rouen","8":"tag-actu","9":"tag-actualites","10":"tag-eu","11":"tag-europe","12":"tag-fr","13":"tag-france","14":"tag-news","15":"tag-normandie","16":"tag-republique-francaise","17":"tag-rouen"},"share_on_mastodon":{"url":"https:\/\/pubeurope.com\/@fr\/114765040380386557","error":""},"_links":{"self":[{"href":"https:\/\/www.europesays.com\/fr\/wp-json\/wp\/v2\/posts\/212585","targetHints":{"allow":["GET"]}}],"collection":[{"href":"https:\/\/www.europesays.com\/fr\/wp-json\/wp\/v2\/posts"}],"about":[{"href":"https:\/\/www.europesays.com\/fr\/wp-json\/wp\/v2\/types\/post"}],"author":[{"embeddable":true,"href":"https:\/\/www.europesays.com\/fr\/wp-json\/wp\/v2\/users\/2"}],"replies":[{"embeddable":true,"href":"https:\/\/www.europesays.com\/fr\/wp-json\/wp\/v2\/comments?post=212585"}],"version-history":[{"count":0,"href":"https:\/\/www.europesays.com\/fr\/wp-json\/wp\/v2\/posts\/212585\/revisions"}],"wp:featuredmedia":[{"embeddable":true,"href":"https:\/\/www.europesays.com\/fr\/wp-json\/wp\/v2\/media\/212586"}],"wp:attachment":[{"href":"https:\/\/www.europesays.com\/fr\/wp-json\/wp\/v2\/media?parent=212585"}],"wp:term":[{"taxonomy":"category","embeddable":true,"href":"https:\/\/www.europesays.com\/fr\/wp-json\/wp\/v2\/categories?post=212585"},{"taxonomy":"post_tag","embeddable":true,"href":"https:\/\/www.europesays.com\/fr\/wp-json\/wp\/v2\/tags?post=212585"}],"curies":[{"name":"wp","href":"https:\/\/api.w.org\/{rel}","templated":true}]}}