{"id":212595,"date":"2025-06-29T05:43:29","date_gmt":"2025-06-29T05:43:29","guid":{"rendered":"https:\/\/www.europesays.com\/fr\/212595\/"},"modified":"2025-06-29T05:43:29","modified_gmt":"2025-06-29T05:43:29","slug":"alsace-quatre-prix-sont-traditionnellement-remis-aux-diplomes-de-la-haute-ecole-des-arts-du-rhin-2","status":"publish","type":"post","link":"https:\/\/www.europesays.com\/fr\/212595\/","title":{"rendered":"Alsace. Quatre prix sont traditionnellement remis aux dipl\u00f4m\u00e9s de la Haute \u00e9cole des arts du Rhin"},"content":{"rendered":"<p>Quatre prix sont traditionnellement remis aux dipl\u00f4m\u00e9s de la Haute \u00e9cole des arts du Rhin. Les laur\u00e9ats 2025 sont Malia Terra Alba pour le prix Art de la ville de Strasbourg, Marine Monseux, pour le prix Communication de la Ville de Strasbourg, Theophil Lema\u00eetre pour le prix Design de la Ville de Mulhouse et Lama el Charif pour la bourse du multiple Louise Desrosiers 2025. Leurs travaux ainsi que tous ceux des dipl\u00f4m\u00e9s sont \u00e0 voir jusqu\u2019\u00e0 ce dimanche 29\u00a0juin \u00e0 Strasbourg (1, rue de l\u2019Acad\u00e9mie et 2, rue de la Manufacture). www.hear.fr<\/p>\n","protected":false},"excerpt":{"rendered":"Quatre prix sont traditionnellement remis aux dipl\u00f4m\u00e9s de la Haute \u00e9cole des arts du Rhin. Les laur\u00e9ats 2025&hellip;\n","protected":false},"author":2,"featured_media":212596,"comment_status":"","ping_status":"","sticky":false,"template":"","format":"standard","meta":{"footnotes":""},"categories":[2820],"tags":[1111,11,2389,1687,1777,674,2271,1011,27,775,12,25,640],"class_list":{"0":"post-212595","1":"post","2":"type-post","3":"status-publish","4":"format-standard","5":"has-post-thumbnail","7":"category-strasbourg","8":"tag-actu","9":"tag-actualites","10":"tag-alsace","11":"tag-culture-loisirs","12":"tag-eu","13":"tag-europe","14":"tag-exposition-arts-plastiques","15":"tag-fr","16":"tag-france","17":"tag-grand-est","18":"tag-news","19":"tag-republique-francaise","20":"tag-strasbourg"},"share_on_mastodon":{"url":"https:\/\/pubeurope.com\/@fr\/114765064070048743","error":""},"_links":{"self":[{"href":"https:\/\/www.europesays.com\/fr\/wp-json\/wp\/v2\/posts\/212595","targetHints":{"allow":["GET"]}}],"collection":[{"href":"https:\/\/www.europesays.com\/fr\/wp-json\/wp\/v2\/posts"}],"about":[{"href":"https:\/\/www.europesays.com\/fr\/wp-json\/wp\/v2\/types\/post"}],"author":[{"embeddable":true,"href":"https:\/\/www.europesays.com\/fr\/wp-json\/wp\/v2\/users\/2"}],"replies":[{"embeddable":true,"href":"https:\/\/www.europesays.com\/fr\/wp-json\/wp\/v2\/comments?post=212595"}],"version-history":[{"count":0,"href":"https:\/\/www.europesays.com\/fr\/wp-json\/wp\/v2\/posts\/212595\/revisions"}],"wp:featuredmedia":[{"embeddable":true,"href":"https:\/\/www.europesays.com\/fr\/wp-json\/wp\/v2\/media\/212596"}],"wp:attachment":[{"href":"https:\/\/www.europesays.com\/fr\/wp-json\/wp\/v2\/media?parent=212595"}],"wp:term":[{"taxonomy":"category","embeddable":true,"href":"https:\/\/www.europesays.com\/fr\/wp-json\/wp\/v2\/categories?post=212595"},{"taxonomy":"post_tag","embeddable":true,"href":"https:\/\/www.europesays.com\/fr\/wp-json\/wp\/v2\/tags?post=212595"}],"curies":[{"name":"wp","href":"https:\/\/api.w.org\/{rel}","templated":true}]}}