{"id":212603,"date":"2025-06-29T05:47:26","date_gmt":"2025-06-29T05:47:26","guid":{"rendered":"https:\/\/www.europesays.com\/fr\/212603\/"},"modified":"2025-06-29T05:47:26","modified_gmt":"2025-06-29T05:47:26","slug":"voici-pourquoi-france-3-pays-de-la-loire-sera-perturbe-lundi-et-mardi","status":"publish","type":"post","link":"https:\/\/www.europesays.com\/fr\/212603\/","title":{"rendered":"Voici pourquoi France 3\u00a0Pays de la Loire sera perturb\u00e9 lundi et mardi"},"content":{"rendered":"<p>L\u2019antenne de France 3\u00a0Pays de la Loire va \u00eatre perturb\u00e9e. Les t\u00e9l\u00e9spectateurs ne pourront pas regarder leur journal r\u00e9gional. Techniciens et journalistes se mobilisent pour d\u00e9fendre l\u2019audiovisuel public et l\u2019acc\u00e8s \u00e0 une information \u00a0locale et fiable\u00a0.<\/p>\n<p>Les salari\u00e9s de France 3\u00a0Pays de la Loire ont d\u00e9cid\u00e9 en assembl\u00e9e g\u00e9n\u00e9rale\u00a0vendredi 27\u00a0juin 2025 de se mobiliser lundi 30\u00a0juin et mardi 1er\u00a0juillet pour dire leur opposition au projet de fusion de l\u2019audiovisuel public. \u00a0Une d\u00e9cision sans concertation qui menace l\u2019ind\u00e9pendance de France T\u00e9l\u00e9visions, le pluralisme cher \u00e0 notre d\u00e9mocratie et surtout nos conditions de travail et salariales. Un regroupement avec Radio France et France M\u00e9dias Monde conduirait \u00e0 la cr\u00e9ation d\u2019une entit\u00e9 unique avec ren\u00e9gociation de tous nos acquis sociaux.\u00a0<\/p>\n<p>Rassemblement \u00e0 Nantes mardi<\/p>\n<p>Sauf modification du calendrier parlementaire, les d\u00e9put\u00e9s sont amen\u00e9s \u00e0 se prononcer sur le texte de la ministre de la Culture lundi 30\u00a0juin et mardi 1er\u00a0juillet. Depuis des mois, les salari\u00e9s et les syndicats d\u00e9noncent un projet \u00a0dont l\u2019unique but est de r\u00e9aliser des \u00e9conomies\u00a0.<\/p>\n<p><strong>\u00c0 LIRE AUSSI\u00a0: <\/strong> <a href=\"https:\/\/nantes.maville.com\/actu\/actudet_-television-une-famille-de-la-region-nantaise-dans-l-emission-de-france-3-duel-en-famille-_8-6710904_actu.Htm\" target=\"_blank\" rel=\"noopener\"> <strong>T\u00e9l\u00e9vision\u00a0: une famille de la r\u00e9gion nantaise dans l\u2019\u00e9mission de France 3 \u00ab\u00a0Duel en famille\u00a0\u00bb<\/strong> <\/a><\/p>\n<p>Tous les syndicats de France T\u00e9l\u00e9visions ont d\u00e9pos\u00e9 un pr\u00e9avis de gr\u00e8ve illimit\u00e9. Les salari\u00e9s de France 3\u00a0Pays de la Loire sont invit\u00e9s \u00e0 se mobiliser sur un piquet de gr\u00e8ve \u00e0 partir de 9\u00a0h sur ces deux journ\u00e9es devant l\u2019entr\u00e9e du site nantais de France 3\u00a0Pays de la Loire. Un rassemblement au miroir d\u2019eau \u00e0 Nantes mardi 1er\u00a0juillet \u00e0 18\u00a0h est en cours d\u2019organisation. Les t\u00e9l\u00e9spectateurs et particuliers d\u00e9fenseurs du service public sont invit\u00e9s \u00e0 grossir les rangs.<\/p>\n<p>\u00a0<\/p>\n","protected":false},"excerpt":{"rendered":"L\u2019antenne de France 3\u00a0Pays de la Loire va \u00eatre perturb\u00e9e. Les t\u00e9l\u00e9spectateurs ne pourront pas regarder leur journal&hellip;\n","protected":false},"author":2,"featured_media":212604,"comment_status":"","ping_status":"","sticky":false,"template":"","format":"standard","meta":{"footnotes":""},"categories":[2818],"tags":[19020,1111,11,1777,674,1011,27,3367,9865,9778,766,12,5457,2636,9777,25],"class_list":{"0":"post-212603","1":"post","2":"type-post","3":"status-publish","4":"format-standard","5":"has-post-thumbnail","7":"category-nantes","8":"tag-19020","9":"tag-actu","10":"tag-actualites","11":"tag-eu","12":"tag-europe","13":"tag-fr","14":"tag-france","15":"tag-loire","16":"tag-lundi","17":"tag-mardi","18":"tag-nantes","19":"tag-news","20":"tag-pays","21":"tag-pays-de-la-loire","22":"tag-perturbe","23":"tag-republique-francaise"},"share_on_mastodon":{"url":"https:\/\/pubeurope.com\/@fr\/114765079857266025","error":""},"_links":{"self":[{"href":"https:\/\/www.europesays.com\/fr\/wp-json\/wp\/v2\/posts\/212603","targetHints":{"allow":["GET"]}}],"collection":[{"href":"https:\/\/www.europesays.com\/fr\/wp-json\/wp\/v2\/posts"}],"about":[{"href":"https:\/\/www.europesays.com\/fr\/wp-json\/wp\/v2\/types\/post"}],"author":[{"embeddable":true,"href":"https:\/\/www.europesays.com\/fr\/wp-json\/wp\/v2\/users\/2"}],"replies":[{"embeddable":true,"href":"https:\/\/www.europesays.com\/fr\/wp-json\/wp\/v2\/comments?post=212603"}],"version-history":[{"count":0,"href":"https:\/\/www.europesays.com\/fr\/wp-json\/wp\/v2\/posts\/212603\/revisions"}],"wp:featuredmedia":[{"embeddable":true,"href":"https:\/\/www.europesays.com\/fr\/wp-json\/wp\/v2\/media\/212604"}],"wp:attachment":[{"href":"https:\/\/www.europesays.com\/fr\/wp-json\/wp\/v2\/media?parent=212603"}],"wp:term":[{"taxonomy":"category","embeddable":true,"href":"https:\/\/www.europesays.com\/fr\/wp-json\/wp\/v2\/categories?post=212603"},{"taxonomy":"post_tag","embeddable":true,"href":"https:\/\/www.europesays.com\/fr\/wp-json\/wp\/v2\/tags?post=212603"}],"curies":[{"name":"wp","href":"https:\/\/api.w.org\/{rel}","templated":true}]}}