{"id":21261,"date":"2025-04-13T03:35:10","date_gmt":"2025-04-13T03:35:10","guid":{"rendered":"https:\/\/www.europesays.com\/fr\/21261\/"},"modified":"2025-04-13T03:35:10","modified_gmt":"2025-04-13T03:35:10","slug":"alonso-revient-sur-letrange-defaillance-de-son-volant-a-bahrein","status":"publish","type":"post","link":"https:\/\/www.europesays.com\/fr\/21261\/","title":{"rendered":"Alonso revient sur l&rsquo;\u00e9trange d\u00e9faillance de son volant \u00e0 Bahre\u00efn"},"content":{"rendered":"<p>Lors des EL2 du Grand Prix de Bahre\u00efn 2025 de F1, <a href=\"https:\/\/fr.motorsport.com\/driver\/fernando-alonso\/76096\/\" target=\"_blank\" rel=\"noopener\">Fernando Alonso<\/a> a connu un dr\u00f4le d&rsquo;incident quand, \u00e0 l&rsquo;approche du dernier virage, il a soudainement vu son volant se d\u00e9tacher de sa colonne de direction et lui rester entre les mains.\u00a0<\/p>\n<p>Heureusement, l&rsquo;Espagnol \u00e9tait au ralenti sur le circuit quand cela est arriv\u00e9.\u00a0Il avait en effet d\u00e9j\u00e0 constat\u00e9 un probl\u00e8me et, avant que le volant se d\u00e9solidarise, il avait lanc\u00e9 \u00e0 la radio\u00a0: \u00ab\u00a0Changez le volant. Il y a un probl\u00e8me avec le volant : il s&rsquo;\u00e9teint.\u00a0\u00bb<\/p>\n<p>\u00a0<\/p>\n<p>Interrog\u00e9 apr\u00e8s la journ\u00e9e sur ce moment \u00e9tonnant, le pilote <a href=\"https:\/\/fr.motorsport.com\/team\/aston-martin\/806\/\" target=\"_blank\" rel=\"noopener\">Aston Martin<\/a> a expliqu\u00e9\u00a0: \u00ab\u00a0Oui, la voiture ne marchait pas et, \u00e0 partir d&rsquo;un certain point, je ne pouvais plus passer les rapports, donc oui, l&rsquo;\u00e9cran \u00e9tait \u00e9teint.\u00a0\u00bb<\/p>\n<p>\u00ab\u00a0Je ne pouvais plus communiquer avec l&rsquo;\u00e9quipe non plus et dans le dernier virage, le volant s&rsquo;est d\u00e9tach\u00e9. Nous avons r\u00e9alis\u00e9 qu&rsquo;il y avait peut-\u00eatre un probl\u00e8me ou quelque chose avec la colonne de direction. Les m\u00e9caniciens ont vite chang\u00e9 les pi\u00e8ces et tout s&rsquo;est bien pass\u00e9. Donc, oui, une frayeur, mais merci \u00e0 tout le monde dans le garage d&rsquo;avoir corrig\u00e9 \u00e7a rapidement.\u00a0\u00bb<\/p>\n<p>Alonso a finalement pu reprendre la s\u00e9ance pour parcourir un total de 19 boucles, soit une grosse demi-douzaine de moins que la plupart des autres pilotes, en signant le 15e temps, \u00e0 1,3 seconde de la t\u00eate et plus d&rsquo;une demi-seconde devant son \u00e9quipier <a href=\"https:\/\/fr.motorsport.com\/driver\/lance-stroll\/96414\/\" target=\"_blank\" rel=\"noopener\">Lance Stroll<\/a>. Pas de quoi ressentir de l&rsquo;optimisme du c\u00f4t\u00e9 du double champion du monde.<\/p>\n<p>\u00ab\u00a0Oui, je pense que le week-end va \u00eatre difficile, malheureusement, nous ne semblions pas avoir le rythme avant de venir ici. Les caract\u00e9ristiques de Bahre\u00efn sont un petit peu inqui\u00e9tantes pour nous, pour notre package et, oui, nous avons probablement confirm\u00e9 aujourd&rsquo;hui que nous ne sommes pas comp\u00e9titifs. Le week-end va \u00eatre dur, mais nous allons essayer d&rsquo;apprendre. Nous allons essayer de pousser et nous n&rsquo;allons pas l\u00e2cher.\u00a0\u00bb<\/p>\n<p style=\"text-align: right;\">Avec Lydia Mee<\/p>\n<p>Lire aussi :<\/p>\n<\/p>\n<\/p>\n<p>Dans cet article<\/p>\n<p>    Lydia Mee\n<\/p>\n<p>    Formule 1\n<\/p>\n<p>    Fernando Alonso\n<\/p>\n<p>    Aston Martin\n<\/p>\n<p>Soyez le premier inform\u00e9 et souscrivez aux alertes mails pour recevoir les infos en temps r\u00e9el<\/p>\n<p>    S&rsquo;abonner aux alertes de news<\/p>\n","protected":false},"excerpt":{"rendered":"Lors des EL2 du Grand Prix de Bahre\u00efn 2025 de F1, Fernando Alonso a connu un dr\u00f4le d&rsquo;incident&hellip;\n","protected":false},"author":2,"featured_media":21262,"comment_status":"","ping_status":"","sticky":false,"template":"","format":"standard","meta":{"footnotes":""},"categories":[9],"tags":[1709,5040,1710,1454,1011,27,5039,60],"class_list":{"0":"post-21261","1":"post","2":"type-post","3":"status-publish","4":"format-standard","5":"has-post-thumbnail","7":"category-sports","8":"tag-aston-martin","9":"tag-bahrain-international-circuit","10":"tag-fernando-alonso","11":"tag-formule-1","12":"tag-fr","13":"tag-france","14":"tag-gp-de-bahreu00efn","15":"tag-sports"},"share_on_mastodon":{"url":"https:\/\/pubeurope.com\/@fr\/114328562812309788","error":""},"_links":{"self":[{"href":"https:\/\/www.europesays.com\/fr\/wp-json\/wp\/v2\/posts\/21261","targetHints":{"allow":["GET"]}}],"collection":[{"href":"https:\/\/www.europesays.com\/fr\/wp-json\/wp\/v2\/posts"}],"about":[{"href":"https:\/\/www.europesays.com\/fr\/wp-json\/wp\/v2\/types\/post"}],"author":[{"embeddable":true,"href":"https:\/\/www.europesays.com\/fr\/wp-json\/wp\/v2\/users\/2"}],"replies":[{"embeddable":true,"href":"https:\/\/www.europesays.com\/fr\/wp-json\/wp\/v2\/comments?post=21261"}],"version-history":[{"count":0,"href":"https:\/\/www.europesays.com\/fr\/wp-json\/wp\/v2\/posts\/21261\/revisions"}],"wp:featuredmedia":[{"embeddable":true,"href":"https:\/\/www.europesays.com\/fr\/wp-json\/wp\/v2\/media\/21262"}],"wp:attachment":[{"href":"https:\/\/www.europesays.com\/fr\/wp-json\/wp\/v2\/media?parent=21261"}],"wp:term":[{"taxonomy":"category","embeddable":true,"href":"https:\/\/www.europesays.com\/fr\/wp-json\/wp\/v2\/categories?post=21261"},{"taxonomy":"post_tag","embeddable":true,"href":"https:\/\/www.europesays.com\/fr\/wp-json\/wp\/v2\/tags?post=21261"}],"curies":[{"name":"wp","href":"https:\/\/api.w.org\/{rel}","templated":true}]}}