{"id":212619,"date":"2025-06-29T05:57:13","date_gmt":"2025-06-29T05:57:13","guid":{"rendered":"https:\/\/www.europesays.com\/fr\/212619\/"},"modified":"2025-06-29T05:57:13","modified_gmt":"2025-06-29T05:57:13","slug":"lyon-pres-de-150-logements-vont-voir-le-jour-dans-ce-quartier-en-plein-developpement","status":"publish","type":"post","link":"https:\/\/www.europesays.com\/fr\/212619\/","title":{"rendered":"Lyon. Pr\u00e8s de 150 logements vont voir le jour dans ce quartier en plein d\u00e9veloppement"},"content":{"rendered":"<p>            Par<br \/>\n        <strong><br \/>\n            <a href=\"https:\/\/actu.fr\/auteur\/julien-damboise\" title=\"Consulter tous les articles de Julien Damboise\" target=\"_blank\" rel=\"noopener\">Julien Damboise<\/a><br \/>\n        <\/strong><\/p>\n<p>        Publi\u00e9 le<\/p>\n<p>            29 juin 2025 \u00e0 7h40        <\/p>\n<p>Le programme Alma Petra est en train de pousser dans le 7\u1d49 arrondissement de <a href=\"https:\/\/actu.fr\/auvergne-rhone-alpes\/lyon_69123\" target=\"_blank\" rel=\"noopener\">Lyon<\/a>, au c\u0153ur de la <a href=\"https:\/\/actu.fr\/auvergne-rhone-alpes\/lyon_69123\/lyon-lidl-va-ouvrir-un-magasin-dans-ce-quartier-tres-dynamique-l-adresse-confirmee_62237013.html\" target=\"_blank\" rel=\"noopener\">ZAC des Girondins<\/a>. Un ensemble de <strong>145 logement<\/strong>s va voir le jour. Des appartements tous traversants, construits avec de la <strong>pierre massive <\/strong>pour de gros avantages \u00e9cologiques. Voici les premi\u00e8res images de ce qu\u2019il faut attendre.<\/p>\n<p>    <a href=\"https:\/\/www.google.com\/maps\/embed?pb=!1m18!1m12!1m3!1d1514.6575088602574!2d4.834602959317614!3d45.7380425321675!2m3!1f0!2f0!3f0!3m2!1i1024!2i768!4f13.1!3m3!1m2!1s0x47f4eb003c260783%3A0xd704202224e17e85!2sRue%20des%20Girondins!5e1!3m2!1sfr!2sfr!4v1751029921854!5m2!1sfr!2sfr\" title=\"Ouvrie le lien\" target=\"_blank\" rel=\"noopener\">Cliquez ici pour visualiser le contenu<\/a><\/p>\n<p>\u00ab \u00c2me de pierre \u00bb<\/p>\n<p class=\" wall-content\">Le projet Alma Petra, \u00ab \u00c2me de pierre \u00bb, pr\u00e9voit donc \u00ab\u00a0l\u2019\u00e9co-construction\u00a0\u00bb de 145 logements et de <strong>425 m\u00b2 de commerces<\/strong> en rez-de-chauss\u00e9e. Les architectes ont pari\u00e9 sur la <strong>pierre de taille<\/strong>, \u00ab\u00a0mat\u00e9riau \u00e9cologique, durable et au bilan carbone bas [qui] poss\u00e8de par ailleurs des qualit\u00e9s thermiques, acoustiques et esth\u00e9tiques ind\u00e9niables\u00a0\u00bb.<\/p>\n<p class=\" wall-content\">Un plan de construction, au c\u0153ur d\u2019un programme d\u2019envergure dans la ZAC des Girondins, qui pr\u00e9voit la cr\u00e9ation de 2 900 logements r\u00e9partis en plusieurs lots, qui offre de r\u00e9els avantages lors des travaux.<\/p>\n<blockquote class=\"ac-article-quote wall-content\">\n<p>La pierre massive, en provenance de France et d\u2019Espagne, offre plusieurs avantages : les blocs de grandes dimensions favorisent la simplicit\u00e9 et la sobri\u00e9t\u00e9 dans le montage. Par ailleurs, ces \u00e9l\u00e9ments pr\u00e9fabriqu\u00e9s ne g\u00e9n\u00e8rent pas de d\u00e9chets sur le chantier. La pierre permet d&rsquo;\u00e9conomiser 60 % \u00e0 75 % d\u2019\u00e9missions de CO2 par rapport \u00e0 une fa\u00e7ade en b\u00e9ton. <\/p>\n<p>    <strong>Responsables du projet Alma Petra<\/strong>\n            <\/p><\/blockquote>\n<p class=\" wall-content\">Au total, le terrain sur lequel sera b\u00e2ti Alma Petra s\u2019\u00e9tend sur 4 120 m\u00b2, pour une surface de plancher de 10 761 m\u00b2 et une <strong>surface habitable de 10 310 m\u00b2<\/strong>.<\/p>\n<p>Vid\u00e9os : en ce moment sur Actu<br \/>\n    <img   decoding=\"async\" loading=\"lazy\" src=\"https:\/\/www.europesays.com\/fr\/wp-content\/uploads\/2025\/06\/alma-petra-lyon-gerland-appartement-960x640.png\" alt=\"Le projet Alma Petra propose 125 logements dans le quartier de Gerland \u00e0 Lyon.\" width=\"960\" height=\"640\"\/><br \/>\n    Le projet Alma Petra propose 125 logements dans le quartier de Gerland \u00e0 Lyon. (\u00a9Edelis.com)Tous les appartements traversants<\/p>\n<p class=\" wall-content\">Alors que Lyon va connaitre sa <a href=\"https:\/\/actu.fr\/auvergne-rhone-alpes\/lyon_69123\/canicule-a-lyon-un-dome-de-chaleur-arrive-voici-les-temperatures-assommantes-annoncees_62833690.html\" target=\"_blank\" rel=\"noopener\">deuxi\u00e8me canicule depuis le d\u00e9but de l\u2019ann\u00e9e<\/a>, Alma Petra va offrir aux futurs r\u00e9sidents des appartements tous traversants pour une excellente <strong>ventilation naturelle<\/strong> et une belle luminosit\u00e9.<\/p>\n<p class=\" wall-content\">Les mat\u00e9riaux utilis\u00e9s \u00e0 l\u2019int\u00e9rieur ont, eux aussi, \u00e9t\u00e9 choisis avec soin : isolants en laine de bois, <strong>peintures \u00e0 base d\u2019algues<\/strong>, menuiseries en bois. Autant de solutions pens\u00e9es pour de bonnes performances \u00e9nerg\u00e9tiques et le respect de l\u2019environnement.<\/p>\n<p class=\" wall-content\">Des espaces v\u00e9g\u00e9talis\u00e9s sont enfin pr\u00e9vus sur le toit du b\u00e2timent, mais aussi sur une terrasse partag\u00e9e am\u00e9nag\u00e9e en <strong>jardin collectif et potager urbain<\/strong>, accessible aux r\u00e9sidents.<\/p>\n<p>    <img   decoding=\"async\" loading=\"lazy\" src=\"https:\/\/www.europesays.com\/fr\/wp-content\/uploads\/2025\/06\/alma-petra-lyon-gerland-jardin-960x640.png\" alt=\"Des jardins et un potager seront int\u00e9gr\u00e9s au projet Alma Petra, dnas le quartier Gerland \u00e0 Lyon.\" width=\"960\" height=\"640\"\/><br \/>\n    Des jardins et un potager seront int\u00e9gr\u00e9s au projet Alma Petra, dans le quartier Gerland \u00e0 Lyon. (\u00a9Edelis.com)<\/p>\n<p class=\" wall-content\">La livraison est pr\u00e9vue pour le 4\u1d49 trimestre <strong>2026<\/strong>.<\/p>\n<p class=\" wall-content\">Suivez toute l\u2019actualit\u00e9 de vos villes et m\u00e9dias favoris en vous inscrivant \u00e0 <a href=\"https:\/\/moncompte.actu.fr\" title=\"D\u00e9couvez Mon Actu\" rel=\"nofollow noopener\" data-trk=\"{&quot;cta&quot;:{&quot;action&quot;:&quot;https:\\\/\\\/moncompte.actu.fr&quot;,&quot;category&quot;:&quot;mon compte&quot;,&quot;from&quot;:&quot;article footer&quot;,&quot;name&quot;:&quot;Mon actu&quot;,&quot;type&quot;:&quot;cta&quot;}}\" target=\"_blank\">Mon Actu<\/a>.<\/p>\n","protected":false},"excerpt":{"rendered":"Par Julien Damboise Publi\u00e9 le 29 juin 2025 \u00e0 7h40 Le programme Alma Petra est en train de&hellip;\n","protected":false},"author":2,"featured_media":212620,"comment_status":"","ping_status":"","sticky":false,"template":"","format":"standard","meta":{"footnotes":""},"categories":[1889],"tags":[1111,11,2430,33,1777,674,1011,27,5303,2428,12,25,2086,1352],"class_list":{"0":"post-212619","1":"post","2":"type-post","3":"status-publish","4":"format-standard","5":"has-post-thumbnail","7":"category-lyon","8":"tag-actu","9":"tag-actualites","10":"tag-auvergne-rhone-alpes","11":"tag-economie","12":"tag-eu","13":"tag-europe","14":"tag-fr","15":"tag-france","16":"tag-gerland","17":"tag-lyon","18":"tag-news","19":"tag-republique-francaise","20":"tag-travaux","21":"tag-urbanisme"},"share_on_mastodon":{"url":"https:\/\/pubeurope.com\/@fr\/114765119295216347","error":""},"_links":{"self":[{"href":"https:\/\/www.europesays.com\/fr\/wp-json\/wp\/v2\/posts\/212619","targetHints":{"allow":["GET"]}}],"collection":[{"href":"https:\/\/www.europesays.com\/fr\/wp-json\/wp\/v2\/posts"}],"about":[{"href":"https:\/\/www.europesays.com\/fr\/wp-json\/wp\/v2\/types\/post"}],"author":[{"embeddable":true,"href":"https:\/\/www.europesays.com\/fr\/wp-json\/wp\/v2\/users\/2"}],"replies":[{"embeddable":true,"href":"https:\/\/www.europesays.com\/fr\/wp-json\/wp\/v2\/comments?post=212619"}],"version-history":[{"count":0,"href":"https:\/\/www.europesays.com\/fr\/wp-json\/wp\/v2\/posts\/212619\/revisions"}],"wp:featuredmedia":[{"embeddable":true,"href":"https:\/\/www.europesays.com\/fr\/wp-json\/wp\/v2\/media\/212620"}],"wp:attachment":[{"href":"https:\/\/www.europesays.com\/fr\/wp-json\/wp\/v2\/media?parent=212619"}],"wp:term":[{"taxonomy":"category","embeddable":true,"href":"https:\/\/www.europesays.com\/fr\/wp-json\/wp\/v2\/categories?post=212619"},{"taxonomy":"post_tag","embeddable":true,"href":"https:\/\/www.europesays.com\/fr\/wp-json\/wp\/v2\/tags?post=212619"}],"curies":[{"name":"wp","href":"https:\/\/api.w.org\/{rel}","templated":true}]}}