{"id":212621,"date":"2025-06-29T05:58:12","date_gmt":"2025-06-29T05:58:12","guid":{"rendered":"https:\/\/www.europesays.com\/fr\/212621\/"},"modified":"2025-06-29T05:58:12","modified_gmt":"2025-06-29T05:58:12","slug":"restaurant-modo-mio-le-dernier-refuge-italien-du-quartier-montchat","status":"publish","type":"post","link":"https:\/\/www.europesays.com\/fr\/212621\/","title":{"rendered":"Restaurant Modo Mio : le dernier refuge italien du quartier Montchat"},"content":{"rendered":"<p><img loading=\"lazy\" decoding=\"async\" alt=\"\u00a9 ES - Le Modo Mio est une valeur s\u00fbre et familiale du quartier Montchat.\" data-zoom-src=\"https:\/\/www.europesays.com\/fr\/wp-content\/uploads\/2025\/06\/initial-c-es-modo-mio.jpg\" data-zoomable=\"\" height=\"702\" src=\"https:\/\/www.europesays.com\/fr\/wp-content\/uploads\/2025\/06\/initial-c-es-modo-mio.jpg\" width=\"1248\"\/>  <\/p>\n<p class=\"article-desc\">\u00a9 ES &#8211; Le Modo Mio est une valeur s\u00fbre et familiale du quartier Montchat. <\/p>\n<p>L\u2019avant-dernier italien du<strong> quartier Montchat<\/strong>, Toto Li Vigni, ayant pris sa retraite, voil\u00e0 que le <strong>restaurant Modo Mio<\/strong> devient le <strong>dernier restaurant pizzeria italien<\/strong> encore en activit\u00e9 dans ce quartier du 3e arrondissement de <strong>Lyon<\/strong>. <\/p>\n<p>Table familiale et valeur s\u00fbre, Modo Mio propose midi et soir une carte de pizzas bien fournie, mais aussi des <strong>sp\u00e9cialit\u00e9s italiennes<\/strong>, vraiment italiennes, servies en salle et en terrasse, avec le sourire et la gentillesse de la patronne, Magarita. <\/p>\n<p> Modo Mio : le dernier refuge italien du quartier Montchat <\/p>\n<p>Les <strong>raviolis riccotta di buffala<\/strong> d\u00e9gust\u00e9s le jour de notre venue n\u2019avaient l\u2019air de rien, presque dissimul\u00e9s sous une g\u00e9n\u00e9reuse couche de sauce tomate, mais ils ont vite lib\u00e9r\u00e9 leur saveur en bouche, l\u00e9g\u00e8rement relev\u00e9e, agr\u00e9ment\u00e9e de basilic, le tout sur fond de parmesan.\u00a0Le tout <strong>fait maison <\/strong>est bien l\u00e0, qui tranche avec la cuisine dite italienne traditionnelle, trop souvent de fa\u00e7ade.<\/p>\n<p>Les pizzas, test\u00e9es lors d\u2019une pr\u00e9c\u00e9dente exp\u00e9rience, sont \u00e0 la hauteur de ce qui est annonc\u00e9 : \u00ab\u00a0Pizza \u00e0 la romaine et d\u00e9lices italiens\u00a0\u00bb, le jambon est fondant \u00e0 souhait sur une p\u00e2te excellente et des garnitures de bons produits. <\/p>\n<p>A noter que Modo Mio propose sa <strong>terrasse<\/strong>, en devanture sur le cours Docteur Long, ombrag\u00e9e par les grands platanes, plut\u00f4t calme avec peu de circulation en dehors de heures de pointe bien s\u00fbr. <\/p>\n<p><strong>Infos pratiques<\/strong> <\/p>\n<p>Modo Mio,\u00a020 cours du Docteur Long, 69003 Lyon. T\u00e9l. : 04 72 35 02 73. <\/p>\n<p>Ouvert midi et soir, ferm\u00e9 dimanche-lundi. <\/p>\n<p>Plat du jour : 17 euros ; dessert 6 euros ; pizza \u00e0 la coupe le midi, 6 euros ; pizza ronde : 12,50 \u00e0 17,50 euros ; planches 2-4 personnes : 17 \u00e0 39,50 euros.<\/p>\n","protected":false},"excerpt":{"rendered":"\u00a9 ES &#8211; Le Modo Mio est une valeur s\u00fbre et familiale du quartier Montchat. L\u2019avant-dernier italien du&hellip;\n","protected":false},"author":2,"featured_media":212622,"comment_status":"","ping_status":"","sticky":false,"template":"","format":"standard","meta":{"footnotes":""},"categories":[1889],"tags":[1111,11,2430,1777,674,1011,27,2428,12,25,2923],"class_list":{"0":"post-212621","1":"post","2":"type-post","3":"status-publish","4":"format-standard","5":"has-post-thumbnail","7":"category-lyon","8":"tag-actu","9":"tag-actualites","10":"tag-auvergne-rhone-alpes","11":"tag-eu","12":"tag-europe","13":"tag-fr","14":"tag-france","15":"tag-lyon","16":"tag-news","17":"tag-republique-francaise","18":"tag-restaurants"},"share_on_mastodon":{"url":"https:\/\/pubeurope.com\/@fr\/114765123228963171","error":""},"_links":{"self":[{"href":"https:\/\/www.europesays.com\/fr\/wp-json\/wp\/v2\/posts\/212621","targetHints":{"allow":["GET"]}}],"collection":[{"href":"https:\/\/www.europesays.com\/fr\/wp-json\/wp\/v2\/posts"}],"about":[{"href":"https:\/\/www.europesays.com\/fr\/wp-json\/wp\/v2\/types\/post"}],"author":[{"embeddable":true,"href":"https:\/\/www.europesays.com\/fr\/wp-json\/wp\/v2\/users\/2"}],"replies":[{"embeddable":true,"href":"https:\/\/www.europesays.com\/fr\/wp-json\/wp\/v2\/comments?post=212621"}],"version-history":[{"count":0,"href":"https:\/\/www.europesays.com\/fr\/wp-json\/wp\/v2\/posts\/212621\/revisions"}],"wp:featuredmedia":[{"embeddable":true,"href":"https:\/\/www.europesays.com\/fr\/wp-json\/wp\/v2\/media\/212622"}],"wp:attachment":[{"href":"https:\/\/www.europesays.com\/fr\/wp-json\/wp\/v2\/media?parent=212621"}],"wp:term":[{"taxonomy":"category","embeddable":true,"href":"https:\/\/www.europesays.com\/fr\/wp-json\/wp\/v2\/categories?post=212621"},{"taxonomy":"post_tag","embeddable":true,"href":"https:\/\/www.europesays.com\/fr\/wp-json\/wp\/v2\/tags?post=212621"}],"curies":[{"name":"wp","href":"https:\/\/api.w.org\/{rel}","templated":true}]}}