{"id":212627,"date":"2025-06-29T06:01:22","date_gmt":"2025-06-29T06:01:22","guid":{"rendered":"https:\/\/www.europesays.com\/fr\/212627\/"},"modified":"2025-06-29T06:01:22","modified_gmt":"2025-06-29T06:01:22","slug":"leurs-proches-denoncent-une-disparition-forcee","status":"publish","type":"post","link":"https:\/\/www.europesays.com\/fr\/212627\/","title":{"rendered":"leurs proches d\u00e9noncent une \u00ab\u00a0disparition forc\u00e9e\u00a0\u00bb"},"content":{"rendered":"<p>Les familles et les avocats des deux Fran\u00e7ais d\u00e9tenus en Iran depuis trois ans, <a href=\"https:\/\/www.ledauphine.com\/p\/cecile-kohler\" target=\"_blank\" rel=\"nofollow noopener\">C\u00e9cile Kohler<\/a>\u00a0et son compagnon Jacques Paris, ont d\u00e9nonc\u00e9 ce vendredi leur \u00ab disparition forc\u00e9e \u00bb apr\u00e8s le bombardement lundi par Isra\u00ebl de la prison d&rsquo;Evin \u00e0 T\u00e9h\u00e9ran, o\u00f9 ils \u00e9taient d\u00e9tenus.<\/p>\n<p>\u00ab\u00a0Nous ignorons o\u00f9 ils sont\u00a0\u00bb<\/p>\n<p>\u00ab Nous ignorons tout du sort de C\u00e9cile\u00a0et Jacques, nous ignorons s&rsquo;ils sont encore vivants, nous ignorons o\u00f9 ils sont \u00bb, a alert\u00e9 lors d&rsquo;une conf\u00e9rence de presse la s\u0153ur de C\u00e9cile, No\u00e9mie Kohler, qui a r\u00e9clam\u00e9 \u00ab une preuve de vie imm\u00e9diatement \u00bb. \u00ab \u00c9tant donn\u00e9 la gravit\u00e9 de la situation, je m&rsquo;exprime aujourd&rsquo;hui face \u00e0 vous pour la premi\u00e8re fois car j&rsquo;ai peur pour la vie de mon p\u00e8re \u00bb, \u00e2g\u00e9 de 72 ans, a rench\u00e9ri Anne-Laure Paris, la fille de Jacques. \u00ab On est face \u00e0 un cas d&rsquo;urgence vitale.\u00a0\u00bb<\/p>\n<p>Le pouvoir judiciaire iranien a annonc\u00e9 mardi avoir \u00ab transf\u00e9r\u00e9 \u00bb vers d&rsquo;autres prisons de la province de T\u00e9h\u00e9ran des d\u00e9tenus d&rsquo;Evine, sans en pr\u00e9ciser le nombre ou l&rsquo;identit\u00e9, au lendemain d&rsquo;une frappe isra\u00e9lienne sur ce p\u00e9nitencier de la capitale, qui a fait des morts.<\/p>\n<p>  \u00ab\u00a0Ils peuvent \u00eatre sous les d\u00e9combres\u00a0\u00bb\u00a0<\/p>\n<p>\u00ab \u00c0 l&rsquo;heure o\u00f9 l&rsquo;on se parle, C\u00e9cile\u00a0et Jacques, otages d\u2019\u00c9tat d\u00e9tenus arbitrairement de fa\u00e7on cruelle et inhumaine en Iran, sont port\u00e9s disparus. En droit, c&rsquo;est une disparition forc\u00e9e \u00bb, a affirm\u00e9\u00a0l&rsquo;avocate de leurs familles, Chirinne Ardakani. \u00ab Ils peuvent aussi bien avoir \u00e9t\u00e9 transf\u00e9r\u00e9s dans une autre prison [&#8230;] Ils peuvent \u00eatre sous des d\u00e9combres \u00bb, ou ils pourraient avoir \u00e9t\u00e9 d\u00e9plac\u00e9s \u00ab dans des lieux de d\u00e9tention clandestins \u00bb, a-t-elle poursuivi.<\/p>\n<p>Des photos du complexe p\u00e9nitentiaire d&rsquo;Evin fournies par le site du pouvoir judiciaire iranien, Mizan Online, montrent des murs \u00e9ventr\u00e9s, des plafonds effondr\u00e9s et des tas de gravats en train d&rsquo;\u00eatre d\u00e9blay\u00e9s par des pelleteuses.\u00a0 Les autorit\u00e9s fran\u00e7aises ont \u00ab eu l&rsquo;assurance \u00bb que les deux Fran\u00e7ais \u00ab n&rsquo;ont pas \u00e9t\u00e9 bless\u00e9s \u00bb dans la frappe isra\u00e9lienne de lundi, a indiqu\u00e9 mercredi le ministre d\u00e9l\u00e9gu\u00e9 au Commerce ext\u00e9rieur et des Fran\u00e7ais de l&rsquo;\u00e9tranger, Laurent Saint-Martin.<\/p>\n<p>  \u00ab\u00a0Exfiltration pour cause de force majeure\u00a0\u00bb<\/p>\n<p>Mais \u00ab cette information vient des autorit\u00e9s iraniennes \u00bb, ce qui est \u00ab loin d&rsquo;\u00eatre une garantie \u00bb, a r\u00e9agi No\u00e9mie Kohler, dont le dernier contact avec sa s\u0153ur remonte au 28 mai. Les familles et leurs avocats ont press\u00e9 vendredi le minist\u00e8re fran\u00e7ais des Affaires \u00e9trang\u00e8res de \u00ab plaider en faveur d&rsquo;une exfiltration pour cause de force majeure \u00bb. \u00ab Nous nous saisirons avec nos clients de toutes les voies judiciaires pour faire respecter le droit \u00e0 la vie de C\u00e9cile\u00a0et Jacques \u00bb, notamment aupr\u00e8s de la justice fran\u00e7aise, \u00ab comp\u00e9tente pour sanctionner ce qui est aujourd&rsquo;hui un crime qui se rapproche d&rsquo;un enl\u00e8vement \u00bb, a soulign\u00e9 Chirinne Ardakani.<\/p>\n<p>Professeure de lettres \u00e2g\u00e9e de 40 ans, C\u00e9cile Kohler, originaire de l&rsquo;est de la France, et son compagnon Jacques Paris, professeur retrait\u00e9 de math\u00e9matiques, avaient \u00e9t\u00e9 arr\u00eat\u00e9s le 7 mai 2022, au dernier jour d&rsquo;un voyage touristique en Iran, et accus\u00e9s d&rsquo;\u00ab espionnage \u00bb.\u00a0Paris les consid\u00e8re depuis comme des \u00ab otages \u00bb.<\/p>\n","protected":false},"excerpt":{"rendered":"Les familles et les avocats des deux Fran\u00e7ais d\u00e9tenus en Iran depuis trois ans, C\u00e9cile Kohler\u00a0et son compagnon&hellip;\n","protected":false},"author":2,"featured_media":212628,"comment_status":"","ping_status":"","sticky":false,"template":"","format":"standard","meta":{"footnotes":""},"categories":[1888],"tags":[1111,1928,11,1927,1777,674,274,107,1011,27,329,12,1926,626,1925,316,25],"class_list":{"0":"post-212627","1":"post","2":"type-post","3":"status-publish","4":"format-standard","5":"has-post-thumbnail","7":"category-paris","8":"tag-actu","9":"tag-actu-paris","10":"tag-actualites","11":"tag-actualites-paris","12":"tag-eu","13":"tag-europe","14":"tag-faits-divers-justice","15":"tag-fil-info","16":"tag-fr","17":"tag-france","18":"tag-france-monde","19":"tag-news","20":"tag-news-paris","21":"tag-paris","22":"tag-paris-news","23":"tag-politique","24":"tag-republique-francaise"},"share_on_mastodon":{"url":"https:\/\/pubeurope.com\/@fr\/114765134829654500","error":""},"_links":{"self":[{"href":"https:\/\/www.europesays.com\/fr\/wp-json\/wp\/v2\/posts\/212627","targetHints":{"allow":["GET"]}}],"collection":[{"href":"https:\/\/www.europesays.com\/fr\/wp-json\/wp\/v2\/posts"}],"about":[{"href":"https:\/\/www.europesays.com\/fr\/wp-json\/wp\/v2\/types\/post"}],"author":[{"embeddable":true,"href":"https:\/\/www.europesays.com\/fr\/wp-json\/wp\/v2\/users\/2"}],"replies":[{"embeddable":true,"href":"https:\/\/www.europesays.com\/fr\/wp-json\/wp\/v2\/comments?post=212627"}],"version-history":[{"count":0,"href":"https:\/\/www.europesays.com\/fr\/wp-json\/wp\/v2\/posts\/212627\/revisions"}],"wp:featuredmedia":[{"embeddable":true,"href":"https:\/\/www.europesays.com\/fr\/wp-json\/wp\/v2\/media\/212628"}],"wp:attachment":[{"href":"https:\/\/www.europesays.com\/fr\/wp-json\/wp\/v2\/media?parent=212627"}],"wp:term":[{"taxonomy":"category","embeddable":true,"href":"https:\/\/www.europesays.com\/fr\/wp-json\/wp\/v2\/categories?post=212627"},{"taxonomy":"post_tag","embeddable":true,"href":"https:\/\/www.europesays.com\/fr\/wp-json\/wp\/v2\/tags?post=212627"}],"curies":[{"name":"wp","href":"https:\/\/api.w.org\/{rel}","templated":true}]}}