{"id":212669,"date":"2025-06-29T06:25:10","date_gmt":"2025-06-29T06:25:10","guid":{"rendered":"https:\/\/www.europesays.com\/fr\/212669\/"},"modified":"2025-06-29T06:25:10","modified_gmt":"2025-06-29T06:25:10","slug":"poussieres-du-temps-et-regards-croises-saint-girons-expose-ses-metamorphoses-en-19-photos-artisanales","status":"publish","type":"post","link":"https:\/\/www.europesays.com\/fr\/212669\/","title":{"rendered":"Poussi\u00e8res du temps et regards crois\u00e9s\u00a0: Saint-Girons expose ses m\u00e9tamorphoses en 19 photos artisanales"},"content":{"rendered":"<p>\n                                                                    l&rsquo;essentiel<br \/>\n                                                                \u00c0 l\u2019initiative du Conseil citoyen de Saint-Girons et de son pr\u00e9sident Philippe Le Saint, trois ateliers gratuits ont permis \u00e0 un public curieux de red\u00e9couvrir la ville \u00e0 travers une pratique photographique oubli\u00e9e.\n                            <\/p>\n<p>En 2024, encadr\u00e9 par Christophe Bonni\u00e8re, un groupe, compos\u00e9 de six participants de tous \u00e2ges, a arpent\u00e9 les rues de Saint-Girons pendant plusieurs semaines. Ensemble, ils ont consult\u00e9 d\u2019anciennes cartes postales, cherch\u00e9 les lieux iconiques, tent\u00e9 de retrouver les angles exacts d\u2019\u00e9poque.<\/p>\n<p>Mais au fil des pas, les \u00e9vidences ont surgi. \u00ab\u00a0On a voulu, raconte Christophe, observer notre ville comme le faisaient les photographes de 1900, avec le m\u00eame mat\u00e9riel, le m\u00eame regard lent et attentif. Certains lieux, poursuit-il, ont presque disparu sous les couches du temps. L\u2019\u00e9glise des Jacobins, par exemple\u00a0: elle est l\u00e0, mais inaccessible, englob\u00e9e dans des commerces.<\/p>\n<p>Et puis il y a les voitures, les panneaux, le mobilier urbain\u2026 Ils dominent tout.\u00a0\u00bb Appareil imposant sur tr\u00e9pied, film g\u00e9latine-argentique au format 10,5 x 12,5\u00a0cm\u00a0: chaque prise de vue devient un \u00e9v\u00e9nement en soi. \u00c0 l\u2019issue des trois ateliers, ce sont 19 n\u00e9gatifs de haute qualit\u00e9 que Christophe Bonni\u00e8re a produits, tous destin\u00e9s \u00e0 un tirage unique. Mais le travail ne s\u2019arr\u00eate pas l\u00e0.<\/p>\n<p>Car ce passionn\u00e9 a \u00e9galement une expertise singuli\u00e8re\u00a0: il fabrique lui-m\u00eame ses papiers photographiques, \u00e0 partir d\u2019une \u00e9mulsion de g\u00e9latine d\u2019argent appliqu\u00e9e au pinceau sur du papier aquarelle. \u00ab\u00a0J\u2019aime cette lenteur, cette mat\u00e9rialit\u00e9 du processus. Chaque \u00e9tape est artisanale. C\u2019est de la photographie qui se fabrique \u00e0 la main, avec les m\u00eames gestes que les pionniers de l\u2019image.\u00a0\u00bb<\/p>\n<p>Le r\u00e9sultat est une exposition exceptionnelle de 19 tirages uniques au format 56 x 75\u00a0cm, v\u00e9ritables \u00e9chos visuels des clich\u00e9s anciens de Saint-Girons, mais r\u00e9v\u00e9lant les mutations profondes du territoire. L\u2019esth\u00e9tique, avec ses nuances douces, ses noirs profonds et ses d\u00e9tails subtils, \u00e9voque les images d\u2019autrefois, tout en portant le t\u00e9moignage du pr\u00e9sent.<\/p>\n<p>Ce projet, m\u00ealant art, m\u00e9moire et participation citoyenne, aura su faire dialoguer les g\u00e9n\u00e9rations et \u00e9veiller les consciences sur l\u2019\u00e9volution du cadre urbain. \u00ab\u00a0C\u2019est un travail de m\u00e9moire autant que de regard. Je suis tr\u00e8s reconnaissant au Conseil citoyen d\u2019avoir permis cette aventure collective.\u00a0\u00bb<\/p>\n<p>Le vernissage de l\u2019exposition aura lieu le mercredi 2\u00a0juillet \u00e0 partir de 18\u00a0heures. \u00c0 cette occasion, la peintre Nina Audoubert montrera une autre facette de son talent en agr\u00e9mentant la soir\u00e9e de moments musicaux et de chansons. L\u2019ensemble des tirages sera visible du 2 au 12\u00a0juillet, \u00e0 la maison de la citoyennet\u00e9, 10 rue de la r\u00e9publique.<\/p>\n","protected":false},"excerpt":{"rendered":"l&rsquo;essentiel \u00c0 l\u2019initiative du Conseil citoyen de Saint-Girons et de son pr\u00e9sident Philippe Le Saint, trois ateliers gratuits&hellip;\n","protected":false},"author":2,"featured_media":212670,"comment_status":"","ping_status":"","sticky":false,"template":"","format":"standard","meta":{"footnotes":""},"categories":[1358],"tags":[1348,1384,1385,1386,58,59,1011,27],"class_list":{"0":"post-212669","1":"post","2":"type-post","3":"status-publish","4":"format-standard","5":"has-post-thumbnail","7":"category-arts-et-design","8":"tag-arts","9":"tag-arts-and-design","10":"tag-arts-et-design","11":"tag-design","12":"tag-divertissement","13":"tag-entertainment","14":"tag-fr","15":"tag-france"},"share_on_mastodon":{"url":"https:\/\/pubeurope.com\/@fr\/114765229191443868","error":""},"_links":{"self":[{"href":"https:\/\/www.europesays.com\/fr\/wp-json\/wp\/v2\/posts\/212669","targetHints":{"allow":["GET"]}}],"collection":[{"href":"https:\/\/www.europesays.com\/fr\/wp-json\/wp\/v2\/posts"}],"about":[{"href":"https:\/\/www.europesays.com\/fr\/wp-json\/wp\/v2\/types\/post"}],"author":[{"embeddable":true,"href":"https:\/\/www.europesays.com\/fr\/wp-json\/wp\/v2\/users\/2"}],"replies":[{"embeddable":true,"href":"https:\/\/www.europesays.com\/fr\/wp-json\/wp\/v2\/comments?post=212669"}],"version-history":[{"count":0,"href":"https:\/\/www.europesays.com\/fr\/wp-json\/wp\/v2\/posts\/212669\/revisions"}],"wp:featuredmedia":[{"embeddable":true,"href":"https:\/\/www.europesays.com\/fr\/wp-json\/wp\/v2\/media\/212670"}],"wp:attachment":[{"href":"https:\/\/www.europesays.com\/fr\/wp-json\/wp\/v2\/media?parent=212669"}],"wp:term":[{"taxonomy":"category","embeddable":true,"href":"https:\/\/www.europesays.com\/fr\/wp-json\/wp\/v2\/categories?post=212669"},{"taxonomy":"post_tag","embeddable":true,"href":"https:\/\/www.europesays.com\/fr\/wp-json\/wp\/v2\/tags?post=212669"}],"curies":[{"name":"wp","href":"https:\/\/api.w.org\/{rel}","templated":true}]}}