{"id":212691,"date":"2025-06-29T06:36:15","date_gmt":"2025-06-29T06:36:15","guid":{"rendered":"https:\/\/www.europesays.com\/fr\/212691\/"},"modified":"2025-06-29T06:36:15","modified_gmt":"2025-06-29T06:36:15","slug":"lassemblee-de-corse-vote-une-motion-reconnaissant-letat-de-palestine","status":"publish","type":"post","link":"https:\/\/www.europesays.com\/fr\/212691\/","title":{"rendered":"l&rsquo;Assembl\u00e9e de Corse vote une motion reconnaissant l&rsquo;\u00c9tat de Palestine"},"content":{"rendered":"<p>L&rsquo;Assembl\u00e9e de Corse \u00ab\u00a0reconna\u00eet l&rsquo;existence de l&rsquo;\u00c9tat de Palestine, conform\u00e9ment aux dispositions ant\u00e9rieures de l&rsquo;ONU et affirme la n\u00e9cessit\u00e9 urgente de la mise en \u0153uvre d&rsquo;une solution politique fond\u00e9e sur la coexistence de deux \u00c9tats souverains respectueux des int\u00e9r\u00eats politiques, collectifs ou confessionnaux d&rsquo;Isra\u00ebl et de la Palestine\u00a0\u00bb, stipule cette motion, intitul\u00e9e : \u00ab\u00a0Soutien au peuple palestinien et violations du droit international par l&rsquo;\u00c9tat isra\u00e9lien dans la bande de Gaza\u00a0\u00bb.<\/p>\n<p>Vot\u00e9 par les groupes Fa populu inseme (majorit\u00e9), Core in fronte (nationalistes ind\u00e9pendantistes) et Avanzemu (nationalistes), le texte d\u00e9nonce \u00e9galement \u00ab\u00a0les actes g\u00e9nocidaires perp\u00e9tr\u00e9s \u00e0 l&rsquo;encontre de la population palestinienne et refuse l&rsquo;utilisation des bases militaires corses (Solenzara, en Haute-Corse, ndlr) et sardes pour les interventions contraires aux droits humains universels\u00a0\u00bb, a pr\u00e9cis\u00e9 Marie-Antoinette Maupertuis sur le r\u00e9seau social X.<\/p>\n<p>Les insoumis saluent l&rsquo;initiative, les identitaires la d\u00e9noncent<\/p>\n<p>Dans cette motion, les \u00e9lus insulaires souhaitent enfin que le gouvernement de la R\u00e9publique fran\u00e7aise \u00ab\u00a0suspende toute livraison d&rsquo;armes, de munitions ou de mat\u00e9riel militaire \u00e0 l&rsquo;\u00c9tat d&rsquo;Isra\u00ebl tant que celui-ci poursuit ses op\u00e9rations contraires au droit international\u00a0\u00bb.\u00a0<\/p>\n<p>Une initiative largement salu\u00e9e, ce samedi\u00a0 28 juin, par des \u00e9lus de La France Insoumise (LFI) sur X. \u00ab\u00a0Reconnaissance de l&rsquo;\u00c9tat de Palestine par la Corse\u00a0: merci de r\u00e9aliser ce que Macron est incapable de faire ! (Et fi\u00e8re de mes origines !)\u00a0\u00bb, a \u00e9crit sur le r\u00e9seau social Manon Aubry, dont le grand-p\u00e8re corse \u00e9tait un militant socialiste. D&rsquo;autres Insoumis comme Thomas Portes, Ugo Bernalicis, \u00c9ric Coquerel, Manuel Bompard ont repris l&rsquo;information sur leur r\u00e9seau social afin de saluer la d\u00e9marche.<\/p>\n<p>Nicolas Battini, proche de Marion Mar\u00e9chal et fondateur du parti politique Mossa Palatina, un mouvement corse nationaliste identitaire et populiste, a, de son c\u00f4t\u00e9, vertement critiqu\u00e9 l&rsquo;initiative. \u00ab\u00a0De nombreux Corses entretiennent des liens \u00e9troits avec la seule d\u00e9mocratie du Moyen-Orient. Dans ce contexte, le vote de l&rsquo;Assembl\u00e9e de Corse appara\u00eet comme un \u00e9ni\u00e8me acte de soumission et d&rsquo;adh\u00e9sion \u00e0 l&rsquo;islamo-gauchisme qui s\u00e9vit en Europe. L&#8217;emploi du terme g\u00e9nocidaire dans la motion est un emprunt volontaire \u00e0 tout le verbiage des Fr\u00e8res Musulmans et de Rima Hassan. Le tiers-mondisme m\u00e8ne logiquement \u00e0 cette folie\u00a0\u00bb, a-t-il estim\u00e9 sur X.<\/p>\n","protected":false},"excerpt":{"rendered":"L&rsquo;Assembl\u00e9e de Corse \u00ab\u00a0reconna\u00eet l&rsquo;existence de l&rsquo;\u00c9tat de Palestine, conform\u00e9ment aux dispositions ant\u00e9rieures de l&rsquo;ONU et affirme la&hellip;\n","protected":false},"author":2,"featured_media":212692,"comment_status":"","ping_status":"","sticky":false,"template":"","format":"standard","meta":{"footnotes":""},"categories":[4],"tags":[17,11,1102,2120,2517,1011,27,35235,5532,15263,12,316,25,96,5995],"class_list":{"0":"post-212691","1":"post","2":"type-post","3":"status-publish","4":"format-standard","5":"has-post-thumbnail","7":"category-france","8":"tag-17","9":"tag-actualites","10":"tag-breakingnews","11":"tag-conflit","12":"tag-corse","13":"tag-fr","14":"tag-france","15":"tag-israelo-palestinien","16":"tag-lassemblee","17":"tag-motion","18":"tag-news","19":"tag-politique","20":"tag-republique-francaise","21":"tag-une","22":"tag-vote"},"share_on_mastodon":{"url":"https:\/\/pubeurope.com\/@fr\/114765272663740240","error":""},"_links":{"self":[{"href":"https:\/\/www.europesays.com\/fr\/wp-json\/wp\/v2\/posts\/212691","targetHints":{"allow":["GET"]}}],"collection":[{"href":"https:\/\/www.europesays.com\/fr\/wp-json\/wp\/v2\/posts"}],"about":[{"href":"https:\/\/www.europesays.com\/fr\/wp-json\/wp\/v2\/types\/post"}],"author":[{"embeddable":true,"href":"https:\/\/www.europesays.com\/fr\/wp-json\/wp\/v2\/users\/2"}],"replies":[{"embeddable":true,"href":"https:\/\/www.europesays.com\/fr\/wp-json\/wp\/v2\/comments?post=212691"}],"version-history":[{"count":0,"href":"https:\/\/www.europesays.com\/fr\/wp-json\/wp\/v2\/posts\/212691\/revisions"}],"wp:featuredmedia":[{"embeddable":true,"href":"https:\/\/www.europesays.com\/fr\/wp-json\/wp\/v2\/media\/212692"}],"wp:attachment":[{"href":"https:\/\/www.europesays.com\/fr\/wp-json\/wp\/v2\/media?parent=212691"}],"wp:term":[{"taxonomy":"category","embeddable":true,"href":"https:\/\/www.europesays.com\/fr\/wp-json\/wp\/v2\/categories?post=212691"},{"taxonomy":"post_tag","embeddable":true,"href":"https:\/\/www.europesays.com\/fr\/wp-json\/wp\/v2\/tags?post=212691"}],"curies":[{"name":"wp","href":"https:\/\/api.w.org\/{rel}","templated":true}]}}