{"id":212703,"date":"2025-06-29T06:45:10","date_gmt":"2025-06-29T06:45:10","guid":{"rendered":"https:\/\/www.europesays.com\/fr\/212703\/"},"modified":"2025-06-29T06:45:10","modified_gmt":"2025-06-29T06:45:10","slug":"la-gauche-promet-des-propositions-qui-decoiffent","status":"publish","type":"post","link":"https:\/\/www.europesays.com\/fr\/212703\/","title":{"rendered":"La gauche promet des propositions qui d\u00e9coiffent"},"content":{"rendered":"\n<p>La t\u00eate de liste de Toulon en Commun pour les municipales de 2026 Magali Brunel (PS) qualifie le d\u00e9but de campagne de \u00ab\u00a0positif et dynamique\u00a0\u00bb afin d\u2019\u00ab\u00a0acc\u00e9der \u00e0 une plus grande visibilit\u00e9\u00a0\u00bb.<\/p>\n<p>\u00ab\u00a0Nous avons fait deux tracts qui ont \u00e9t\u00e9 extr\u00eamement bien accueillis par la population\u00a0\u00bb, ajoute l\u2019actuelle \u00e9lue d\u2019opposition, en mettant tout de suite en avant la fructueuse \u00ab\u00a0agitation d\u2019id\u00e9es\u00a0\u00bb op\u00e9r\u00e9e dans le m\u00eame temps au travers de conf\u00e9rences-d\u00e9bats. Et de poursuivre\u00a0: \u00ab\u00a0Les t\u00e9moignages d\u2019\u00e9lus experts ont montr\u00e9 que des r\u00e9alisations majeures dans leur ville \u00e9taient possibles et qu\u2019elles changeaient la vie des gens. Ils nous ont inspir\u00e9s et aid\u00e9s \u00e0 nous projeter.\u00a0\u00bb Des rendez-vous citoyens auxquels \u00e9taient pr\u00e9sentes \u00e9galement de nombreuses associations \u00ab\u00a0pour r\u00e9fl\u00e9chir ensemble sur les mobilit\u00e9s, la culture et le logement\u00a0\u00bb. Et qui ont donn\u00e9 lieu, pr\u00e9cise-t-elle, \u00e0 \u00ab\u00a0beaucoup de propositions\u00a0\u00bb.<\/p>\n<p>Sur la lanc\u00e9e, Toulon en Commun annonce de nouvelles rencontres pendant l\u2019\u00e9t\u00e9 autour de lieux de convivialit\u00e9 et de partage, tels que des caf\u00e9s ou pique-niques familiaux mais aussi autour des lieux de festivit\u00e9 et de culture, \u00ab\u00a0avec un appel \u00e0 rejoindre la dynamique TEC \u00e0 la sortie des festivals, des cin\u00e9mas et des concerts\u00a0\u00bb.<\/p>\n<p>L\u2019occasion aussi de confirmer le positionnement politique de la liste de rassemblement \u00ab\u00a0au moment o\u00f9 tout est mouvant, changeant\u00a0\u00bb. \u00ab\u00a0Oui, il y a des \u00e9l\u00e9ments nouveaux qui se font jour\u00a0\u00bb, confirme Andr\u00e9 De Ubeda (PCF) en d\u00e9signant \u00ab\u00a0une droite tr\u00e8s divis\u00e9e et une extr\u00eame droite qui s\u2019avance compl\u00e8tement masqu\u00e9e, peut-\u00eatre parce qu\u2019elle a honte de ce qu\u2019elle repr\u00e9sente\u00a0\u00bb. Une r\u00e9f\u00e9rence directe \u00e0 l\u2019absence du logo RN sur les affiches de Laure Lavalette, la candidate d\u00e9clar\u00e9e du parti \u00e0 la flamme fasciste dans le Port du Levant. \u00ab\u00a0Elle vote comme la droite \u00e0 l\u2019Assembl\u00e9e nationale les r\u00e9gressions sociales, le refus de la taxe Zucman ou de l\u2019augmentation du point d\u2019indice des fonctionnaires\u00a0\u00bb, rappelle-t-il. Un Rassemblement national qui continue dans le m\u00eame temps \u00ab\u00a0ces d\u00e9rapages racistes\u00a0\u00bb. Une menace affirme Andr\u00e9 De Ubeda, que Toulon en Commun est la seule liste de gauche rassembl\u00e9e \u00e0 combattre.<\/p>\n<p> Une liste toujours ouverte\n              <\/p>\n<p>Et il est persuad\u00e9 que la liste est en capacit\u00e9 d\u2019attirer au-del\u00e0 de la gauche \u00ab\u00a0des Toulonnaises et tous les Toulonnais qui ont des envies de changement\u00a0\u00bb.<\/p>\n<p>Pour y parvenir, Toulon en Commun compte bien pr\u00e9senter un programme ambitieux avec \u00ab\u00a0des propositions qui d\u00e9coiffent\u00a0\u00bb. En mati\u00e8re de transports et mobilit\u00e9s pour commencer, en misant toujours sur un Transport en site propre (TCSP) sur rail et \u00ab\u00a0une gratuit\u00e9 progressive\u00a0\u00bb.<\/p>\n<p>\u00ab\u00a0Nous sommes des fiers d\u00e9fenseurs du tramway, parce qu\u2019il permet de transporter \u00e0 peu pr\u00e8s 4\u00a0500\u00a0personnes par heure alors qu\u2019une voie de voiture ne va pas au-del\u00e0 des 1\u00a0500\u00a0\u00bb, intervient Philippe Leroy, le troisi\u00e8me conseiller municipal d\u2019opposition (non encart\u00e9, lui) de TEC. Une mise en place, argumente-t-il, qui va permettre d\u2019apaiser l\u2019axe lourd de circulation tout en rendant \u00ab\u00a0le centre-ville agr\u00e9able et attractif\u00a0\u00bb.<\/p>\n<p>Concernant ensuite la question de l\u2019habitat qui concerne tout le monde \u00ab\u00a0Toulon en Commun propose de tenir une fois \u00e9lue de grandes assises du logement pour avoir une vue globale de la situation et travailler avec l\u2019ensemble des partenaires\u00a0\u00bb.<\/p>\n<p>L\u2019objectif \u00e9tant d\u2019agir sur la chert\u00e9 et la p\u00e9nurie des logements mais aussi sur l\u2019habitat d\u00e9grad\u00e9. \u00ab\u00a0Il existe des moyens et des leviers pour aider propri\u00e9taires et locataires\u00a0\u00bb, promet Andr\u00e9 de Ubeda. et de prendre l\u2019exemple de \u00ab\u00a0la Ville de Paris qui est arriv\u00e9e \u00e0 faire baisser les loyers et \u00e0 faire les 25% de logements sociaux\u00a0\u00bb.<\/p>\n<p>Pour ce qui est de la strat\u00e9gie de la main tendue, Magali Brunel rappelle pour conclure que \u00ab\u00a0l\u2019assembl\u00e9e de Toulon en Commun garde la possibilit\u00e9 d\u2019une ouverture le plus tard possible de fa\u00e7on \u00e0 accueillir jusqu\u2019au bout le maximum de personnes qui s\u2019int\u00e9ressent \u00e0 la liste\u00a0\u00bb. Ils se reconna\u00eetront.<\/p>\n","protected":false},"excerpt":{"rendered":"La t\u00eate de liste de Toulon en Commun pour les municipales de 2026 Magali Brunel (PS) qualifie le&hellip;\n","protected":false},"author":2,"featured_media":212704,"comment_status":"","ping_status":"","sticky":false,"template":"","format":"standard","meta":{"footnotes":""},"categories":[9619],"tags":[1111,11,2761,1777,674,1011,27,12,882,25,2310],"class_list":{"0":"post-212703","1":"post","2":"type-post","3":"status-publish","4":"format-standard","5":"has-post-thumbnail","7":"category-toulon","8":"tag-actu","9":"tag-actualites","10":"tag-elections-municipales-2026","11":"tag-eu","12":"tag-europe","13":"tag-fr","14":"tag-france","15":"tag-news","16":"tag-provence-alpes-cote-dazur","17":"tag-republique-francaise","18":"tag-toulon"},"share_on_mastodon":{"url":"https:\/\/pubeurope.com\/@fr\/114765307798753033","error":""},"_links":{"self":[{"href":"https:\/\/www.europesays.com\/fr\/wp-json\/wp\/v2\/posts\/212703","targetHints":{"allow":["GET"]}}],"collection":[{"href":"https:\/\/www.europesays.com\/fr\/wp-json\/wp\/v2\/posts"}],"about":[{"href":"https:\/\/www.europesays.com\/fr\/wp-json\/wp\/v2\/types\/post"}],"author":[{"embeddable":true,"href":"https:\/\/www.europesays.com\/fr\/wp-json\/wp\/v2\/users\/2"}],"replies":[{"embeddable":true,"href":"https:\/\/www.europesays.com\/fr\/wp-json\/wp\/v2\/comments?post=212703"}],"version-history":[{"count":0,"href":"https:\/\/www.europesays.com\/fr\/wp-json\/wp\/v2\/posts\/212703\/revisions"}],"wp:featuredmedia":[{"embeddable":true,"href":"https:\/\/www.europesays.com\/fr\/wp-json\/wp\/v2\/media\/212704"}],"wp:attachment":[{"href":"https:\/\/www.europesays.com\/fr\/wp-json\/wp\/v2\/media?parent=212703"}],"wp:term":[{"taxonomy":"category","embeddable":true,"href":"https:\/\/www.europesays.com\/fr\/wp-json\/wp\/v2\/categories?post=212703"},{"taxonomy":"post_tag","embeddable":true,"href":"https:\/\/www.europesays.com\/fr\/wp-json\/wp\/v2\/tags?post=212703"}],"curies":[{"name":"wp","href":"https:\/\/api.w.org\/{rel}","templated":true}]}}