{"id":212714,"date":"2025-06-29T06:52:21","date_gmt":"2025-06-29T06:52:21","guid":{"rendered":"https:\/\/www.europesays.com\/fr\/212714\/"},"modified":"2025-06-29T06:52:21","modified_gmt":"2025-06-29T06:52:21","slug":"a-rennes-la-police-sur-le-marche-des-lices-pour-parler-de-loperation-tranquillite-vacances","status":"publish","type":"post","link":"https:\/\/www.europesays.com\/fr\/212714\/","title":{"rendered":"\u00c0 Rennes, la police sur le march\u00e9 des Lices pour parler de l\u2019op\u00e9ration tranquillit\u00e9 vacances"},"content":{"rendered":"<p><strong>\u00ab\u00a0Bonjour madame, vous partez en vacances cet \u00e9t\u00e9\u00a0? Pensez \u00e0 prot\u00e9ger votre logement\u00a0\u00bb<\/strong>, sourit un policier en tendant un flyer. Les clients du march\u00e9 des Lices, \u00e0 <a href=\"https:\/\/rennes.maville.com\/info\/info-locale\/\" target=\"_blank\" rel=\"noopener\">Rennes<\/a> (<a href=\"https:\/\/www.ouest-france.fr\/bretagne\/ille-et-vilaine\/\" target=\"_blank\" rel=\"noopener\">Ille-et-Vilaine<\/a>), n\u2019ont pas pu passer \u00e0 c\u00f4t\u00e9 du stand d\u2019information sur <a href=\"https:\/\/rennes.maville.com\/actu\/actudet_-tout-savoir-sur-l-operation-tranquillite-vacances-menee-a-rennes-cet-ete-_7-6356396_actu.Htm\" target=\"_self\" rel=\"noopener\">l\u2019op\u00e9ration tranquillit\u00e9 vacances<\/a>, ce samedi 28\u00a0juin 2025.<\/p>\n<p>Ce dispositif permet de signaler son absence, afin que la police puisse venir surveiller le logement et mieux pr\u00e9venir les cambriolages. \u00c0 l\u2019approche des d\u00e9parts en vacances, et alors que les cambriolages sont en hausse en Ille-et-Vilaine, polices nationale et municipale ont donc sensibilis\u00e9 les passants.<\/p>\n<p><strong>Lire aussi\u00a0:<\/strong> <a href=\"https:\/\/rennes.maville.com\/actu\/actudet_-carte.-hausse-des-cambriolages-en-ille-et-vilaine-quelles-sont-les-communes-les-plus-touchees-_7-6751065_actu.Htm\" target=\"_self\" rel=\"noopener\">CARTE. Hausse des cambriolages en Ille-et-Vilaine\u00a0: quelles sont les communes les plus touch\u00e9es\u00a0?<\/a><\/p>\n<p>L\u2019occasion \u00e9galement de parler aux passants du recrutement en cours \u00e0 la police nationale (1), notamment pour devenir policier adjoint et gardien de la paix. Les sessions de recrutement se poursuivent jusqu\u2019au 31\u00a0juillet 2025.<\/p>\n<p>(1) Contact pour l\u2019Ille-et-Vilaine\u00a0: dipn35-rf-recrutement@interieur.gouv.fr.<\/p>\n<p>\u00a0<\/p>\n","protected":false},"excerpt":{"rendered":"\u00ab\u00a0Bonjour madame, vous partez en vacances cet \u00e9t\u00e9\u00a0? Pensez \u00e0 prot\u00e9ger votre logement\u00a0\u00bb, sourit un policier en tendant&hellip;\n","protected":false},"author":2,"featured_media":212715,"comment_status":"","ping_status":"","sticky":false,"template":"","format":"standard","meta":{"footnotes":""},"categories":[2821],"tags":[1111,11,829,1777,674,1011,27,35236,2089,12,1476,17483,1072,584,25,19764,2528],"class_list":{"0":"post-212714","1":"post","2":"type-post","3":"status-publish","4":"format-standard","5":"has-post-thumbnail","7":"category-rennes","8":"tag-actu","9":"tag-actualites","10":"tag-bretagne","11":"tag-eu","12":"tag-europe","13":"tag-fr","14":"tag-france","15":"tag-lices","16":"tag-marche","17":"tag-news","18":"tag-operation","19":"tag-parler","20":"tag-police","21":"tag-rennes","22":"tag-republique-francaise","23":"tag-tranquillite","24":"tag-vacances"},"share_on_mastodon":{"url":"https:\/\/pubeurope.com\/@fr\/114765335406536544","error":""},"_links":{"self":[{"href":"https:\/\/www.europesays.com\/fr\/wp-json\/wp\/v2\/posts\/212714","targetHints":{"allow":["GET"]}}],"collection":[{"href":"https:\/\/www.europesays.com\/fr\/wp-json\/wp\/v2\/posts"}],"about":[{"href":"https:\/\/www.europesays.com\/fr\/wp-json\/wp\/v2\/types\/post"}],"author":[{"embeddable":true,"href":"https:\/\/www.europesays.com\/fr\/wp-json\/wp\/v2\/users\/2"}],"replies":[{"embeddable":true,"href":"https:\/\/www.europesays.com\/fr\/wp-json\/wp\/v2\/comments?post=212714"}],"version-history":[{"count":0,"href":"https:\/\/www.europesays.com\/fr\/wp-json\/wp\/v2\/posts\/212714\/revisions"}],"wp:featuredmedia":[{"embeddable":true,"href":"https:\/\/www.europesays.com\/fr\/wp-json\/wp\/v2\/media\/212715"}],"wp:attachment":[{"href":"https:\/\/www.europesays.com\/fr\/wp-json\/wp\/v2\/media?parent=212714"}],"wp:term":[{"taxonomy":"category","embeddable":true,"href":"https:\/\/www.europesays.com\/fr\/wp-json\/wp\/v2\/categories?post=212714"},{"taxonomy":"post_tag","embeddable":true,"href":"https:\/\/www.europesays.com\/fr\/wp-json\/wp\/v2\/tags?post=212714"}],"curies":[{"name":"wp","href":"https:\/\/api.w.org\/{rel}","templated":true}]}}