{"id":212724,"date":"2025-06-29T06:57:08","date_gmt":"2025-06-29T06:57:08","guid":{"rendered":"https:\/\/www.europesays.com\/fr\/212724\/"},"modified":"2025-06-29T06:57:08","modified_gmt":"2025-06-29T06:57:08","slug":"pres-de-nice-vos-billets-de-ter-bientot-disponibles-dans-les-bureaux-de-poste","status":"publish","type":"post","link":"https:\/\/www.europesays.com\/fr\/212724\/","title":{"rendered":"Pr\u00e8s de Nice. Vos billets de TER bient\u00f4t disponibles dans les bureaux de Poste"},"content":{"rendered":"<p>            Par<br \/>\n        <strong><br \/>\n            <a href=\"https:\/\/actu.fr\/auteur\/redaction-nice\" title=\"Consulter tous les articles de R\u00e9daction Nice\" rel=\"nofollow noopener\" target=\"_blank\">R\u00e9daction Nice<\/a><br \/>\n        <\/strong><\/p>\n<p>        Publi\u00e9 le<\/p>\n<p>            29 juin 2025 \u00e0 8h16        <\/p>\n<p>Fini les gal\u00e8res d\u2019achats de titres de transport. Les villes des <a href=\"https:\/\/actu.fr\/provence-alpes-cote-d-azur\/alpes-maritimes_06\" rel=\"nofollow noopener\" target=\"_blank\">Alpes-Maritimes<\/a> et de la R\u00e9gion Provence-Alpes-C\u00f4te-d\u2019Azur, n\u2019ayant <strong>pas ou peu de guichets dans leur gare<\/strong>, pourront d\u00e8s septembre proposer la vente des titres de transport dans les bureaux de Poste.<\/p>\n<p>Priorit\u00e9 \u00e0 la ligne Nice-Tende<\/p>\n<p class=\" wall-content\">La R\u00e9gion Sud l\u2019a annonc\u00e9 ce mercredi 25\u00a0juin. Dans les Alpes-Maritimes, les <strong>huit villes<\/strong> concern\u00e9es sont Cros de Cagnes, Breil-sur-Roya, Tende, La\u00a0Trinit\u00e9, L\u2019Escar\u00e8ne, Sospel, Villeneuve-Loubet et Biot. Apr\u00e8s la Bretagne, l\u2019initiative sera aussi mise en place dans les Alpes-de-Haute Provence, les Hautes-Alpes, les Bouches-du-Rh\u00f4ne, le Var et le Vaucluse.<\/p>\n<p class=\" wall-content\">La mise en place se fera en priorit\u00e9 pour les villes concern\u00e9es par la r\u00e9ouverture de la <a href=\"https:\/\/actu.fr\/provence-alpes-cote-d-azur\/nice_06088\/pres-de-nice-pourquoi-ce-train-aux-paysages-magnifiques-ne-circulera-plus_60825248.html\" rel=\"nofollow noopener\" target=\"_blank\">ligne Nice-Tende<\/a>, ferm\u00e9e depuis le 2\u00a0septembre 2024 et dont l\u2019ouverture aura lieu le 15\u00a0d\u00e9cembre 2025. Les achats de billets de train sont d\u00e9j\u00e0 possibles dans certains offices de tourisme, les bureaux des maisons France Service ou certains guichets de transport locaux.<\/p>\n<p class=\" wall-content\"><strong>Par Florine Amenta<\/strong><\/p>\n<p class=\" wall-content\">Suivez toute l\u2019actualit\u00e9 de vos villes et m\u00e9dias favoris en vous inscrivant \u00e0 <a href=\"https:\/\/moncompte.actu.fr\" title=\"D\u00e9couvez Mon Actu\" rel=\"nofollow noopener\" data-trk=\"{&quot;cta&quot;:{&quot;action&quot;:&quot;https:\\\/\\\/moncompte.actu.fr&quot;,&quot;category&quot;:&quot;mon compte&quot;,&quot;from&quot;:&quot;article footer&quot;,&quot;name&quot;:&quot;Mon actu&quot;,&quot;type&quot;:&quot;cta&quot;}}\" target=\"_blank\">Mon Actu<\/a>.<\/p>\n","protected":false},"excerpt":{"rendered":"Par R\u00e9daction Nice Publi\u00e9 le 29 juin 2025 \u00e0 8h16 Fini les gal\u00e8res d\u2019achats de titres de transport.&hellip;\n","protected":false},"author":2,"featured_media":212725,"comment_status":"","ping_status":"","sticky":false,"template":"","format":"standard","meta":{"footnotes":""},"categories":[2819],"tags":[1111,11,1777,674,1011,27,3316,12,2401,882,25,104,2803],"class_list":{"0":"post-212724","1":"post","2":"type-post","3":"status-publish","4":"format-standard","5":"has-post-thumbnail","7":"category-nice","8":"tag-actu","9":"tag-actualites","10":"tag-eu","11":"tag-europe","12":"tag-fr","13":"tag-france","14":"tag-la-poste","15":"tag-news","16":"tag-nice","17":"tag-provence-alpes-cote-dazur","18":"tag-republique-francaise","19":"tag-societe","20":"tag-transport"},"share_on_mastodon":{"url":"https:\/\/pubeurope.com\/@fr\/114765355053773442","error":""},"_links":{"self":[{"href":"https:\/\/www.europesays.com\/fr\/wp-json\/wp\/v2\/posts\/212724","targetHints":{"allow":["GET"]}}],"collection":[{"href":"https:\/\/www.europesays.com\/fr\/wp-json\/wp\/v2\/posts"}],"about":[{"href":"https:\/\/www.europesays.com\/fr\/wp-json\/wp\/v2\/types\/post"}],"author":[{"embeddable":true,"href":"https:\/\/www.europesays.com\/fr\/wp-json\/wp\/v2\/users\/2"}],"replies":[{"embeddable":true,"href":"https:\/\/www.europesays.com\/fr\/wp-json\/wp\/v2\/comments?post=212724"}],"version-history":[{"count":0,"href":"https:\/\/www.europesays.com\/fr\/wp-json\/wp\/v2\/posts\/212724\/revisions"}],"wp:featuredmedia":[{"embeddable":true,"href":"https:\/\/www.europesays.com\/fr\/wp-json\/wp\/v2\/media\/212725"}],"wp:attachment":[{"href":"https:\/\/www.europesays.com\/fr\/wp-json\/wp\/v2\/media?parent=212724"}],"wp:term":[{"taxonomy":"category","embeddable":true,"href":"https:\/\/www.europesays.com\/fr\/wp-json\/wp\/v2\/categories?post=212724"},{"taxonomy":"post_tag","embeddable":true,"href":"https:\/\/www.europesays.com\/fr\/wp-json\/wp\/v2\/tags?post=212724"}],"curies":[{"name":"wp","href":"https:\/\/api.w.org\/{rel}","templated":true}]}}