{"id":212726,"date":"2025-06-29T06:58:18","date_gmt":"2025-06-29T06:58:18","guid":{"rendered":"https:\/\/www.europesays.com\/fr\/212726\/"},"modified":"2025-06-29T06:58:18","modified_gmt":"2025-06-29T06:58:18","slug":"un-homme-de-24-ans-decede-et-un-enfant-de-3-ans-gravement-blesse-dans-un-accident-pres-de","status":"publish","type":"post","link":"https:\/\/www.europesays.com\/fr\/212726\/","title":{"rendered":"Un homme de 24\u00a0ans d\u00e9c\u00e8de et un enfant de 3\u00a0ans gravement bless\u00e9 dans un accident pr\u00e8s de"},"content":{"rendered":"<tr wp_automatic_readability=\"2.9328358208955\">\n<td valign=\"middle\" align=\"center\" class=\"col-logo\">\n    <img decoding=\"async\" src=\"https:\/\/www.europesays.com\/fr\/wp-content\/uploads\/2025\/04\/presse-ocean.gif\" alt=\"logo Presse-Oc\u00e9an\" height=\"66\"\/><\/p>\n<\/td>\n<td class=\"col-titre\">\n\t\t\tDimanche 29 juin 2025 07:35<br \/>\n\t\t\t<a class=\"icon-bulle sizeL count\" href=\"#ancreAvis\"><br \/>\n\t&#8230;<br \/>\n<\/a><\/td>\n<\/tr>\n<p>\t\t<a class=\"mavillebox2 elmt-photo\" href=\"https:\/\/maville.com\/photosmvi\/2025\/06\/29\/P35321127D6876575G.jpg\" title=\" Les bless\u00e9s graves ont \u00e9t\u00e9 transport\u00e9s au CHU.  \u00a9  Photo Presse Oc\u00e9an-Nathalie Bourreau  &lt;!--TAG-BLC credit--&gt;\" rel=\"galerie_actu noopener\" target=\"_blank\"><br \/>\n\t<img decoding=\"async\" src=\"https:\/\/www.europesays.com\/fr\/wp-content\/uploads\/2025\/06\/P35321127D6876575G_crop_640-330_.jpg\" alt=\"photo  les bless\u00e9s graves ont \u00e9t\u00e9 transport\u00e9s au chu.  \u00a9  photo presse oc\u00e9an-nathalie bourreau \"\/><br \/>\n\t1<br \/>\n<\/a><\/p>\n<p class=\"elmt-legende\"> Les bless\u00e9s graves ont \u00e9t\u00e9 transport\u00e9s au CHU.  \u00a9  Photo Presse Oc\u00e9an-Nathalie Bourreau  <\/p>\n<p>\t\tUn choc frontal entre deux voitures s\u2019est produit samedi 28 juin 2025 \u00e0 22\u00a0h\u00a039, dans la commune des Vallons de l\u2019Erdre. Cinq personnes \u00e9taient impliqu\u00e9es\u00a0: un homme de 24\u00a0ans qui est mort, un enfant de 3\u00a0ans et un adulte de 39\u00a0ans gravement touch\u00e9s ainsi que deux autres personnes plus l\u00e9g\u00e8rement atteintes.<\/p>\n<p><b>Cet article est r\u00e9serv\u00e9 aux abonn\u00e9s<\/b><\/p>\n<p>Pour un acc\u00e8s imm\u00e9diat, abonnez-vous<\/p>\n<p><b>1\u00e8re semaine offerte<\/b><\/p>\n<p>\t\t Presse Oc\u00e9an \u00a0\u00a0<br \/>\n\t\tPresse-Oc\u00e9an<\/p>\n<p>Retrouvez d&rsquo;autres actus sur la commune de :<\/p>\n<p>\t\t&#13;<\/p>\n","protected":false},"excerpt":{"rendered":"Dimanche 29 juin 2025 07:35 &#8230; 1 Les bless\u00e9s graves ont \u00e9t\u00e9 transport\u00e9s au CHU. \u00a9 Photo Presse&hellip;\n","protected":false},"author":2,"featured_media":212727,"comment_status":"","ping_status":"","sticky":false,"template":"","format":"standard","meta":{"footnotes":""},"categories":[2818],"tags":[2466,19020,119,1111,11,1764,3916,1762,847,1777,674,1011,27,16508,4933,766,12,2636,3762,25],"class_list":{"0":"post-212726","1":"post","2":"type-post","3":"status-publish","4":"format-standard","5":"has-post-thumbnail","7":"category-nantes","8":"tag-2466","9":"tag-19020","10":"tag-accident","11":"tag-actu","12":"tag-actualites","13":"tag-ans","14":"tag-blesse","15":"tag-decede","16":"tag-enfant","17":"tag-eu","18":"tag-europe","19":"tag-fr","20":"tag-france","21":"tag-gravement","22":"tag-homme","23":"tag-nantes","24":"tag-news","25":"tag-pays-de-la-loire","26":"tag-pres","27":"tag-republique-francaise"},"share_on_mastodon":{"url":"https:\/\/pubeurope.com\/@fr\/114765358977203705","error":""},"_links":{"self":[{"href":"https:\/\/www.europesays.com\/fr\/wp-json\/wp\/v2\/posts\/212726","targetHints":{"allow":["GET"]}}],"collection":[{"href":"https:\/\/www.europesays.com\/fr\/wp-json\/wp\/v2\/posts"}],"about":[{"href":"https:\/\/www.europesays.com\/fr\/wp-json\/wp\/v2\/types\/post"}],"author":[{"embeddable":true,"href":"https:\/\/www.europesays.com\/fr\/wp-json\/wp\/v2\/users\/2"}],"replies":[{"embeddable":true,"href":"https:\/\/www.europesays.com\/fr\/wp-json\/wp\/v2\/comments?post=212726"}],"version-history":[{"count":0,"href":"https:\/\/www.europesays.com\/fr\/wp-json\/wp\/v2\/posts\/212726\/revisions"}],"wp:featuredmedia":[{"embeddable":true,"href":"https:\/\/www.europesays.com\/fr\/wp-json\/wp\/v2\/media\/212727"}],"wp:attachment":[{"href":"https:\/\/www.europesays.com\/fr\/wp-json\/wp\/v2\/media?parent=212726"}],"wp:term":[{"taxonomy":"category","embeddable":true,"href":"https:\/\/www.europesays.com\/fr\/wp-json\/wp\/v2\/categories?post=212726"},{"taxonomy":"post_tag","embeddable":true,"href":"https:\/\/www.europesays.com\/fr\/wp-json\/wp\/v2\/tags?post=212726"}],"curies":[{"name":"wp","href":"https:\/\/api.w.org\/{rel}","templated":true}]}}