{"id":212742,"date":"2025-06-29T07:07:15","date_gmt":"2025-06-29T07:07:15","guid":{"rendered":"https:\/\/www.europesays.com\/fr\/212742\/"},"modified":"2025-06-29T07:07:15","modified_gmt":"2025-06-29T07:07:15","slug":"theo-cantona-etoile-du-beach-soccer-a-marseille-portrait-dun-attaquant","status":"publish","type":"post","link":"https:\/\/www.europesays.com\/fr\/212742\/","title":{"rendered":"Th\u00e9o Cantona : \u00e9toile du beach soccer \u00e0 Marseille, portrait d&rsquo;un attaquant"},"content":{"rendered":"<p>Dans l\u2019un des box du cabinet de Kin\u00e9 Montolivet, <a href=\"https:\/\/www.facebook.com\/theo.cantona\/\" rel=\"noopener\" target=\"_blank\">Th\u00e9o Cantona<\/a> est assis, bottes de pressoth\u00e9rapie aux pieds. Il lui reste encore 20\u00a0minutes de soins, et un objectif en t\u00eate : <strong>revenir \u00e0 son meilleur niveau<\/strong> sur le <strong>sable<\/strong>. <\/p>\n<p>Les ligaments crois\u00e9s en reconstruction, mais le maillot rose et noir de <a href=\"https:\/\/www.facebook.com\/marseillebeachteam\/?locale=fr_FR\" rel=\"noopener\" target=\"_blank\">Marseille Beach Team<\/a> toujours sur les \u00e9paules. M\u00eame en convalescence, le joueur de <strong>beach soccer<\/strong> ne d\u00e9croche jamais vraiment le terrain. <\/p>\n<p>\u00c0 presque 30\u00a0ans, l\u2019Allaudien n\u2019est pas un <strong>attaquant de football<\/strong> classique : c\u2019est sur les plages et non sur du gazon qu\u2019il fait vivre le <strong>ballon<\/strong>. Avec des gestes spectaculaires, qu\u2019il qualifie lui d\u2019\u00ab\u00a0acrobatiques\u00a0\u00bb. Th\u00e9o \u00e9volue dans un sport encore m\u00e9connu mais ultra physique, o\u00f9 les retourn\u00e9s, les duels et les sprints dans le sable s\u2019encha\u00eenent \u00e0 un rythme effr\u00e9n\u00e9. \u00ab Ce que j\u2019aime, c\u2019est le c\u00f4t\u00e9 show. Le ballon ne reste jamais au sol. Tu sautes, tu frappes, tu t\u2019arraches sur chaque action. \u00bb<\/p>\n<p> <img decoding=\"async\" alt=\"\" class=\"img-size-limited\" data-zoomable=\"\" height=\"1500\" loading=\"lazy\" src=\"https:\/\/www.europesays.com\/fr\/wp-content\/uploads\/2025\/06\/theo-cantona-kine-montolivet.jpg\" width=\"2000\"\/> <strong>\u00a9<\/strong> A.\u00a0A. &#8211; Th\u00e9o Cantona a entam\u00e9 sa r\u00e9\u00e9ducation en d\u00e9cembre 2024 avec l&rsquo;\u00e9quipe de Kin\u00e9 Montolivet. Le beach soccer\u00a0: \u00ab\u00a0Je suis tomb\u00e9 dedans comme Ob\u00e9lix\u00a0\u00bb <\/p>\n<p>L\u2019histoire commence forc\u00e9ment t\u00f4t. Le <strong>beach soccer<\/strong>, chez les <strong>Cantona<\/strong>, est une <strong>affaire de famille<\/strong>. \u00ab\u00a0J\u2019avais trois ans quand mon p\u00e8re l\u2019a ramen\u00e9 du Br\u00e9sil. Je suis tomb\u00e9 dedans comme Ob\u00e9lix, petit \u00bb, avance Th\u00e9o. <a href=\"https:\/\/www.instagram.com\/joelcantona\/?hl=fr\" rel=\"noopener\" target=\"_blank\">Jo\u00ebl Cantona<\/a>, son p\u00e8re, a contribu\u00e9 \u00e0 implanter la discipline en Europe, soutenu par ses fr\u00e8res, <a href=\"https:\/\/www.instagram.com\/ericcantona\/\" rel=\"noopener\" target=\"_blank\">Eric<\/a> et <a href=\"https:\/\/www.linkedin.com\/in\/jean-marie-cantona-9612946a\/?originalSubdomain=fr\" rel=\"noopener\" target=\"_blank\">Jean-Marie<\/a>. The King*, alors s\u00e9lectionneur-joueur de l\u2019\u00e9quipe de France, d\u00e9croche m\u00eame un titre de champion du monde en 2005.<\/p>\n<p>Mais Th\u00e9o ne se pr\u00e9cipite pas directement sur le sable. Il commence par le <strong>foot<\/strong> classique, passe par les clubs locaux, avant d\u2019enfiler ses premi\u00e8res chaussettes de <strong>beach soccer<\/strong> \u00e0 17\u00a0ans, \u00e0 <strong>Aix-en-Provence<\/strong>. L\u2019aventure s\u2019interrompt rapidement &#8211; faute de moyens, le club d\u00e9pose le ballon. <\/p>\n<p>Th\u00e9o part alors voyager, en Australie notamment, et met la discipline entre parenth\u00e8ses. Jusqu\u2019\u00e0 ce que le virus le rattrape \u00e0 21\u00a0ans : retour \u00e0 Aix, deux saisons, puis cap sur La Grande-Motte (H\u00e9rault), l\u2019un des clubs les plus structur\u00e9s de France. Enfin, <strong>Marseille<\/strong>. Depuis cinq ans, il \u00e9volue \u00e0 la <strong>MBT<\/strong> : \u00ab Un vrai projet, avec un terrain d\u00e9di\u00e9, mont\u00e9 avec la mairie des 9\/10. C\u2019est le premier de la ville. \u00bb <\/p>\n<p>Un sport spectaculaire mais exigeant <\/p>\n<p>Le beach soccer ne s\u2019improvise pas. Terrain r\u00e9duit (36\u00a0m\u00e8tres), <strong>matchs <\/strong>en trois tiers-temps de 12 minutes, changements illimit\u00e9s\u2026 et <strong>sable<\/strong> br\u00fblant sous les <strong>pieds<\/strong>. \u00ab On mouille le sol r\u00e9guli\u00e8rement, sinon tu te crames. Mais le plus dur, c\u2019est l\u2019effort constant. Cardio, explosivit\u00e9, reprise d\u2019appui\u2026 t\u2019as pas une seconde de r\u00e9pit. \u00bb M\u00eame <strong>les attaquants d\u00e9fendent<\/strong>. M\u00eame les artistes transpirent. Th\u00e9o insiste : \u00ab M\u00eame si t\u2019es pas un acrobate, tu peux jouer. Mais il faut \u00eatre solide. \u00bb<\/p>\n<p>Les <strong>buts <\/strong>pleuvent : neuf ou dix par match en moyenne. Et la saison s\u2019\u00e9tire de mars \u00e0 d\u00e9cembre : <strong>championnat de France<\/strong> de mai \u00e0 ao\u00fbt, <strong>Ligue des champions<\/strong> en juin, <strong>Coupe du monde des clubs<\/strong> en septembre, Gr\u00e8ce en octobre, Andalousie en d\u00e9cembre. Une plan\u00e8te sableuse encore discr\u00e8te dans l\u2019Hexagone mais bien install\u00e9e ailleurs : \u00ab On a dix ans de retard sur les Italiens, les Portugais, les Espagnols. \u00bb Et pourtant, <strong>la France a \u00e9t\u00e9 championne du monde<\/strong>, il y a 20\u00a0ans. Un souvenir un peu lointain.<\/p>\n<p> En Espagne, des souvenirs de match : \u00ab On m\u2019a p\u00e9t\u00e9 les deux dents, mais on a gagn\u00e9 \u00bb <\/p>\n<p>Th\u00e9o n\u2019a pas choisi la voie la plus confortable. Le beach soccer ne permet pas &#8211; pas encore &#8211; d\u2019en vivre, en France. \u00c0 c\u00f4t\u00e9, il bosse dans <strong>l\u2019\u00e9v\u00e9nementiel<\/strong> avec son p\u00e8re. Jo\u00ebl a d\u2019ailleurs <strong>organis\u00e9 une Coupe du monde en 2008 \u00e0 Marseille<\/strong>. Depuis\u00a0? <\/p>\n<blockquote>\n<p>La F\u00e9d\u00e9ration ne suit plus vraiment. Il y a eu des choix d\u2019investissement peu coh\u00e9rents. Comme pour le foot en salle : ils investissent, mais mal. \u00bb <\/p>\n<\/blockquote>\n<p>Et malgr\u00e9 les gal\u00e8res, le <strong>joueur<\/strong> garde l\u2019envie. M\u00eame les <strong>mauvais souvenirs finissent en anecdotes<\/strong>. \u00ab En Espagne, je prends un coup de coude d\u00e8s le premier match. R\u00e9sultat : deux dents p\u00e9t\u00e9es. Mais on gagne le tournoi. \u00bb<\/p>\n<p> <img decoding=\"async\" alt=\"\" class=\"img-align-center\" data-zoomable=\"\" height=\"1500\" loading=\"lazy\" src=\"https:\/\/www.europesays.com\/fr\/wp-content\/uploads\/2025\/06\/mbt-vainqueur-coupe-cantona-2.jpg\" width=\"2000\"\/> <strong>\u00a9<\/strong> D. R. &#8211; Apr\u00e8s avoir re\u00e7u un coup de coude, Th\u00e9o Cantona a fini le tournoi avec deux dents cass\u00e9es. Marseillais et sanguin <\/p>\n<p>Sur un terrain, le buteur assume : il a le <strong>sang chaud<\/strong>. \u00ab Quand il y a des injustices, je peux vriller. Je suis Marseillais, \u00e7a joue. Et un Cantona, aussi. Le sang est tr\u00e8s chaud dans la famille \u00bb, dit-il en souriant. Il sait ce que son nom \u00e9voque. Mais ne le brandit pas. Il cherche \u00e0 tracer sa voie, \u00e0 <strong>construire son propre palmar\u00e8s<\/strong>. <\/p>\n<p>Son prochain objectif\u00a0? <strong>Gagner<\/strong> enfin le championnat de France avec le MBT. \u00ab \u00c7a fait cinq ans qu\u2019on court apr\u00e8s. L\u2019an dernier, on perd 5-4 en finale contre les Minots de Marseille. \u00bb Finale 100 % marseillaise. Et plus loin, un autre r\u00eave : porter le maillot tricolore. \u00ab L\u2019\u00e9quipe de France, c\u2019est dans un coin de ma t\u00eate. \u00bb <\/p>\n<p class=\"note_article\">*\u00a0Eric Cantona a \u00e9t\u00e9 surnomm\u00e9 The King par les supporters de Manchester United pour son charisme, son style de jeu spectaculaire et son r\u00f4le d\u00e9cisif dans les succ\u00e8s du club dans les ann\u00e9es\u00a01990.\u00a0 <\/p>\n<p>Le suppl\u00e9ment marseillais : <\/p>\n<p><strong>Ton endroit pr\u00e9f\u00e9r\u00e9 \u00e0 Marseille\u00a0:<\/strong> <\/p>\n<p><strong>OM ou pas OM ?<\/strong> <\/p>\n<ul>\n<li>Oui, OM. A la vie \u00e0 la mort. Et m\u00eame si on n\u2019est plus le seul club fran\u00e7ais \u00e0 avoir remport\u00e9 la Ligue des champions, on est \u00e0 jamais les premiers. <\/li>\n<\/ul>\n<p><strong>Le truc qui t\u2019\u00e9nerve le plus \u00e0 Marseille\u00a0?<\/strong> <\/p>\n<ul>\n<li>La salet\u00e9 dans les rues. <\/li>\n<\/ul>\n<p><strong>Le truc qui te fait rester \u00e0 Marseille\u00a0?<\/strong> <\/p>\n<ul>\n<li>Le soleil, le foot, l\u2019OM, et la famille bien s\u00fbr. <\/li>\n<\/ul>\n<p><strong>Le mot marseillais que tu adores utiliser\u00a0?<\/strong> <\/p>\n<ul>\n<li>\u00ab\u00a0Tarpin\u00a0\u00bb. Et j\u2019aimerais l\u2019utiliser un peu moins\u00a0! Et \u00ab\u00a0ti\u00e9 un fada\u00a0!\u00a0\u00bb, j\u2019aime beaucoup. <\/li>\n<\/ul>\n<p><strong>Une expression locale que tu as mis du temps \u00e0 comprendre\u00a0?<\/strong> <\/p>\n<ul>\n<li>\u00ab \u00c7a m\u2019engatse\u00a0!\u00a0\u00bb <\/li>\n<\/ul>\n<p><script async src=\"\/\/www.instagram.com\/embed.js\"><\/script><\/p>\n","protected":false},"excerpt":{"rendered":"Dans l\u2019un des box du cabinet de Kin\u00e9 Montolivet, Th\u00e9o Cantona est assis, bottes de pressoth\u00e9rapie aux pieds.&hellip;\n","protected":false},"author":2,"featured_media":212743,"comment_status":"","ping_status":"","sticky":false,"template":"","format":"standard","meta":{"footnotes":""},"categories":[2814],"tags":[1111,11,35239,1777,674,1011,27,884,12,8302,9026,882,25,19463,60],"class_list":{"0":"post-212742","1":"post","2":"type-post","3":"status-publish","4":"format-standard","5":"has-post-thumbnail","7":"category-marseille","8":"tag-actu","9":"tag-actualites","10":"tag-beach-soccer","11":"tag-eu","12":"tag-europe","13":"tag-fr","14":"tag-france","15":"tag-marseille","16":"tag-news","17":"tag-plages","18":"tag-portrait","19":"tag-provence-alpes-cote-dazur","20":"tag-republique-francaise","21":"tag-sable","22":"tag-sports"},"share_on_mastodon":{"url":"https:\/\/pubeurope.com\/@fr\/114765394368204826","error":""},"_links":{"self":[{"href":"https:\/\/www.europesays.com\/fr\/wp-json\/wp\/v2\/posts\/212742","targetHints":{"allow":["GET"]}}],"collection":[{"href":"https:\/\/www.europesays.com\/fr\/wp-json\/wp\/v2\/posts"}],"about":[{"href":"https:\/\/www.europesays.com\/fr\/wp-json\/wp\/v2\/types\/post"}],"author":[{"embeddable":true,"href":"https:\/\/www.europesays.com\/fr\/wp-json\/wp\/v2\/users\/2"}],"replies":[{"embeddable":true,"href":"https:\/\/www.europesays.com\/fr\/wp-json\/wp\/v2\/comments?post=212742"}],"version-history":[{"count":0,"href":"https:\/\/www.europesays.com\/fr\/wp-json\/wp\/v2\/posts\/212742\/revisions"}],"wp:featuredmedia":[{"embeddable":true,"href":"https:\/\/www.europesays.com\/fr\/wp-json\/wp\/v2\/media\/212743"}],"wp:attachment":[{"href":"https:\/\/www.europesays.com\/fr\/wp-json\/wp\/v2\/media?parent=212742"}],"wp:term":[{"taxonomy":"category","embeddable":true,"href":"https:\/\/www.europesays.com\/fr\/wp-json\/wp\/v2\/categories?post=212742"},{"taxonomy":"post_tag","embeddable":true,"href":"https:\/\/www.europesays.com\/fr\/wp-json\/wp\/v2\/tags?post=212742"}],"curies":[{"name":"wp","href":"https:\/\/api.w.org\/{rel}","templated":true}]}}