{"id":212755,"date":"2025-06-29T07:15:14","date_gmt":"2025-06-29T07:15:14","guid":{"rendered":"https:\/\/www.europesays.com\/fr\/212755\/"},"modified":"2025-06-29T07:15:14","modified_gmt":"2025-06-29T07:15:14","slug":"paris-sg-inter-miami-comment-voir-gratuitement-le-match-en-direct-ce-dimanche","status":"publish","type":"post","link":"https:\/\/www.europesays.com\/fr\/212755\/","title":{"rendered":"Paris SG \u2013 Inter Miami : comment voir gratuitement le match en direct ce dimanche ?"},"content":{"rendered":"<p class=\"paragraph text_align_left lp-f-body-02\">Ce week-end, tous les regards seront tourn\u00e9s vers Atlanta pour l\u2019une des affiches les plus attendues de la Coupe du monde des clubs de la FIFA. De son c\u00f4t\u00e9, le <a href=\"https:\/\/dazn.prf.hn\/click\/camref:1011lSfUI\" target=\"_blank\" rel=\"sponsored nofollow noopener\">Paris Saint-Germain<\/a> a termin\u00e9 \u00e0 la premi\u00e8re place du groupe B, avec six points et une diff\u00e9rence de cinq buts. Au cours de la phase de poules, les co\u00e9quipiers de Bradley Barcola ont battu l\u2019Atl\u00e9tico de Madrid (4-0) et les Sounders de Seattle (0-2), et subi une d\u00e9faite face \u00e0 Botafogo (0-1). Ce dimanche, les hommes de Luis Enrique doivent imp\u00e9rativement s\u2019imposer contre Miami, au risque d\u2019\u00eatre \u00e9limin\u00e9s de la comp\u00e9tition. L\u2019\u00e9quipe men\u00e9e par Lionel Messi s\u2019est, quant \u00e0 elle, qualifi\u00e9e en prenant la seconde place du groupe A. \u00c0 l\u2019heure actuelle, l\u2019Inter Miami reste sur deux nuls (Palmeiras et Al Ahly) et une victoire (Porto). Dans ces lignes, on vous dit \u00e0 quelle heure et sur quelle cha\u00eene suivre le choc qui oppose le Paris Saint-Germain et l\u2019Inter Miami, en direct ce dimanche soir.<\/p>\n<p><b>Suivez le match Paris SG \u2013 Inter Miami avec DAZN<\/b><\/p>\n<p class=\"paragraph text_align_left lp-f-body-02\"><b>Le match Paris SG \u2013 Inter Miami est diffus\u00e9 ce dimanche 29 juin, <\/b><a href=\"https:\/\/dazn.prf.hn\/click\/camref:1011lSfUI\" target=\"_blank\" rel=\"sponsored nofollow noopener\"><b>en exclusivit\u00e9 et gratuitement sur la plateforme de streaming DAZN<\/b><\/a>. Le coup d\u2019envoi de la rencontre est pr\u00e9vu \u00e0 18 heures, au Mercedes-Benz Stadium d\u2019Atlanta. Les consultants, dont font partie Mamadou Sakho, Claude Mak\u00e9l\u00e9l\u00e9, Beno\u00eet Cheyrou et Ga\u00ebl Clichy, pr\u00e9sentent les effectifs et les enjeux de la soir\u00e9e. Les commentateurs prennent ensuite le relais pour vous plonger au c\u0153ur de l\u2019action, d\u00e9crypter les performances des joueurs, et analyser les r\u00e9sultats et les temps forts des huiti\u00e8mes de finale.<\/p>\n<p class=\"paragraph text_align_left lp-f-body-02\"><b>Cliquez ici pour <\/b><a href=\"https:\/\/dazn.prf.hn\/click\/camref:1011lSfUI\" target=\"_blank\" rel=\"sponsored nofollow noopener\"><b>voir Paris SG \u2013 Inter Miami<\/b><\/a><\/p>\n","protected":false},"excerpt":{"rendered":"Ce week-end, tous les regards seront tourn\u00e9s vers Atlanta pour l\u2019une des affiches les plus attendues de la&hellip;\n","protected":false},"author":2,"featured_media":212756,"comment_status":"","ping_status":"","sticky":false,"template":"","format":"standard","meta":{"footnotes":""},"categories":[1888],"tags":[11,4928,1777,674,1011,27,749,12,626,93,25,6718],"class_list":{"0":"post-212755","1":"post","2":"type-post","3":"status-publish","4":"format-standard","5":"has-post-thumbnail","7":"category-paris","8":"tag-actualites","9":"tag-dazn","10":"tag-eu","11":"tag-europe","12":"tag-fr","13":"tag-france","14":"tag-guide-shopping","15":"tag-news","16":"tag-paris","17":"tag-psg","18":"tag-republique-francaise","19":"tag-tv-streaming"},"share_on_mastodon":{"url":"https:\/\/pubeurope.com\/@fr\/114765425810717303","error":""},"_links":{"self":[{"href":"https:\/\/www.europesays.com\/fr\/wp-json\/wp\/v2\/posts\/212755","targetHints":{"allow":["GET"]}}],"collection":[{"href":"https:\/\/www.europesays.com\/fr\/wp-json\/wp\/v2\/posts"}],"about":[{"href":"https:\/\/www.europesays.com\/fr\/wp-json\/wp\/v2\/types\/post"}],"author":[{"embeddable":true,"href":"https:\/\/www.europesays.com\/fr\/wp-json\/wp\/v2\/users\/2"}],"replies":[{"embeddable":true,"href":"https:\/\/www.europesays.com\/fr\/wp-json\/wp\/v2\/comments?post=212755"}],"version-history":[{"count":0,"href":"https:\/\/www.europesays.com\/fr\/wp-json\/wp\/v2\/posts\/212755\/revisions"}],"wp:featuredmedia":[{"embeddable":true,"href":"https:\/\/www.europesays.com\/fr\/wp-json\/wp\/v2\/media\/212756"}],"wp:attachment":[{"href":"https:\/\/www.europesays.com\/fr\/wp-json\/wp\/v2\/media?parent=212755"}],"wp:term":[{"taxonomy":"category","embeddable":true,"href":"https:\/\/www.europesays.com\/fr\/wp-json\/wp\/v2\/categories?post=212755"},{"taxonomy":"post_tag","embeddable":true,"href":"https:\/\/www.europesays.com\/fr\/wp-json\/wp\/v2\/tags?post=212755"}],"curies":[{"name":"wp","href":"https:\/\/api.w.org\/{rel}","templated":true}]}}