{"id":212757,"date":"2025-06-29T07:16:10","date_gmt":"2025-06-29T07:16:10","guid":{"rendered":"https:\/\/www.europesays.com\/fr\/212757\/"},"modified":"2025-06-29T07:16:10","modified_gmt":"2025-06-29T07:16:10","slug":"la-russie-accusee-de-manipuler-les-tensions-interethniques-a-des-fins-geopolitiques-nouvelles-darmenie-en-ligne","status":"publish","type":"post","link":"https:\/\/www.europesays.com\/fr\/212757\/","title":{"rendered":"La Russie accus\u00e9e de manipuler les tensions interethniques \u00e0 des fins g\u00e9opolitiques &#8211; Nouvelles d&#039;Arm\u00e9nie en Ligne"},"content":{"rendered":"<ol>\n<li><a href=\"https:\/\/news.google.com\/rss\/articles\/CBMirgFBVV95cUxQWGxDcHVHM3ZiakFkRWpKTzVLVHhmLU9BMTFyQjJGdmJyQWttWVNIVGVDc3ZuUERNaUtUSENzdVV2bnBKWmNSXzhsejRGZTVkeWx0Q3daM25oTlhzeVpVaXFud1hXdkxvTXlOdHNkd2xDQ1gyUlZ2R3FpdXdhSkstd3FYRG1Qa0RwaFJtYWFtcTYwRWlxZklaQTRrT0lCQU95eEFWQ0ZRaUJ5Mmk0aWc?oc=5\" target=\"_blank\" rel=\"nofollow noopener\">La Russie accus\u00e9e de manipuler les tensions interethniques \u00e0 des fins g\u00e9opolitiques<\/a>&nbsp;&nbsp;Nouvelles d&rsquo;Arm\u00e9nie en Ligne<\/li>\n<li><a href=\"https:\/\/news.google.com\/rss\/articles\/CBMi2AFBVV95cUxPbWJmWGVEeTJWeXdFOUg5UksyMXM3RzFnaHVQTEZpcDMyOUhHVWNrRnFfNmFLLUNlRUJTM1RCZFdyQkNDcnR1UEhUdG0xUVo0MnZLRlVCQzYzN2JJel9fWExQR3RnOHl4emlHeDA1ZlFIdTBJbnB1aWdhTlNGQ3paOWZQWHRZOGJrUUdaY2x1SnBSWHBZTThINWdWeFRmQUlxdjlsc2tFUVdvaXNjMll0WUFkdUJiSTZRMVIxbjdOLTFRTnNPSFhtdmVsV2VaY0pkTjFZNmthcUo?oc=5\" target=\"_blank\" rel=\"nofollow noopener\">Bakou exige que la Russie enqu\u00eate sur le meurtre d&rsquo;Azerba\u00efdjanais \u00e0 Ekaterinbourg et traduise en justice les auteurs<\/a>&nbsp;&nbsp;Nouvelles d&rsquo;Arm\u00e9nie en Ligne<\/li>\n<li><a href=\"https:\/\/news.google.com\/rss\/articles\/CBMisAFBVV95cUxPX3lZSEhMYmdoMGVlclVPNHZzN3pkVjFDWThPNmd3RFphd0VoVEl0Z3pxQ2YtS2hKcTJOXzZkLWdBUmtnRUUzWW42WUpsUVREVGQ5bi00TEp5QTEwZV9raXJtUTJfOUY4MUJSa2R0S3plYnpvQU1mMGhWanR6Y3daZXdhdkMtWkxSYlZrbUFTZHVQanhhblZLRUFvRGFXd0NwRE1UbDdkSE1MaWlUbnRyeg?oc=5\" target=\"_blank\" rel=\"nofollow noopener\">L\u2019ombudsman d\u2019Azerba\u00efdjan adresse une lettre officielle \u00e0 son homologue russe<\/a>&nbsp;&nbsp;Az\u0259rtac<\/li>\n<li><a href=\"https:\/\/news.google.com\/rss\/articles\/CBMi8gFBVV95cUxNLTlVRFp3LU1RZTBjbzJSd0xIanhHSWt2eTdaN2tPR0JPZ2Q3WERyeUpWVzNuYkNKN2NicmswRUl6Nm1SNzljYVQ3RUZrdl81N2x1dmNyWmdQZ3BwNVNlZkM3T0FvZ2RHTk1fWmg1UDdhSy1NQktzTTQ4S0gtc1owOEZhdkJoUklvVE1MU1JsSmEya005ZmFoNnFLUkZDQmE3ME90S2FoOUhCNkstemJ5Z0J1aHBmbXB4bnVkQzRKQ1g1eG9BZ0JCaGFlYy1Fc2JtM2F6NU1UYzZJVDd5d3gtRFVEM3JibGtFZUpoM0NPYTFSZw?oc=5\" target=\"_blank\" rel=\"nofollow noopener\">L\u2019affaire li\u00e9e \u00e0 la d\u00e9tention des Azerba\u00efdjanais \u00e0 Ekaterinbourg est plac\u00e9e sous contr\u00f4le sp\u00e9cial par le Comit\u00e9 d\u2019enqu\u00eate russe<\/a>&nbsp;&nbsp;Az\u0259rtac<\/li>\n<li><a href=\"https:\/\/news.google.com\/rss\/articles\/CBMitgFBVV95cUxQb2RXOXJtci1oVDFUOGpHa1Jib1B3d29Jd3NTTTZCSlduSk5wRXIzMWZvN0twcU5UbmlabEVLbGN6ZmJMZ0d2S1hzem94a0h4VE52ZEZOV2JhcFhQVHB6ZW9Sb2JkclNIZDhLcHh0NXhWb0EzbmhHVm9CNFFTS3BkNjlza0xwZ0owWG1wWl96QmNnN0NJbngtazBoN2VzXzJsOF9jRWlmV05NR3NMdlJjdmstM0ZGQQ?oc=5\" target=\"_blank\" rel=\"nofollow noopener\">Seyfaddin Husseynli : L\u2019assassinat de mes fr\u00e8res innocents ne restera pas impuni\u2026<\/a>&nbsp;&nbsp;Az\u0259rtac<\/li>\n<\/ol>\n","protected":false},"excerpt":{"rendered":"La Russie accus\u00e9e de manipuler les tensions interethniques \u00e0 des fins g\u00e9opolitiques&nbsp;&nbsp;Nouvelles d&rsquo;Arm\u00e9nie en Ligne Bakou exige que&hellip;\n","protected":false},"author":2,"featured_media":212758,"comment_status":"","ping_status":"","sticky":false,"template":"","format":"standard","meta":{"footnotes":""},"categories":[1591],"tags":[11,1887,12,1885,1886,132,35240],"class_list":{"0":"post-212757","1":"post","2":"type-post","3":"status-publish","4":"format-standard","5":"has-post-thumbnail","7":"category-russie","8":"tag-actualites","9":"tag-federation-de-russie","10":"tag-news","11":"tag-russia","12":"tag-russian-federation","13":"tag-russie","14":"tag-toujours_restreint"},"share_on_mastodon":{"url":"https:\/\/pubeurope.com\/@fr\/114765429784508153","error":""},"_links":{"self":[{"href":"https:\/\/www.europesays.com\/fr\/wp-json\/wp\/v2\/posts\/212757","targetHints":{"allow":["GET"]}}],"collection":[{"href":"https:\/\/www.europesays.com\/fr\/wp-json\/wp\/v2\/posts"}],"about":[{"href":"https:\/\/www.europesays.com\/fr\/wp-json\/wp\/v2\/types\/post"}],"author":[{"embeddable":true,"href":"https:\/\/www.europesays.com\/fr\/wp-json\/wp\/v2\/users\/2"}],"replies":[{"embeddable":true,"href":"https:\/\/www.europesays.com\/fr\/wp-json\/wp\/v2\/comments?post=212757"}],"version-history":[{"count":0,"href":"https:\/\/www.europesays.com\/fr\/wp-json\/wp\/v2\/posts\/212757\/revisions"}],"wp:featuredmedia":[{"embeddable":true,"href":"https:\/\/www.europesays.com\/fr\/wp-json\/wp\/v2\/media\/212758"}],"wp:attachment":[{"href":"https:\/\/www.europesays.com\/fr\/wp-json\/wp\/v2\/media?parent=212757"}],"wp:term":[{"taxonomy":"category","embeddable":true,"href":"https:\/\/www.europesays.com\/fr\/wp-json\/wp\/v2\/categories?post=212757"},{"taxonomy":"post_tag","embeddable":true,"href":"https:\/\/www.europesays.com\/fr\/wp-json\/wp\/v2\/tags?post=212757"}],"curies":[{"name":"wp","href":"https:\/\/api.w.org\/{rel}","templated":true}]}}