{"id":212759,"date":"2025-06-29T07:17:10","date_gmt":"2025-06-29T07:17:10","guid":{"rendered":"https:\/\/www.europesays.com\/fr\/212759\/"},"modified":"2025-06-29T07:17:10","modified_gmt":"2025-06-29T07:17:10","slug":"attaque-aerienne-russe-massive-contre-lukraine-un-pilote-de-f-16-tue-29-06-2025-a-0853","status":"publish","type":"post","link":"https:\/\/www.europesays.com\/fr\/212759\/","title":{"rendered":"Attaque a\u00e9rienne russe massive contre l&rsquo;Ukraine, un pilote de F-16 tu\u00e9 &#8211; 29\/06\/2025 \u00e0 08:53"},"content":{"rendered":"<p>\n La Russie a lanc\u00e9 dans la nuit<br \/>\nde samedi \u00e0 dimanche une nouvelle attaque massive de drones et<br \/>\nde missiles contre l&rsquo;Ukraine, pendant laquelle un pilote de F-16<br \/>\nqui prot\u00e9geait le ciel ukrainien a \u00e9t\u00e9 tu\u00e9, a annonc\u00e9 l&rsquo;arm\u00e9e<br \/>\nukrainienne.\n<\/p>\n<p>\n Il s&rsquo;agit du troisi\u00e8me avion de chasse F-16 d\u00e9truit en<br \/>\nUkraine depuis son d\u00e9ploiement sur le th\u00e9\u00e2tre de guerre l&rsquo;an<br \/>\ndernier, a pr\u00e9cis\u00e9 l&rsquo;arm\u00e9e.\n<\/p>\n<p>\n \u00ab\u00a0Le pilote a utilis\u00e9 toutes ses armes embarqu\u00e9es et a abattu<br \/>\nsept cibles a\u00e9riennes. Alors qu&rsquo;il abattait la derni\u00e8re cible,<br \/>\nson avion a \u00e9t\u00e9 endommag\u00e9 et a commenc\u00e9 \u00e0 perdre de l&rsquo;altitude\u00a0\u00bb,<br \/>\na dit l&rsquo;arm\u00e9e sur l&rsquo;application de messagerie Telegram.\n<\/p>\n<p>\n Le pilote a fait tout ce qu&rsquo;il a pu pour \u00e9viter que son<br \/>\nappareil ne s&rsquo;\u00e9crase sur une zone habit\u00e9e mais il n&rsquo;a pas eu le<br \/>\ntemps de s&rsquo;\u00e9jecter, a-t-elle ajout\u00e9.\n<\/p>\n<p>\n Selon l&rsquo;arm\u00e9e ukrainienne, la Russie a lanc\u00e9 477 drones et<br \/>\n60 missiles de diff\u00e9rents types vers l&rsquo;Ukraine au cours de la<br \/>\nnuit. L&rsquo;immense majorit\u00e9 des drones (446) ont \u00e9t\u00e9 d\u00e9truits ou<br \/>\nneutralis\u00e9s par des moyens \u00e9lectroniques et 38 missiles ont \u00e9t\u00e9<br \/>\nabattus, a-t-elle dit.\n<\/p>\n<p>\n Ces attaques ont fait au moins six bless\u00e9s dans un immeuble<br \/>\nd&rsquo;habitation de la r\u00e9gion centrale de Tcherkassy, selon les<br \/>\nautorit\u00e9s locales.\n<\/p>\n<p>\n (R\u00e9dig\u00e9 par Pavel Polityuk; version fran\u00e7aise Tangi Sala\u00fcn)<\/p>\n","protected":false},"excerpt":{"rendered":"La Russie a lanc\u00e9 dans la nuit de samedi \u00e0 dimanche une nouvelle attaque massive de drones et&hellip;\n","protected":false},"author":2,"featured_media":2486,"comment_status":"","ping_status":"","sticky":false,"template":"","format":"standard","meta":{"footnotes":""},"categories":[1590],"tags":[400,11,398,408,405,1777,674,403,402,399,404,12,401,406,220,407],"class_list":{"0":"post-212759","1":"post","2":"type-post","3":"status-publish","4":"format-standard","5":"has-post-thumbnail","7":"category-ukraine","8":"tag-action-cac-40","9":"tag-actualites","10":"tag-bourse-de-paris","11":"tag-boursorama","12":"tag-cotations","13":"tag-eu","14":"tag-europe","15":"tag-indices-devises","16":"tag-investir","17":"tag-investissement","18":"tag-marche-boursier","19":"tag-news","20":"tag-sicav","21":"tag-trackers","22":"tag-ukraine","23":"tag-warrants"},"share_on_mastodon":{"url":"https:\/\/pubeurope.com\/@fr\/114765433867131091","error":""},"_links":{"self":[{"href":"https:\/\/www.europesays.com\/fr\/wp-json\/wp\/v2\/posts\/212759","targetHints":{"allow":["GET"]}}],"collection":[{"href":"https:\/\/www.europesays.com\/fr\/wp-json\/wp\/v2\/posts"}],"about":[{"href":"https:\/\/www.europesays.com\/fr\/wp-json\/wp\/v2\/types\/post"}],"author":[{"embeddable":true,"href":"https:\/\/www.europesays.com\/fr\/wp-json\/wp\/v2\/users\/2"}],"replies":[{"embeddable":true,"href":"https:\/\/www.europesays.com\/fr\/wp-json\/wp\/v2\/comments?post=212759"}],"version-history":[{"count":0,"href":"https:\/\/www.europesays.com\/fr\/wp-json\/wp\/v2\/posts\/212759\/revisions"}],"wp:featuredmedia":[{"embeddable":true,"href":"https:\/\/www.europesays.com\/fr\/wp-json\/wp\/v2\/media\/2486"}],"wp:attachment":[{"href":"https:\/\/www.europesays.com\/fr\/wp-json\/wp\/v2\/media?parent=212759"}],"wp:term":[{"taxonomy":"category","embeddable":true,"href":"https:\/\/www.europesays.com\/fr\/wp-json\/wp\/v2\/categories?post=212759"},{"taxonomy":"post_tag","embeddable":true,"href":"https:\/\/www.europesays.com\/fr\/wp-json\/wp\/v2\/tags?post=212759"}],"curies":[{"name":"wp","href":"https:\/\/api.w.org\/{rel}","templated":true}]}}