{"id":212762,"date":"2025-06-29T07:19:28","date_gmt":"2025-06-29T07:19:28","guid":{"rendered":"https:\/\/www.europesays.com\/fr\/212762\/"},"modified":"2025-06-29T07:19:28","modified_gmt":"2025-06-29T07:19:28","slug":"trois-ans-apres-la-mort-de-31-migrants-dans-la-manche-la-gestion-de-la-frontiere-jugee-au-royaume-uni","status":"publish","type":"post","link":"https:\/\/www.europesays.com\/fr\/212762\/","title":{"rendered":"Trois ans apr\u00e8s la mort de 31 migrants dans la Manche, la gestion de la fronti\u00e8re jug\u00e9e au Royaume-Uni"},"content":{"rendered":"<p>Ce lundi 3\u00a0mars, outre-Manche, ont d\u00e9but\u00e9 les audiences de l\u2019enqu\u00eate publique diligent\u00e9e par une commission ind\u00e9pendante, pr\u00e9sid\u00e9e par le juge d\u2019instruction Ross Cranston, concernant <a href=\"https:\/\/www.humanite.fr\/societe\/justice\/naufrage-de-novembre-2021-la-marine-nationale-aurait-tente-dinterferer-dans-lenquete\" target=\"_blank\" rel=\"noopener\">le drame du 24\u00a0novembre 2021<\/a>. Cette nuit d\u2019automne, 33\u00a0exil\u00e9s tentant de rejoindre les c\u00f4tes britanniques \u00e0 bord d\u2019une embarcation de fortune s\u2019\u00e9taient retrouv\u00e9s en d\u00e9tresse. <\/p>\n<p>Bien qu\u2019ils aient lanc\u00e9 plusieurs dizaines d\u2019appels \u00e0 l\u2019aide en direction des secours maritimes fran\u00e7ais et britanniques, aucune op\u00e9ration de sauvetage n\u2019a \u00e9t\u00e9 effectu\u00e9e. 27\u00a0personnes se sont noy\u00e9es et quatre sont toujours port\u00e9es disparues.<\/p>\n<p>Deux rescap\u00e9s seulement<\/p>\n<p>Seuls deux rescap\u00e9s peuvent aujourd\u2019hui t\u00e9moigner de ce qu\u2019il s\u2019est v\u00e9ritablement pass\u00e9 cette nuit-l\u00e0. \u00ab\u00a0J\u2019aurais pr\u00e9f\u00e9r\u00e9 qu\u2019ils soient morts\u00a0\u00bb, avait d\u00e9clar\u00e9 \u00e0 leur propos, en mai 2023, l\u2019ancien directeur fran\u00e7ais du centre r\u00e9gional op\u00e9rationnel de surveillance et de sauvetage concern\u00e9 par les appels au secours. L\u2019un d\u2019eux, Issa Mohammed Omar, doit \u00eatre entendu ce mardi, il sera suivi <a href=\"https:\/\/www.humanite.fr\/societe\/manche\/naufrage-dans-la-manche-en-novembre-2021-les-conditions-de-sauvetage-jugees-difficiles-cote-britannique\" target=\"_blank\" rel=\"noopener\">par une dizaine de gardes-c\u00f4tes et de secouristes britanniques<\/a>, dont la personne charg\u00e9e, c\u00f4t\u00e9 anglais, de r\u00e9pondre aux appels de d\u00e9tresse la nuit du drame.<\/p>\n<p><a href=\"https:\/\/www.humanite.fr\/societe\/naufrages\/naufrage-de-27-migrants-dans-la-manche-cinq-militaires-francais-mis-en-examen-796387\" target=\"_blank\" rel=\"noopener\">En France, sept militaires et 15\u00a0membres pr\u00e9sum\u00e9s d\u2019un r\u00e9seau de passeurs ont \u00e9t\u00e9 mis en examen<\/a>. Mais les autorit\u00e9s fran\u00e7aises n\u2019ont cependant pas souhait\u00e9 coop\u00e9rer avec la commission d\u2019enqu\u00eate britannique qui entendra, jusqu\u2019au 27\u00a0mars, au minimum six familles de victimes assist\u00e9es de leurs avocats. <\/p>\n<p>\u00ab\u00a0Plus de trois ans apr\u00e8s ce drame, Utopia\u00a056 est soulag\u00e9e de voir ces audiences enfin se tenir, offrant une avanc\u00e9e vers la v\u00e9rit\u00e9 et, nous l\u2019esp\u00e9rons, vers la justice\u00a0\u00bb, a d\u00e9clar\u00e9 Nikola\u00ef Posner, membre du conseil d\u2019administration de l\u2019association solidaire des exil\u00e9s Utopia\u00a056. <\/p>\n<p>\u00ab\u00a0Au-del\u00e0 des innombrables fautes individuelles mises en \u00e9vidence dans ce dossier, nous esp\u00e9rons que cette proc\u00e9dure puisse exposer les cons\u00e9quences d\u2019un syst\u00e8me politique mortif\u00e8re qui stigmatise et d\u00e9shumanise les personnes en situation de migration, au m\u00e9pris des vies humaines et d\u2019un cadre de valeurs \u00e9l\u00e9mentaires.\u00a0\u00bb<\/p>\n<p>Depuis cette trag\u00e9die la situation dans la Manche n\u2019a pas cess\u00e9 de s\u2019aggraver. Si les autorit\u00e9s fran\u00e7aises et britanniques collaborent de fa\u00e7on plus \u00e9troite, leurs pratiques \u00ab\u00a0n\u2019ont eu pour seul effet que d\u2019accentuer les risques et d\u2019augmenter la mortalit\u00e9\u00a0\u00bb, d\u00e9nonce, en outre, Utopia\u00a056, rappelant que le nombre de d\u00e9c\u00e8s de personnes tentant de rejoindre les c\u00f4tes anglaises ne fait qu\u2019augmenter. En 2024, 79\u00a0personnes sont mortes au cours de naufrages dans la Manche.<\/p>\n<p>Le journal des intelligences libres<\/p>\n<p>\u00ab C\u2019est par des informations \u00e9tendues et exactes que nous voudrions donner \u00e0 toutes les intelligences libres <strong>le moyen de comprendre et de juger elles-m\u00eames les \u00e9v\u00e9nements du monde<\/strong>. \u00bb<br \/>Tel \u00e9tait <strong>\u00ab\u00a0Notre but\u00a0\u00bb<\/strong>, comme l\u2019\u00e9crivait Jean Jaur\u00e8s dans le premier \u00e9ditorial de l\u2019Humanit\u00e9.<br \/><strong>120 ans plus tard, il n\u2019a pas chang\u00e9. <br \/>Gr\u00e2ce \u00e0 vous. <\/strong><br \/>Soutenez-nous\u00a0! Votre don sera d\u00e9fiscalis\u00e9\u00a0: donner 5\u20ac vous reviendra \u00e0 1.65\u20ac. Le prix d\u2019un caf\u00e9.<br \/><a href=\"https:\/\/www.humanite.fr\/lhumanite-cest-vous\" target=\"_blank\" rel=\"noopener\">Je veux en savoir plus\u00a0!<\/a><\/p>\n","protected":false},"excerpt":{"rendered":"Ce lundi 3\u00a0mars, outre-Manche, ont d\u00e9but\u00e9 les audiences de l\u2019enqu\u00eate publique diligent\u00e9e par une commission ind\u00e9pendante, pr\u00e9sid\u00e9e par&hellip;\n","protected":false},"author":2,"featured_media":212763,"comment_status":"","ping_status":"","sticky":false,"template":"","format":"standard","meta":{"footnotes":""},"categories":[1588],"tags":[11,1777,674,35241,14653,12,473,1853,1851,1850,1852],"class_list":{"0":"post-212762","1":"post","2":"type-post","3":"status-publish","4":"format-standard","5":"has-post-thumbnail","7":"category-royaume-uni","8":"tag-actualites","9":"tag-eu","10":"tag-europe","11":"tag-exilu00e9s","12":"tag-manche","13":"tag-news","14":"tag-royaume-uni","15":"tag-royaume-uni-de-grande-bretagne-et-dirlande-du-nord","16":"tag-uk","17":"tag-united-kingdom","18":"tag-united-kingdom-of-great-britain-and-northern-ireland"},"share_on_mastodon":{"url":"https:\/\/pubeurope.com\/@fr\/114765441501605398","error":""},"_links":{"self":[{"href":"https:\/\/www.europesays.com\/fr\/wp-json\/wp\/v2\/posts\/212762","targetHints":{"allow":["GET"]}}],"collection":[{"href":"https:\/\/www.europesays.com\/fr\/wp-json\/wp\/v2\/posts"}],"about":[{"href":"https:\/\/www.europesays.com\/fr\/wp-json\/wp\/v2\/types\/post"}],"author":[{"embeddable":true,"href":"https:\/\/www.europesays.com\/fr\/wp-json\/wp\/v2\/users\/2"}],"replies":[{"embeddable":true,"href":"https:\/\/www.europesays.com\/fr\/wp-json\/wp\/v2\/comments?post=212762"}],"version-history":[{"count":0,"href":"https:\/\/www.europesays.com\/fr\/wp-json\/wp\/v2\/posts\/212762\/revisions"}],"wp:featuredmedia":[{"embeddable":true,"href":"https:\/\/www.europesays.com\/fr\/wp-json\/wp\/v2\/media\/212763"}],"wp:attachment":[{"href":"https:\/\/www.europesays.com\/fr\/wp-json\/wp\/v2\/media?parent=212762"}],"wp:term":[{"taxonomy":"category","embeddable":true,"href":"https:\/\/www.europesays.com\/fr\/wp-json\/wp\/v2\/categories?post=212762"},{"taxonomy":"post_tag","embeddable":true,"href":"https:\/\/www.europesays.com\/fr\/wp-json\/wp\/v2\/tags?post=212762"}],"curies":[{"name":"wp","href":"https:\/\/api.w.org\/{rel}","templated":true}]}}