{"id":212772,"date":"2025-06-29T07:24:13","date_gmt":"2025-06-29T07:24:13","guid":{"rendered":"https:\/\/www.europesays.com\/fr\/212772\/"},"modified":"2025-06-29T07:24:13","modified_gmt":"2025-06-29T07:24:13","slug":"il-va-faire-chaud-tres-chaud-alerte-canicule-dans-une-grande-partie-de-leurope-quen-est-il-chez-nous","status":"publish","type":"post","link":"https:\/\/www.europesays.com\/fr\/212772\/","title":{"rendered":"Il va faire chaud, tr\u00e8s chaud\u00a0: alerte canicule dans une grande partie de l\u2019Europe, qu\u2019en est-il chez nous\u00a0?"},"content":{"rendered":"<p>  \tVague de chaleur en Europe\u00a0: jusqu\u2019\u00e0 48\u00b0C en Espagne, 42\u00b0C au Portugal, alerte canicule en France. La Belgique est \u00e9galement en code jaune \u00e0 partir de ce lundi, a annonc\u00e9 l\u2019IRM.<\/p>\n<p>&#13;<br \/>\n&#13;<\/p>\n<p>Les alertes \u00ab\u00a0chaleur\u00a0\u00bb se multiplient ce dimanche sur l\u2019ouest et le sud de l\u2019Europe. <strong>En Espagne, le thermom\u00e8tre pourrait grimper jusqu\u2019\u00e0\u2026 48 degr\u00e9s<\/strong>. Leurs voisins ib\u00e9riques ne sont pas non plus \u00e9pargn\u00e9s\u00a0: <strong>le Portugal attend 42 degr\u00e9s \u00e0 Lisbonne<\/strong>.<\/p>\n<p><strong>La Gr\u00e8ce et l\u2019Italie sont en alerte canicule. <\/strong>21 villes de la botte sont en code rouge ce dimanche. <\/p>\n<p>M\u00eame sch\u00e9ma chez nos voisins fran\u00e7ais. <strong>La quasi-totalit\u00e9 de l\u2019Hexagone est concern\u00e9e par un \u00ab\u00a0\u00e9pisode caniculaire intense\u00a0\u00bb<\/strong> qui a d\u00e9but\u00e9 vendredi, a indiqu\u00e9 M\u00e9t\u00e9o-France. 73 d\u00e9partements ont \u00e9t\u00e9 plac\u00e9s en vigilance orange et des pics \u00e0 40 degr\u00e9s sont attendus ce dimanche.<\/p>\n<p>&#13;<br \/>\n&#13;<\/p>\n<p>&#13;<br \/>\n&#13;<\/p>\n<p>  &#13;<br \/>\n  \u00c0 lire aussi&#13;<br \/>\n  &#13;<\/p>\n<p>  <img decoding=\"async\" class=\"r-img\"  typeof=\"foaf:Image\" src=\"https:\/\/www.europesays.com\/fr\/wp-content\/uploads\/2025\/06\/44061538.jpeg\" alt=\"elelel.jpg\"\/><br \/>\n        <a class=\"r-stories--link\" href=\"https:\/\/www.rtl.be\/actu\/belgique\/societe\/les-sensibles-au-pollen-risquent-de-souffrir-ces-prochains-jours-voici-quelques\/2025-06-28\/article\/754726\" rel=\"nofollow noopener\" target=\"_blank\">Les sensibles au pollen risquent de souffrir ces prochains jours: voici quelques conseils pour anticiper au mieux<\/a>&#13;<br \/>\n  &#13;<br \/>\n&#13;<\/p>\n<p>\u00ab\u00a0La canicule se poursuivra en d\u00e9but de semaine de prochaine, avec des temp\u00e9ratures encore en hausse, except\u00e9 sur le pourtour m\u00e9diterran\u00e9en o\u00f9 elles seront stationnaires\u00a0\u00bb, a ajout\u00e9 M\u00e9t\u00e9o-France. <strong>La mer M\u00e9diterran\u00e9e a d\u00e9j\u00e0 atteint les 25 degr\u00e9s en surface<\/strong>. Une temp\u00e9rature anormalement \u00e9lev\u00e9e pour la saison.<\/p>\n<p><strong>Et en Belgique\u00a0?<\/strong><\/p>\n<p><strong>Chez nous, l\u2019IRM \u00e9met une alerte jaune \u00e0 la chaleur en vigueur d\u00e8s ce lundi minuit<\/strong>. Elle s\u2019\u00e9tend sur toutes les r\u00e9gions du pays, \u00e0 l\u2019exception du littoral. \u00ab\u00a0Lundi, les temp\u00e9ratures atteindront 30 \u00e0 32 degr\u00e9s dans de nombreuses r\u00e9gions. Mardi et mercredi, elles se situeront entre 32 et 35 degr\u00e9s, voire localement au-del\u00e0\u00a0\u00bb, \u00e9crit l\u2019Institut royal m\u00e9t\u00e9orologique.<\/p>\n<p><strong>Cette alerte est pr\u00e9vue jusqu\u2019\u00e0 jeudi minuit<\/strong>. L\u2019IRM pr\u00e9cise encore qu\u2019<strong>elle pourrait \u00ab\u00a0\u00e9voluer vers un avertissement orange<\/strong> mardi et mercredi si les nouvelles donn\u00e9es de pr\u00e9visions se confirment.\u00a0\u00bb<\/p>\n<p><strong>Cette hausse des temp\u00e9ratures est caus\u00e9e par un d\u00f4me de chaleur<\/strong>. C\u2019est un ph\u00e9nom\u00e8ne m\u00e9t\u00e9orologique qui se produit lorsqu\u2019une vaste zone de haute pression atmosph\u00e9rique (anticyclone) s\u2019installe au-dessus d\u2019une r\u00e9gion et y reste plusieurs jours, voire plusieurs semaines.\u00a0Cette zone de haute pression agit comme un couvercle ou une cloche, emp\u00eachant l\u2019air chaud de s\u2019\u00e9chapper et bloquant la formation des nuages, ce qui entra\u00eene une accumulation progressive de chaleur \u00e0 la surface.<\/p>\n<p>&#13;<br \/>\n&#13;<\/p>\n<p>&#13;<br \/>\n&#13;<\/p>\n<p><a class=\"r-btn r-btn--tag\" href=\"https:\/\/www.rtl.be\/1641\/locations\/europe\" title=\"Europe\" rel=\"nofollow noopener\" target=\"_blank\">Europe<\/a><br \/>\n<a class=\"r-btn r-btn--tag\" href=\"https:\/\/www.rtl.be\/333452\/locations\/belgique\" title=\"Belgique\" rel=\"nofollow noopener\" target=\"_blank\">Belgique<\/a><br \/>\n<a class=\"r-btn r-btn--tag\" href=\"https:\/\/www.rtl.be\/333466\/locations\/lisbonne\" title=\"Lisbonne\" rel=\"nofollow noopener\" target=\"_blank\">Lisbonne<\/a><br \/>\n<a class=\"r-btn r-btn--tag\" href=\"https:\/\/www.rtl.be\/333549\/locations\/italie\" title=\"Italie\" rel=\"nofollow noopener\" target=\"_blank\">Italie<\/a><br \/>\n<a class=\"r-btn r-btn--tag\" href=\"https:\/\/www.rtl.be\/334329\/locations\/grece\" title=\"Gr\u00e8ce\" rel=\"nofollow noopener\" target=\"_blank\">Gr\u00e8ce<\/a><\/p>\n","protected":false},"excerpt":{"rendered":"Vague de chaleur en Europe\u00a0: jusqu\u2019\u00e0 48\u00b0C en Espagne, 42\u00b0C au Portugal, alerte canicule en France. La Belgique&hellip;\n","protected":false},"author":2,"featured_media":212773,"comment_status":"","ping_status":"","sticky":false,"template":"","format":"standard","meta":{"footnotes":""},"categories":[2],"tags":[29950,11,1011,27,12,25],"class_list":{"0":"post-212772","1":"post","2":"type-post","3":"status-publish","4":"format-standard","5":"has-post-thumbnail","7":"category-actualites","8":"tag-nodefield_freetags","9":"tag-actualites","10":"tag-fr","11":"tag-france","12":"tag-news","13":"tag-republique-francaise"},"share_on_mastodon":{"url":"https:\/\/pubeurope.com\/@fr\/114765461220056352","error":""},"_links":{"self":[{"href":"https:\/\/www.europesays.com\/fr\/wp-json\/wp\/v2\/posts\/212772","targetHints":{"allow":["GET"]}}],"collection":[{"href":"https:\/\/www.europesays.com\/fr\/wp-json\/wp\/v2\/posts"}],"about":[{"href":"https:\/\/www.europesays.com\/fr\/wp-json\/wp\/v2\/types\/post"}],"author":[{"embeddable":true,"href":"https:\/\/www.europesays.com\/fr\/wp-json\/wp\/v2\/users\/2"}],"replies":[{"embeddable":true,"href":"https:\/\/www.europesays.com\/fr\/wp-json\/wp\/v2\/comments?post=212772"}],"version-history":[{"count":0,"href":"https:\/\/www.europesays.com\/fr\/wp-json\/wp\/v2\/posts\/212772\/revisions"}],"wp:featuredmedia":[{"embeddable":true,"href":"https:\/\/www.europesays.com\/fr\/wp-json\/wp\/v2\/media\/212773"}],"wp:attachment":[{"href":"https:\/\/www.europesays.com\/fr\/wp-json\/wp\/v2\/media?parent=212772"}],"wp:term":[{"taxonomy":"category","embeddable":true,"href":"https:\/\/www.europesays.com\/fr\/wp-json\/wp\/v2\/categories?post=212772"},{"taxonomy":"post_tag","embeddable":true,"href":"https:\/\/www.europesays.com\/fr\/wp-json\/wp\/v2\/tags?post=212772"}],"curies":[{"name":"wp","href":"https:\/\/api.w.org\/{rel}","templated":true}]}}