{"id":212776,"date":"2025-06-29T07:26:09","date_gmt":"2025-06-29T07:26:09","guid":{"rendered":"https:\/\/www.europesays.com\/fr\/212776\/"},"modified":"2025-06-29T07:26:09","modified_gmt":"2025-06-29T07:26:09","slug":"pauline-roussin-bouchard-brille-en-double-au-dow-championship-lequipe","status":"publish","type":"post","link":"https:\/\/www.europesays.com\/fr\/212776\/","title":{"rendered":"Pauline Roussin-Bouchard brille en double au Dow Championship &#8211; L&#039;\u00c9quipe"},"content":{"rendered":"<ol>\n<li><a href=\"https:\/\/news.google.com\/rss\/articles\/CBMirAFBVV95cUxQRWZZZUM4M1lKSFl6UWMyZzJJM3FIX1NvMGlqcGJ2cDFqT3A3RHVTQ2JaX2RaZ0dfWXRtcmpLR1M1dllYQ1VMaFVleWlNYUZ2eWxiTm9IVm9CdEN1SzZpNVd1SC0xS3p4STRZWlVzcVJwZ3BTMXpTQVlIQTV6LWdROTBQM09oVDRBNUhvSmd4TklPWHhpZWZuQ3BzTnFRcXFJdHJ5VTdFbTJxV2xK?oc=5\" target=\"_blank\" rel=\"nofollow noopener\">Pauline Roussin-Bouchard brille en double au Dow Championship<\/a>&nbsp;&nbsp;L&rsquo;\u00c9quipe<\/li>\n<li><a href=\"https:\/\/news.google.com\/rss\/articles\/CBMiigJBVV95cUxQcVpaRUNiZy1FZUZkY2Myc29Mak9mRVpqb2pnM2lIVkRiemFZVGpNek05QzdMeWtTX3J6ZEJrUDlzMkhsTXl0MDdvRXliZWF3ZEJ2bG93NWhTeGVqUnVlM1NMSmNBaHVhR2JPcHpqSGZBc2hPc1NoN2Nvc0s5eEpTT0dVaUhiZmVuRk55OHc4eGNvdkhOT3VfdzNuZTcydjc4UHVnN0ZQYTMtTnBxQ0t4MjdzazhGX0F0RTdFc1JhZTQtdFFxbUVZU3pqX2s0NFFRSHJ2OE5jWG5ZbEJWc3MxZVRmNEg5RjNTVGVlMGEwczNxMVBRR0JsUGxpcktPNE1nTFhMN0V5NGtYUQ?oc=5\" target=\"_blank\" rel=\"nofollow noopener\">Golf. LPGA &#8211; Dow Championship: Roussin-Bouchard et De Roey \u00e0 un coup de la t\u00eate apr\u00e8s le 3e tour<\/a>&nbsp;&nbsp;Ouest-France<\/li>\n<li><a href=\"https:\/\/news.google.com\/rss\/articles\/CBMitwFBVV95cUxQb19VbEVGUjNZWV9fZlJBcVNtSzRkS0FlOWRpbGk5dENaT2dxOUN0eUhpeXRGOG1KX1FoWVA4UFp5ZU1XMG5jcm1ULW4wSWxleU94aXR2MUtKMWFqS0VOMnpYUnNlN0w5cXRKRHpwRDVucjFQZ3BrN1Ytb2xITzl0bk5CS0FmRmF0MDZocjB2QVQ1ZjV0bGFtVFdPRlVZY1d3ZTRmbUd2cE43ZDViQ1V0Y3VueDFnR3M?oc=5\" target=\"_blank\" rel=\"nofollow noopener\">Pauline Roussin-Bouchard et sa partenaire Manon De Roey tout pr\u00e8s de la t\u00eate !<\/a>&nbsp;&nbsp;Golf Plan\u00e8te<\/li>\n<li><a href=\"https:\/\/news.google.com\/rss\/articles\/CBMipwFBVV95cUxNZld1WGZaVmxydkJEcmR6NUgtRl9uczVSakozMW1zY2NHdFoxMTEtdlJEOEFadDBVQmpheXM2emRTRTVsUVdBOW5CamJnTVlaRGUxUS1ZRDBWdnNLeUFHVlNGbVVEc25aTm9ka0VvLTFNanVSWHNfeGI0ZjdKWTVkRHRMRFd0SWsxNjRrTVYzTGpBMnFQZ0lLYkY2cjkxOHVMc19GWUFMYw?oc=5\" target=\"_blank\" rel=\"nofollow noopener\">LPGA : un duo tout francophone s&rsquo;approche de la t\u00eate au Championnat Dow<\/a>&nbsp;&nbsp;RDS<\/li>\n<li><a href=\"https:\/\/news.google.com\/rss\/articles\/CBMioAFBVV95cUxNNUlQUGFndE5qbHY1TmM5SGZsTTRWU3FYSnVjSThyUEdqM1poWUlqZkRJZTI0WDhrVnltSmZmNG5nYVhXWHhScGVRaWpkY3c2aTBWNmRfdnlhNnFVb1dERkJtVjNUbnlfbElnMUNHaTRVRDZoYVpvYU9TaEZvVVhsSzlQQVhwRXl6N1FfdmItc2pTMHltR0QwXzlKVU1sczEw?oc=5\" target=\"_blank\" rel=\"nofollow noopener\">A un coup de la t\u00eate, Roussin-Bouchard peut r\u00eaver d\u2019un premier succ\u00e8s sur le LPGA Tour<\/a>&nbsp;&nbsp;Golf Plan\u00e8te<\/li>\n<\/ol>\n","protected":false},"excerpt":{"rendered":"Pauline Roussin-Bouchard brille en double au Dow Championship&nbsp;&nbsp;L&rsquo;\u00c9quipe Golf. LPGA &#8211; Dow Championship: Roussin-Bouchard et De Roey \u00e0&hellip;\n","protected":false},"author":2,"featured_media":212777,"comment_status":"","ping_status":"","sticky":false,"template":"","format":"standard","meta":{"footnotes":""},"categories":[1418],"tags":[1011,27,1472,60],"class_list":{"0":"post-212776","1":"post","2":"type-post","3":"status-publish","4":"format-standard","5":"has-post-thumbnail","7":"category-golf","8":"tag-fr","9":"tag-france","10":"tag-golf","11":"tag-sports"},"share_on_mastodon":{"url":"https:\/\/pubeurope.com\/@fr\/114765469010241125","error":""},"_links":{"self":[{"href":"https:\/\/www.europesays.com\/fr\/wp-json\/wp\/v2\/posts\/212776","targetHints":{"allow":["GET"]}}],"collection":[{"href":"https:\/\/www.europesays.com\/fr\/wp-json\/wp\/v2\/posts"}],"about":[{"href":"https:\/\/www.europesays.com\/fr\/wp-json\/wp\/v2\/types\/post"}],"author":[{"embeddable":true,"href":"https:\/\/www.europesays.com\/fr\/wp-json\/wp\/v2\/users\/2"}],"replies":[{"embeddable":true,"href":"https:\/\/www.europesays.com\/fr\/wp-json\/wp\/v2\/comments?post=212776"}],"version-history":[{"count":0,"href":"https:\/\/www.europesays.com\/fr\/wp-json\/wp\/v2\/posts\/212776\/revisions"}],"wp:featuredmedia":[{"embeddable":true,"href":"https:\/\/www.europesays.com\/fr\/wp-json\/wp\/v2\/media\/212777"}],"wp:attachment":[{"href":"https:\/\/www.europesays.com\/fr\/wp-json\/wp\/v2\/media?parent=212776"}],"wp:term":[{"taxonomy":"category","embeddable":true,"href":"https:\/\/www.europesays.com\/fr\/wp-json\/wp\/v2\/categories?post=212776"},{"taxonomy":"post_tag","embeddable":true,"href":"https:\/\/www.europesays.com\/fr\/wp-json\/wp\/v2\/tags?post=212776"}],"curies":[{"name":"wp","href":"https:\/\/api.w.org\/{rel}","templated":true}]}}