{"id":212778,"date":"2025-06-29T07:28:17","date_gmt":"2025-06-29T07:28:17","guid":{"rendered":"https:\/\/www.europesays.com\/fr\/212778\/"},"modified":"2025-06-29T07:28:17","modified_gmt":"2025-06-29T07:28:17","slug":"le-2eme-meilleur-au-monde-lheure-de-la-revanche-sur-antoine-dupont","status":"publish","type":"post","link":"https:\/\/www.europesays.com\/fr\/212778\/","title":{"rendered":"\u00abLe 2\u00e8me meilleur au monde\u00bb, l&rsquo;heure de la revanche sur Antoine Dupont !"},"content":{"rendered":"<p class=\"heading\">Ce samedi, Antoine Dupont sera le grand absent de la finale du Top 14, m\u00eame si on le verra sans aucun doute dans les trav\u00e9es du Stade de France. Mais sur la pelouse un autre demi de m\u00eal\u00e9e va attirer tous les regards avec Maxime Lucu, qui r\u00e9alise peut-\u00eatre la meilleure saison de sa carri\u00e8re avec l\u2019Union Bordeaux-B\u00e8gles. <\/p>\n<p>C\u2019\u00e9tait la finale de l\u2019ann\u00e9e derni\u00e8re d\u00e9j\u00e0. Le <strong>Stade Toulousain<\/strong> et l\u2019<strong>UBB<\/strong> vont se disputer le <strong>Bouclier de Brennus<\/strong> ce samedi soir, avec deux trajectoires totalement diff\u00e9rentes. Les invincible Haut-garonnais ont en effet connu une saison tr\u00e8s compliqu\u00e9e, avec notamment la blessure de leur capitaine <strong>Antoine Dupont<\/strong> et les probl\u00e8mes physiques de<strong> Romain Ntamack<\/strong>. Alors qu\u2019en face, <strong>Bordeaux <\/strong>n\u2019a jamais sembl\u00e9 aussi fort et reste sur trois victoires cons\u00e9cutive sur <strong>Toulouse<\/strong>.<\/p>\n<p>                                            \u00ab Si on prend leurs cas personnels, leur carri\u00e8re a pris un sacr\u00e9 virage cette ann\u00e9e \u00bb <\/p>\n<p>Et \u00e7a commence par la charni\u00e8re puisqu\u2019en cas de victoire ce samedi, <strong>Matthieu Jalibert<\/strong> et <a href=\"https:\/\/le10sport.com\/rugby\/traumatise-par-antoine-dupont-il-dit-stop-748539\" rel=\"nofollow noopener\" target=\"_blank\">Maxime Lucu<\/a> vont pouvoir savourer, eux qui ont souvent \u00e9t\u00e9 rel\u00e9gu\u00e9s au rang de seconds couteaux. \u00ab Si on prend leurs cas personnels, leur carri\u00e8re a pris un sacr\u00e9 virage cette ann\u00e9e. Ils ont toujours \u00e9t\u00e9 consid\u00e9r\u00e9s comme des doublures \u00e0 chaque fois qu\u2019ils \u00e9taient en \u00e9quipe de France \u00bb a rappel\u00e9 tout r\u00e9cemment <strong>Christophe Laussucq<\/strong>, le coach de la d\u00e9fense de l\u2019<strong>UBB<\/strong>. <\/p>\n<p>                                            \u00ab Tout le monde se demandait comment on allait faire sans Antoine Dupont \u00bb  <\/p>\n<p>Et c\u2019est notamment le cas avec<strong> Maxime Lucu<\/strong>, qui est dans la forme de sa vie et qui pourrait bien prendre une petite revanche sur un <strong>Dupont <\/strong>dont il a toujours \u00e9t\u00e9 la doublure avec le <strong>XV de France<\/strong>. \u00ab Vous vous souvenez la derni\u00e8re Coupe du monde ? Tout le monde se demandait comment on allait faire sans Antoine Dupont \u00bb a fait remarquer <strong>Laussucq<\/strong>. \u00ab Et comment on allait faire avec Lucu. Maxime Lucu, il est peut-\u00eatre le deuxi\u00e8me meilleur n\u00b09 du monde \u00e0 l\u2019heure actuelle \u00bb. <\/p>\n","protected":false},"excerpt":{"rendered":"Ce samedi, Antoine Dupont sera le grand absent de la finale du Top 14, m\u00eame si on le&hellip;\n","protected":false},"author":2,"featured_media":212779,"comment_status":"","ping_status":"","sticky":false,"template":"","format":"standard","meta":{"footnotes":""},"categories":[1416],"tags":[1011,27,479,1468,60],"class_list":{"0":"post-212778","1":"post","2":"type-post","3":"status-publish","4":"format-standard","5":"has-post-thumbnail","7":"category-rugby","8":"tag-fr","9":"tag-france","10":"tag-rugby","11":"tag-rugby-football","12":"tag-sports"},"share_on_mastodon":{"url":"https:\/\/pubeurope.com\/@fr\/114765476867937718","error":""},"_links":{"self":[{"href":"https:\/\/www.europesays.com\/fr\/wp-json\/wp\/v2\/posts\/212778","targetHints":{"allow":["GET"]}}],"collection":[{"href":"https:\/\/www.europesays.com\/fr\/wp-json\/wp\/v2\/posts"}],"about":[{"href":"https:\/\/www.europesays.com\/fr\/wp-json\/wp\/v2\/types\/post"}],"author":[{"embeddable":true,"href":"https:\/\/www.europesays.com\/fr\/wp-json\/wp\/v2\/users\/2"}],"replies":[{"embeddable":true,"href":"https:\/\/www.europesays.com\/fr\/wp-json\/wp\/v2\/comments?post=212778"}],"version-history":[{"count":0,"href":"https:\/\/www.europesays.com\/fr\/wp-json\/wp\/v2\/posts\/212778\/revisions"}],"wp:featuredmedia":[{"embeddable":true,"href":"https:\/\/www.europesays.com\/fr\/wp-json\/wp\/v2\/media\/212779"}],"wp:attachment":[{"href":"https:\/\/www.europesays.com\/fr\/wp-json\/wp\/v2\/media?parent=212778"}],"wp:term":[{"taxonomy":"category","embeddable":true,"href":"https:\/\/www.europesays.com\/fr\/wp-json\/wp\/v2\/categories?post=212778"},{"taxonomy":"post_tag","embeddable":true,"href":"https:\/\/www.europesays.com\/fr\/wp-json\/wp\/v2\/tags?post=212778"}],"curies":[{"name":"wp","href":"https:\/\/api.w.org\/{rel}","templated":true}]}}