{"id":212791,"date":"2025-06-29T07:37:17","date_gmt":"2025-06-29T07:37:17","guid":{"rendered":"https:\/\/www.europesays.com\/fr\/212791\/"},"modified":"2025-06-29T07:37:17","modified_gmt":"2025-06-29T07:37:17","slug":"ce-roman-de-stephen-king-deroute-ses-fans-mais-cartonne-en-librairie","status":"publish","type":"post","link":"https:\/\/www.europesays.com\/fr\/212791\/","title":{"rendered":"Ce roman de Stephen King d\u00e9route ses fans\u2026 mais cartonne en librairie"},"content":{"rendered":"<p class=\"paragraph text_align_left lp-f-body-02\">Si vous aimez les histoires qui basculent peu \u00e0 peu dans l\u2019\u00e9trange, ce livre pourrait bien vous occuper quelques soir\u00e9es. Avec Conte de f\u00e9es, Stephen King d\u00e9laisse les ambiances sanglantes pour explorer un r\u00e9cit fantastique, plus lent mais tout aussi prenant. Paru en France en avril 2023, ce roman a rapidement rencontr\u00e9 le succ\u00e8s, port\u00e9 par la fid\u00e9lit\u00e9 des lecteurs de King, mais aussi par un bouche-\u00e0-oreille solide. On y suit un adolescent ordinaire confront\u00e9 \u00e0 un monde parall\u00e8le aussi magique qu\u2019inqui\u00e9tant, une plong\u00e9e dans l\u2019imaginaire, \u00e0 mi-chemin entre conte noir et aventure. <a href=\"https:\/\/www.awin1.com\/cread.php?awinmid=6948&amp;awinaffid=467845&amp;platform=dl&amp;ued=https%3A%2F%2Fwww.cdiscount.com%2Flivres-bd%2Flivres-litterature%2Fconte-de-fees-de-stephen-king%2Ff-1050205-auc9782226475534.html%3FidOffre%3D2597389618 \" target=\"_blank\" rel=\"sponsored noopener\">Le livre Conte de f\u00e9es de Stephen King est propos\u00e9 \u00e0 24,90 euros chez Cdiscount.<\/a> Une bonne pioche si vous cherchez un roman dense, accessible, et qui sort des sentiers battus sans tomber dans la facilit\u00e9.<\/p>\n<p>Un roman de Stephen King \u00e0 d\u00e9couvrir sans plus attendre <\/p>\n<p class=\"paragraph text_align_left lp-f-body-02\">Vous n\u2019y trouverez ni \u00e9clairs sanguinolents ni cr\u00e9atures trop visibles, mais une histoire profond\u00e9ment ancr\u00e9e dans le contraste entre le quotidien et l\u2019extraordinaire. <a href=\"https:\/\/www.awin1.com\/cread.php?awinmid=6948&amp;awinaffid=467845&amp;platform=dl&amp;ued=https%3A%2F%2Fwww.cdiscount.com%2Flivres-bd%2Flivres-litterature%2Fconte-de-fees-de-stephen-king%2Ff-1050205-auc9782226475534.html%3FidOffre%3D2597389618\" target=\"_blank\" rel=\"sponsored noopener\">Conte de f\u00e9es<\/a> vous plonge aux c\u00f4t\u00e9s de Charlie Reade, un jeune homme de 17 ans, tout ce qu\u2019il y a de plus ordinaire, qui se retrouve propuls\u00e9 dans un monde parall\u00e8le \u00e0 la faveur d\u2019un cabanon myst\u00e9rieux dans le jardin de son voisin. \u00c0 ses c\u00f4t\u00e9s, son fid\u00e8le chien Radar, qu\u2019il cherche \u00e0 sauver en d\u00e9couvrant les pouvoirs d\u2019un cadran solaire magique sur Empis. Une fois arriv\u00e9, Charlie doit faire face \u00e0 des \u00e9preuves, de la prison \u00e0 des combats de gladiateurs et croiser des figures royales au destin bris\u00e9, notamment une princesse divis\u00e9e entre loyaut\u00e9 et survie. Ce r\u00e9cit, construit en deux parties marqu\u00e9es la d\u00e9couverte de l\u2019autre monde et le retour m\u00eale immersion lente et enjeux grandissants, sans jamais \u00e9touffer une \u00e9motion sinc\u00e8re, celle d\u2019un ado confront\u00e9 \u00e0 l\u2019extraordinaire.<\/p>\n<p class=\"paragraph text_align_left lp-f-body-02\"><b>Cliquez ici pour <\/b><a href=\"https:\/\/www.awin1.com\/cread.php?awinmid=6948&amp;awinaffid=467845&amp;platform=dl&amp;ued=https%3A%2F%2Fwww.cdiscount.com%2Flivres-bd%2Flivres-litterature%2Fconte-de-fees-de-stephen-king%2Ff-1050205-auc9782226475534.html%3FidOffre%3D2597389618\" target=\"_blank\" rel=\"sponsored noopener\"><b>retrouver l\u2019offre Cdiscount sur Le livre Conte de f\u00e9es de Stephen King<\/b> <\/a><\/p>\n","protected":false},"excerpt":{"rendered":"Si vous aimez les histoires qui basculent peu \u00e0 peu dans l\u2019\u00e9trange, ce livre pourrait bien vous occuper&hellip;\n","protected":false},"author":2,"featured_media":212792,"comment_status":"","ping_status":"","sticky":false,"template":"","format":"standard","meta":{"footnotes":""},"categories":[1357],"tags":[1379,58,59,1011,27,749,2003,1380,7616,2004,27347],"class_list":{"0":"post-212791","1":"post","2":"type-post","3":"status-publish","4":"format-standard","5":"has-post-thumbnail","7":"category-livres","8":"tag-books","9":"tag-divertissement","10":"tag-entertainment","11":"tag-fr","12":"tag-france","13":"tag-guide-shopping","14":"tag-livre","15":"tag-livres","16":"tag-loisirs-voyages","17":"tag-roman","18":"tag-stephen-king"},"share_on_mastodon":{"url":"https:\/\/pubeurope.com\/@fr\/114765512361652936","error":""},"_links":{"self":[{"href":"https:\/\/www.europesays.com\/fr\/wp-json\/wp\/v2\/posts\/212791","targetHints":{"allow":["GET"]}}],"collection":[{"href":"https:\/\/www.europesays.com\/fr\/wp-json\/wp\/v2\/posts"}],"about":[{"href":"https:\/\/www.europesays.com\/fr\/wp-json\/wp\/v2\/types\/post"}],"author":[{"embeddable":true,"href":"https:\/\/www.europesays.com\/fr\/wp-json\/wp\/v2\/users\/2"}],"replies":[{"embeddable":true,"href":"https:\/\/www.europesays.com\/fr\/wp-json\/wp\/v2\/comments?post=212791"}],"version-history":[{"count":0,"href":"https:\/\/www.europesays.com\/fr\/wp-json\/wp\/v2\/posts\/212791\/revisions"}],"wp:featuredmedia":[{"embeddable":true,"href":"https:\/\/www.europesays.com\/fr\/wp-json\/wp\/v2\/media\/212792"}],"wp:attachment":[{"href":"https:\/\/www.europesays.com\/fr\/wp-json\/wp\/v2\/media?parent=212791"}],"wp:term":[{"taxonomy":"category","embeddable":true,"href":"https:\/\/www.europesays.com\/fr\/wp-json\/wp\/v2\/categories?post=212791"},{"taxonomy":"post_tag","embeddable":true,"href":"https:\/\/www.europesays.com\/fr\/wp-json\/wp\/v2\/tags?post=212791"}],"curies":[{"name":"wp","href":"https:\/\/api.w.org\/{rel}","templated":true}]}}