{"id":212793,"date":"2025-06-29T07:38:09","date_gmt":"2025-06-29T07:38:09","guid":{"rendered":"https:\/\/www.europesays.com\/fr\/212793\/"},"modified":"2025-06-29T07:38:09","modified_gmt":"2025-06-29T07:38:09","slug":"la-tete-du-petit-ami-dune-star-de-tele-realite-recherchee-par-la-police","status":"publish","type":"post","link":"https:\/\/www.europesays.com\/fr\/212793\/","title":{"rendered":"La t\u00eate du petit ami d\u2019une star de t\u00e9l\u00e9-r\u00e9alit\u00e9 recherch\u00e9e par la police"},"content":{"rendered":"<p>En <a href=\"https:\/\/www.20minutes.fr\/dossier\/australie\" target=\"_blank\" class=\"color-ultramarine c-link\" rel=\"noopener\">Australie<\/a>, le parcours de Tamika Chesser va-t-il passer d\u00e9finitivement du petit \u00e9cran \u00e0 la prison\u00a0? La police a lanc\u00e9 un appel \u00e0 l\u2019aide pour retrouver la t\u00eate d\u2019un homme dont les enqu\u00eateurs pensent qu\u2019il a \u00e9t\u00e9 assassin\u00e9 par sa compagne, une ancienne vedette de la s\u00e9rie de la <a href=\"https:\/\/www.20minutes.fr\/dossier\/telerealite\" target=\"_blank\" class=\"color-ultramarine c-link\" rel=\"noopener\">t\u00e9l\u00e9-r\u00e9alit\u00e9<\/a> Beauty and the Geek Australia.<\/p>\n<p>La police a d\u00e9clar\u00e9 avoir inculp\u00e9 Tamika Chesser, pour meurtre apr\u00e8s que le corps d\u00e9membr\u00e9 de Julian Story, 39 ans, a \u00e9t\u00e9 retrouv\u00e9 dans un appartement au sud de l\u2019Australie la semaine derni\u00e8re. \u00ab\u00a0La t\u00eate de Julian a \u00e9t\u00e9 enlev\u00e9e lors du d\u00e9membrement et malgr\u00e9 des recherches approfondies, n\u2019a pas encore \u00e9t\u00e9 retrouv\u00e9e\u00a0\u00bb, a d\u00e9clar\u00e9 la police de la r\u00e9gion d\u2019Australie-M\u00e9ridionale dans un communiqu\u00e9 vendredi.<\/p>\n<p>La police venue \u00e0 l\u2019origine pour un incendie<\/p>\n<p>Les restes de Julian Story ont \u00e9t\u00e9 retrouv\u00e9s dans leur maison de Port Lincoln, ville de l\u2019extr\u00eame sud de l\u2019Australie apr\u00e8s que la police a \u00e9t\u00e9 inform\u00e9e d\u2019un <a href=\"https:\/\/www.20minutes.fr\/dossier\/incendie\" target=\"_blank\" class=\"color-ultramarine c-link\" rel=\"noopener\">incendie<\/a>. Les enqu\u00eateurs estiment que l\u2019homme aurait \u00e9t\u00e9 tu\u00e9 autour de minuit le 17\u00a0juin.<\/p>\n<\/p>\n<p>Les d\u00e9tectives ont d\u00e9voil\u00e9 des images de surveillance montrant Tamika Chesser, 34 ans, afin de montrer les v\u00eatements qu\u2019elle portait en quittant son domicile. \u00ab\u00a0R\u00e9cup\u00e9rer la t\u00eate de Julian pour la rendre \u00e0 sa famille afin qu\u2019elle puisse reposer en paix, et organiser des fun\u00e9railles, est un aspect tr\u00e8s important pour nous\u00a0\u00bb, a d\u00e9clar\u00e9 le commissaire Darren Fielke lors d\u2019une conf\u00e9rence de presse.<\/p>\n<p>Tamika Chesser incarc\u00e9r\u00e9e<\/p>\n<p>Tamika Chesser est en d\u00e9tention et a comparu vendredi devant le tribunal d\u2019Ad\u00e9la\u00efde par vid\u00e9o, selon les m\u00e9dias locaux, dont la cha\u00eene publique ABC. Le tribunal a lev\u00e9 une ordonnance qui l\u2019emp\u00eachait d\u2019\u00eatre identifi\u00e9e et doit se pr\u00e9senter \u00e0 nouveau devant le tribunal en d\u00e9cembre.<\/p>\n<p><a href=\"https:\/\/www.20minutes.fr\/dossier\/australie\" target=\"_blank\" class=\"c-link c-btn c-btn--primary\" rel=\"noopener\">Nos articles sur l&rsquo;Australie<\/a><\/p>\n<p>Tamika Chesser est apparue dans la s\u00e9rie Beauty and Geek Australia diffus\u00e9e dans les ann\u00e9es\u00a02010 qui mettait en comp\u00e9tition des candidats choisis soit pour leur apparence ou leur intelligence et devaient effectuer une s\u00e9rie de d\u00e9fis.<\/p>\n","protected":false},"excerpt":{"rendered":"En Australie, le parcours de Tamika Chesser va-t-il passer d\u00e9finitivement du petit \u00e9cran \u00e0 la prison\u00a0? La police&hellip;\n","protected":false},"author":2,"featured_media":212794,"comment_status":"","ping_status":"","sticky":false,"template":"","format":"standard","meta":{"footnotes":""},"categories":[1356],"tags":[47,6744,5035,35242,58,59,118,1011,27,777,74,2587,252,1364,133],"class_list":{"0":"post-212793","1":"post","2":"type-post","3":"status-publish","4":"format-standard","5":"has-post-thumbnail","7":"category-television","8":"tag-actualite","9":"tag-assassinat","10":"tag-australie","11":"tag-decapitations","12":"tag-divertissement","13":"tag-entertainment","14":"tag-faits-divers","15":"tag-fr","16":"tag-france","17":"tag-meurtre","18":"tag-monde","19":"tag-telerealite","20":"tag-television","21":"tag-tv","22":"tag-video"},"share_on_mastodon":{"url":"https:\/\/pubeurope.com\/@fr\/114765516230919916","error":""},"_links":{"self":[{"href":"https:\/\/www.europesays.com\/fr\/wp-json\/wp\/v2\/posts\/212793","targetHints":{"allow":["GET"]}}],"collection":[{"href":"https:\/\/www.europesays.com\/fr\/wp-json\/wp\/v2\/posts"}],"about":[{"href":"https:\/\/www.europesays.com\/fr\/wp-json\/wp\/v2\/types\/post"}],"author":[{"embeddable":true,"href":"https:\/\/www.europesays.com\/fr\/wp-json\/wp\/v2\/users\/2"}],"replies":[{"embeddable":true,"href":"https:\/\/www.europesays.com\/fr\/wp-json\/wp\/v2\/comments?post=212793"}],"version-history":[{"count":0,"href":"https:\/\/www.europesays.com\/fr\/wp-json\/wp\/v2\/posts\/212793\/revisions"}],"wp:featuredmedia":[{"embeddable":true,"href":"https:\/\/www.europesays.com\/fr\/wp-json\/wp\/v2\/media\/212794"}],"wp:attachment":[{"href":"https:\/\/www.europesays.com\/fr\/wp-json\/wp\/v2\/media?parent=212793"}],"wp:term":[{"taxonomy":"category","embeddable":true,"href":"https:\/\/www.europesays.com\/fr\/wp-json\/wp\/v2\/categories?post=212793"},{"taxonomy":"post_tag","embeddable":true,"href":"https:\/\/www.europesays.com\/fr\/wp-json\/wp\/v2\/tags?post=212793"}],"curies":[{"name":"wp","href":"https:\/\/api.w.org\/{rel}","templated":true}]}}