{"id":212797,"date":"2025-06-29T07:40:12","date_gmt":"2025-06-29T07:40:12","guid":{"rendered":"https:\/\/www.europesays.com\/fr\/212797\/"},"modified":"2025-06-29T07:40:12","modified_gmt":"2025-06-29T07:40:12","slug":"au-cinema-cet-ete-ces-8-blockbusters-misent-sur-la-nostalgie-pour-remplir-les-salles-obscures","status":"publish","type":"post","link":"https:\/\/www.europesays.com\/fr\/212797\/","title":{"rendered":"Au cin\u00e9ma cet \u00e9t\u00e9, ces 8\u00a0blockbusters misent sur la nostalgie pour remplir les salles obscures"},"content":{"rendered":"\n<p> La lecture de ce contenu est susceptible d\u2019entra\u00eener un d\u00e9p\u00f4t de cookies de la part de l\u2019op\u00e9rateur tiers qui l\u2019h\u00e9berge. Compte-tenu des choix que vous avez exprim\u00e9s en mati\u00e8re de d\u00e9p\u00f4t de cookies, nous avons bloqu\u00e9 l\u2019affichage de ce contenu. Si vous souhaitez y acc\u00e9der, vous devez accepter la cat\u00e9gorie de cookies \u201cContenus tiers\u201d en cliquant sur le bouton ci-dessous. <\/p>\n<p> Lire la Vid\u00e9o              <\/p>\n<p class=\"asset asset-text\">CINEMA &#8211;\u00a0Un peu comme l\u2019an dernier avec <a href=\"https:\/\/www.huffingtonpost.fr\/culture\/article\/twisters-avec-glen-powell-n-est-pas-un-vrai-film-catastrophe-et-c-est-tres-dommage-clx2_236984.html\" target=\"_blank\" rel=\"noopener\">Twisters<\/a>, Deadpool &amp; Wolverine, et Le flic de Beverly Hills, cet \u00e9t\u00e9 encore, Hollywood a mis le paquet sur la nostalgie. Les blockbusters qui vont probablement remplir les salles obscures mettent \u00e0 l\u2019honneur les reboots, remakes, suites et suites de suite.<\/p>\n<p class=\"asset asset-text\">Entre les <a href=\"https:\/\/www.huffingtonpost.fr\/culture\/video\/le-superman-2-0-de-james-gunn-devoile-sa-bande-annonce-musclee_243799.html\" target=\"_blank\" rel=\"noopener\">super-h\u00e9ros<\/a>, les com\u00e9dies familiales et les films <a href=\"https:\/\/www.huffingtonpost.fr\/culture\/video\/le-trailer-de-y-a-t-il-un-flic-pour-sauver-le-monde-avec-liam-neeson-annonce-le-film-le-plus-loufoque-de-l-annee_248393.html\" target=\"_blank\" rel=\"noopener\">com\u00e9dies d\u2019action<\/a>, voici les 8 films (am\u00e9ricains) qui vont tenter de secouer le box-office, tout en r\u00e9veillant vos souvenirs d\u2019enfance ou d\u2019adolescence.<\/p>\n<ul class=\"asset asset-bulletedList\">\n<li><strong>Jurassic World Renaissance<\/strong><strong> en salle le 4\u00a0juillet<\/strong><\/li>\n<\/ul>\n<p class=\"asset asset-text\">Pour le septi\u00e8me film de la saga tir\u00e9e du roman de Michael Crichton, ce sont Scarlett Johansson, Mahershala Ali et Jonathan Bailey qui sont en premi\u00e8re ligne. Leur mission\u00a0: r\u00e9cup\u00e9rer l\u2019ADN des trois plus grands dinos du monde. T-Rex, pt\u00e9rodactyles, mosasaure, cascades et courses-poursuites au programme, les fans de Jurassic Park s\u2019y retrouveront dans le film r\u00e9alis\u00e9 par Gareth Edwards.<\/p>\n<p class=\"asset asset-text\">Superman, alias Clark Kent, revient au cin\u00e9ma mais il y a du changement. C\u2019est James Gunn qui est derri\u00e8re ce film, qui sert de porte d\u2019entr\u00e9e \u00e0 un tout nouveau DC Universe. Le premier des super-h\u00e9ros jou\u00e9 par David Corensweet va m\u00eame faire \u00e9quipe avec Krypto, son super-chien. On retrouvera aussi Lex Luthor (Nicholas Hoult) et Lois Lane (Rachel Brosnahan).<\/p>\n<ul class=\"asset asset-bulletedList\">\n<li><strong>Souviens-toi\u2026 L\u2019\u00e9t\u00e9 dernier<\/strong><strong> le 16\u00a0juillet<\/strong><\/li>\n<\/ul>\n<p class=\"asset asset-text\">Le slasher des ann\u00e9es 90 est de retour. Un (nouveau) groupe de jeunes tue accidentellement un inconnu et d\u00e9cide de dissimuler le crime. Un myst\u00e9rieux p\u00eacheur arm\u00e9 d\u2019un crochet les massacre \u00e0 tour de r\u00f4le l\u2019\u00e9t\u00e9 suivant. Les acteurs Freddie Prinze Jr. et Jennifer Love Hewitt, stars des premiers films, sont de retour au casting.<\/p>\n<ul class=\"asset asset-bulletedList\">\n<li><strong>Les Schtroumpfs, le film<\/strong><strong> le 16\u00a0juillet<\/strong><\/li>\n<\/ul>\n<p class=\"asset asset-text\">Les petites cr\u00e9atures bleues cr\u00e9\u00e9es par Peyo quittent une fois de plus l\u2019univers de la bande dessin\u00e9e pour le grand \u00e9cran. Et cette fois-ci, c\u2019est la Schtroumpfette qui est au c\u0153ur de l\u2019action dans ce film qui comprend animation et images en prise de vue r\u00e9elle. Les spectateurs reconna\u00eetront les voix de Sofia Essa\u00efdi, Doroth\u00e9e, G\u00e9rard Hernandez, J\u00e9r\u00f4me Commandeur, ou encore Fran\u00e7ois Damiens.<\/p>\n<ul class=\"asset asset-bulletedList\">\n<li><strong>Les 4 Fantastiques, premiers pas<\/strong><strong> le 23\u00a0juillet<\/strong><\/li>\n<\/ul>\n<p class=\"asset asset-text\">Apr\u00e8s deux \u00e9checs critiques et commerciaux dans les ann\u00e9es 2000 et 2010, les Quatre Fantastiques reprennent du service avec un style qui sent bon le r\u00e9trofuturisme. Pour relancer la franchise de super-h\u00e9ros, Marvel mise sur Pedro Pascal, Vanessa Kirby, Ebon Moss-Bachrach et Joseph Quinn.\u00a0Elle pourra de plus compter sur un m\u00e9chant de choix\u00a0: Galactus.<\/p>\n<ul class=\"asset asset-bulletedList\">\n<li><strong>Freaky Friday 2\u00a0: Encore dans la peau de ma m\u00e8re<\/strong><strong> le 6\u00a0ao\u00fbt<\/strong><\/li>\n<\/ul>\n<p class=\"asset asset-text\">22\u00a0ans apr\u00e8s la sortie de la com\u00e9die familiale culte, Lindsay Lohan et Jamie Lee Curtis \u00e9changent \u00e0 nouveau de corps dans la suite r\u00e9alis\u00e9e par Mark Waters. Sauf que la famille s\u2019est agrandie et qu\u2019elles ne seront plus deux mais quatre dans cette gal\u00e8re. M\u00e8res et filles Coleman devront apprendre \u00e0 communiquer.<\/p>\n<ul class=\"asset asset-bulletedList\">\n<li><strong>Y a t-il un flic pour sauver le monde\u00a0?<\/strong><strong> le 13\u00a0ao\u00fbt<\/strong><\/li>\n<\/ul>\n<p class=\"asset asset-text\">Dans ce 4e volet de la saga d\u2019espionnage, Liam Neeson succ\u00e8de \u00e0 Leslie Nielsen dans le r\u00f4le de Frank Drebin.<strong> <\/strong>Il y incarne le fils du c\u00e9l\u00e8bre flic,  un policier qui va \u00e0 son tour d\u00e9ployer toutes ses comp\u00e9tences pour sauver, cette fois-ci, rien de moins que le monde.\u00a0Au programme du film dans lequel on retrouvera aussi Pamela Anderson\u00a0: cascades, d\u00e9guisements et une bonne dose d\u2019humour.<\/p>\n<ul class=\"asset asset-bulletedList\">\n<li><strong>Karate Kid\u00a0: Legends<\/strong><strong> le 13\u00a0ao\u00fbt<\/strong><\/li>\n<\/ul>\n<p class=\"asset asset-text\">Double dose de nostalgie pour ce remake de remake. Ralph Macchio, star du film original de 1984, et Jackie Chan, star de celui de 2010, s\u2019associent pour entra\u00eener le jeune Li Fong qui veut gagner un tournoi d\u2019arts martiaux et mettre son harceleur au tapis.<\/p>\n","protected":false},"excerpt":{"rendered":"La lecture de ce contenu est susceptible d\u2019entra\u00eener un d\u00e9p\u00f4t de cookies de la part de l\u2019op\u00e9rateur tiers&hellip;\n","protected":false},"author":2,"featured_media":212798,"comment_status":"","ping_status":"","sticky":false,"template":"","format":"standard","meta":{"footnotes":""},"categories":[1354],"tags":[650,251,58,59,2081,1346,1011,27,25360,2135,1360],"class_list":{"0":"post-212797","1":"post","2":"type-post","3":"status-publish","4":"format-standard","5":"has-post-thumbnail","7":"category-films","8":"tag-cinema","9":"tag-culture","10":"tag-divertissement","11":"tag-entertainment","12":"tag-film","13":"tag-films","14":"tag-fr","15":"tag-france","16":"tag-jurassic-world","17":"tag-marvel","18":"tag-movies"},"share_on_mastodon":{"url":"https:\/\/pubeurope.com\/@fr\/114765524364641266","error":""},"_links":{"self":[{"href":"https:\/\/www.europesays.com\/fr\/wp-json\/wp\/v2\/posts\/212797","targetHints":{"allow":["GET"]}}],"collection":[{"href":"https:\/\/www.europesays.com\/fr\/wp-json\/wp\/v2\/posts"}],"about":[{"href":"https:\/\/www.europesays.com\/fr\/wp-json\/wp\/v2\/types\/post"}],"author":[{"embeddable":true,"href":"https:\/\/www.europesays.com\/fr\/wp-json\/wp\/v2\/users\/2"}],"replies":[{"embeddable":true,"href":"https:\/\/www.europesays.com\/fr\/wp-json\/wp\/v2\/comments?post=212797"}],"version-history":[{"count":0,"href":"https:\/\/www.europesays.com\/fr\/wp-json\/wp\/v2\/posts\/212797\/revisions"}],"wp:featuredmedia":[{"embeddable":true,"href":"https:\/\/www.europesays.com\/fr\/wp-json\/wp\/v2\/media\/212798"}],"wp:attachment":[{"href":"https:\/\/www.europesays.com\/fr\/wp-json\/wp\/v2\/media?parent=212797"}],"wp:term":[{"taxonomy":"category","embeddable":true,"href":"https:\/\/www.europesays.com\/fr\/wp-json\/wp\/v2\/categories?post=212797"},{"taxonomy":"post_tag","embeddable":true,"href":"https:\/\/www.europesays.com\/fr\/wp-json\/wp\/v2\/tags?post=212797"}],"curies":[{"name":"wp","href":"https:\/\/api.w.org\/{rel}","templated":true}]}}