{"id":212814,"date":"2025-06-29T07:49:25","date_gmt":"2025-06-29T07:49:25","guid":{"rendered":"https:\/\/www.europesays.com\/fr\/212814\/"},"modified":"2025-06-29T07:49:25","modified_gmt":"2025-06-29T07:49:25","slug":"loire-190-volontaires-accueillis-dans-les-rangs-des-sapeurs-pompiers","status":"publish","type":"post","link":"https:\/\/www.europesays.com\/fr\/212814\/","title":{"rendered":"Loire. 190 volontaires accueillis dans les rangs des sapeurs-pompiers"},"content":{"rendered":"<p>Ce samedi 28\u00a0juin, en fin de matin\u00e9e, sous un soleil de plomb, la grande famille du Service d\u00e9partemental d\u2019incendie et de secours de la Loire \u00e9tait r\u00e9unie \u00e0 l\u2019occasion de Journ\u00e9e nationale des sapeurs-pompiers, pour une c\u00e9r\u00e9monie officielle au sein de son \u00e9tat-major \u00e0 Saint-\u00c9tienne.<\/p>\n<p>En pr\u00e9sence du patron du Sdis 42, Eric Meunier, de <a href=\"https:\/\/www.leprogres.fr\/p\/georges-ziegler\" target=\"_blank\" rel=\"noopener\">Georges Ziegler<\/a>, pr\u00e9sident du conseil d\u00e9partemental de la Loire et du pr\u00e9fet de la Loire, <a href=\"https:\/\/www.leprogres.fr\/p\/alexandre-rochatte\" target=\"_blank\" rel=\"noopener\">Alexandre Rochatte<\/a>, cet \u00e9v\u00e9nement solennel a permis de rendre hommage aux soldats du feu de la Loire et de tout l\u2019Hexagone, engag\u00e9s au quotidien pour porter secours \u00e0 la population, parfois au p\u00e9ril de leur vie.<\/p>\n<p>Ce rassemblement a \u00e9galement \u00e9t\u00e9 l\u2019occasion de mettre \u00e0 l\u2019honneur plusieurs sapeurs-pompiers du d\u00e9partement pour leur engagement exemplaire. Des d\u00e9corations et des promotions ont \u00e9t\u00e9 attribu\u00e9es en reconnaissance de leur d\u00e9vouement.<\/p>\n<p>  73 femmes dans cette nouvelle promotion<\/p>\n<p>De plus, la c\u00e9r\u00e9monie a offert un moment fort avec l\u2019accueil officiel de 190 nouveaux sapeurs-pompiers volontaires (SPV), r\u00e9cemment engag\u00e9s au sein du Sdis de la Loire.<\/p>\n<p>Parmi ces SPV, \u00e2g\u00e9s de 17 \u00e0 60 ans, on compte notamment 73 femmes (38\u00a0% soit plus d\u2019un tiers de l\u2019effectif, un chiffre en augmentation chaque ann\u00e9e) et 43 anciens jeunes sapeurs-pompiers (JSP).<\/p>\n<p>\u00c0 l\u2019issue de leur formation initiale, adapt\u00e9e pour les JSP, ils seront affect\u00e9s dans 64 des 71 centres de secours du d\u00e9partement.<\/p>\n<p class=\"note\">Les r\u00e9compenses et nouveaux grades\u00a0:<\/p>\n<p class=\"note\">M\u00e9daille d\u2019or de la s\u00e9curit\u00e9 int\u00e9rieure : Adjudant-chef Arnaud Allibert.<\/p>\n<p class=\"note\">M\u00e9dailles d\u2019honneur avec rosette pour services exceptionnels\u00a0: \u00e9chelon argent : Commandant St\u00e9phane Collard, Capitaine Sandra Fournel, Capitaine Serge Escot, Capitaine Serge Olivier, Capitaine Bernard Staron, Lieutenant hors classe Olivier Mazel, Lieutenant de 1ere classe David Lancha, Lieutenant de 1ere classe Christophe Rochet, Lieutenant Cyril Bessaire, Adjudant-chef Olivier Ravoux, Adjudant-chef Patrick Mounier, Adjudant-chef Herv\u00e9 Yousse, Adjudant-chef Herv\u00e9 Milan, Adjudant-chef Gilles Cottancin, Adjudant Micka\u00ebl Goutailler.<\/p>\n<p class=\"note\">Galons de lieutenant-colonel : Commandant \u00c9ric Gidrol, Commandant Frank Cizeron. Galons de commandant : Capitaine Fran\u00e7ois Lombard, Capitaine Fran\u00e7ois Perrot, Capitaine Fr\u00e9d\u00e9ric Lefranc. Galons de capitaine : Lieutenant C\u00e9dric Lacroix. Galons d\u2019infirmier-chef : Infirmier principal Franck Fournand.<\/p>\n","protected":false},"excerpt":{"rendered":"Ce samedi 28\u00a0juin, en fin de matin\u00e9e, sous un soleil de plomb, la grande famille du Service d\u00e9partemental&hellip;\n","protected":false},"author":2,"featured_media":212815,"comment_status":"","ping_status":"","sticky":false,"template":"","format":"standard","meta":{"footnotes":""},"categories":[9653],"tags":[1111,11,2430,3206,7539,1777,674,274,1011,27,1310,3367,12,25,4001,7538,104],"class_list":{"0":"post-212814","1":"post","2":"type-post","3":"status-publish","4":"format-standard","5":"has-post-thumbnail","7":"category-saint-etienne","8":"tag-actu","9":"tag-actualites","10":"tag-auvergne-rhone-alpes","11":"tag-defense-guerre-conflit","12":"tag-edition-loire-sud","13":"tag-eu","14":"tag-europe","15":"tag-faits-divers-justice","16":"tag-fr","17":"tag-france","18":"tag-incendie","19":"tag-loire","20":"tag-news","21":"tag-republique-francaise","22":"tag-saint-etienne","23":"tag-saint-etienne-ville","24":"tag-societe"},"share_on_mastodon":{"url":"https:\/\/pubeurope.com\/@fr\/114765559508595243","error":""},"_links":{"self":[{"href":"https:\/\/www.europesays.com\/fr\/wp-json\/wp\/v2\/posts\/212814","targetHints":{"allow":["GET"]}}],"collection":[{"href":"https:\/\/www.europesays.com\/fr\/wp-json\/wp\/v2\/posts"}],"about":[{"href":"https:\/\/www.europesays.com\/fr\/wp-json\/wp\/v2\/types\/post"}],"author":[{"embeddable":true,"href":"https:\/\/www.europesays.com\/fr\/wp-json\/wp\/v2\/users\/2"}],"replies":[{"embeddable":true,"href":"https:\/\/www.europesays.com\/fr\/wp-json\/wp\/v2\/comments?post=212814"}],"version-history":[{"count":0,"href":"https:\/\/www.europesays.com\/fr\/wp-json\/wp\/v2\/posts\/212814\/revisions"}],"wp:featuredmedia":[{"embeddable":true,"href":"https:\/\/www.europesays.com\/fr\/wp-json\/wp\/v2\/media\/212815"}],"wp:attachment":[{"href":"https:\/\/www.europesays.com\/fr\/wp-json\/wp\/v2\/media?parent=212814"}],"wp:term":[{"taxonomy":"category","embeddable":true,"href":"https:\/\/www.europesays.com\/fr\/wp-json\/wp\/v2\/categories?post=212814"},{"taxonomy":"post_tag","embeddable":true,"href":"https:\/\/www.europesays.com\/fr\/wp-json\/wp\/v2\/tags?post=212814"}],"curies":[{"name":"wp","href":"https:\/\/api.w.org\/{rel}","templated":true}]}}