{"id":212820,"date":"2025-06-29T07:53:09","date_gmt":"2025-06-29T07:53:09","guid":{"rendered":"https:\/\/www.europesays.com\/fr\/212820\/"},"modified":"2025-06-29T07:53:09","modified_gmt":"2025-06-29T07:53:09","slug":"ils-seront-mes-collaborateurs-pendant-les-quinze-annees-qui-viennent-mgr-touvet-a-ordonne-dix-pretres-ce-samedi-au-domaine-de-la-castille","status":"publish","type":"post","link":"https:\/\/www.europesays.com\/fr\/212820\/","title":{"rendered":"\u00ab\u00a0Ils seront mes collaborateurs pendant les quinze ann\u00e9es qui viennent\u00a0\u00bb: Mgr Touvet a ordonn\u00e9 dix pr\u00eatres ce samedi au domaine de la Castille"},"content":{"rendered":"<p>Les pr\u00eatres et les diacres, leurs proches et amis, et de nombreux fid\u00e8les \u00e9taient rassembl\u00e9s, samedi matin, \u00e0 l\u2019ombre des platanes du domaine de la Castille, Solli\u00e8s-Ville, \u00ab\u00a0cette cath\u00e9drale de verdure\u00a0\u00bb, tous tourn\u00e9s vers \u00ab\u00a0la vierge Marie, protectrice de ce lieu, et m\u00e8re des s\u00e9minaristes\u00a0\u00bb a rappel\u00e9 Mgr Fran\u00e7ois Touvet, \u00e9v\u00eaque du dioc\u00e8se Fr\u00e9jus-Toulon, lors des ordinations sacerdotales.<\/p>\n<p>Dix pr\u00eatres dont cinq originaires du Br\u00e9sil, de Colombie, du Canada, du P\u00e9rou et du Vietnam ont \u00e9t\u00e9 ordonn\u00e9s par Mgr Fran\u00e7ois Touvet.<\/p>\n<p>\u00ab\u00a0Voil\u00e0 un si\u00e8cle que les s\u00e9minaristes se pr\u00e9parent ici sauf de 1959 \u00e0 1983 faute de candidats assez nombreux. Tous mes pr\u00e9d\u00e9cesseurs ont beaucoup \u0153uvr\u00e9 pour le s\u00e9minaire. Aujourd\u2019hui, il me revient d\u2019assurer cette vigilance fraternelle. Je le fais avec force et grande d\u00e9termination\u00a0\u00bb, a pr\u00e9cis\u00e9 l\u2019\u00e9v\u00eaque.<\/p>\n<p>\u00ab\u00a0Ils seront mes collaborateurs pendant les quinze ann\u00e9es qui viennent. Entre nous une belle communion a pu s\u2019\u00e9tablir. Je suis pour vous, un p\u00e8re, un fr\u00e8re, et un ami\u00a0\u00bb, leur a-t-il assur\u00e9.<\/p>\n","protected":false},"excerpt":{"rendered":"Les pr\u00eatres et les diacres, leurs proches et amis, et de nombreux fid\u00e8les \u00e9taient rassembl\u00e9s, samedi matin, \u00e0&hellip;\n","protected":false},"author":2,"featured_media":212821,"comment_status":"","ping_status":"","sticky":false,"template":"","format":"standard","meta":{"footnotes":""},"categories":[9619],"tags":[1111,11,1777,674,1011,27,12,882,4020,25,2310,3366],"class_list":{"0":"post-212820","1":"post","2":"type-post","3":"status-publish","4":"format-standard","5":"has-post-thumbnail","7":"category-toulon","8":"tag-actu","9":"tag-actualites","10":"tag-eu","11":"tag-europe","12":"tag-fr","13":"tag-france","14":"tag-news","15":"tag-provence-alpes-cote-dazur","16":"tag-religion","17":"tag-republique-francaise","18":"tag-toulon","19":"tag-vie-locale"},"share_on_mastodon":{"url":"https:\/\/pubeurope.com\/@fr\/114765575205428706","error":""},"_links":{"self":[{"href":"https:\/\/www.europesays.com\/fr\/wp-json\/wp\/v2\/posts\/212820","targetHints":{"allow":["GET"]}}],"collection":[{"href":"https:\/\/www.europesays.com\/fr\/wp-json\/wp\/v2\/posts"}],"about":[{"href":"https:\/\/www.europesays.com\/fr\/wp-json\/wp\/v2\/types\/post"}],"author":[{"embeddable":true,"href":"https:\/\/www.europesays.com\/fr\/wp-json\/wp\/v2\/users\/2"}],"replies":[{"embeddable":true,"href":"https:\/\/www.europesays.com\/fr\/wp-json\/wp\/v2\/comments?post=212820"}],"version-history":[{"count":0,"href":"https:\/\/www.europesays.com\/fr\/wp-json\/wp\/v2\/posts\/212820\/revisions"}],"wp:featuredmedia":[{"embeddable":true,"href":"https:\/\/www.europesays.com\/fr\/wp-json\/wp\/v2\/media\/212821"}],"wp:attachment":[{"href":"https:\/\/www.europesays.com\/fr\/wp-json\/wp\/v2\/media?parent=212820"}],"wp:term":[{"taxonomy":"category","embeddable":true,"href":"https:\/\/www.europesays.com\/fr\/wp-json\/wp\/v2\/categories?post=212820"},{"taxonomy":"post_tag","embeddable":true,"href":"https:\/\/www.europesays.com\/fr\/wp-json\/wp\/v2\/tags?post=212820"}],"curies":[{"name":"wp","href":"https:\/\/api.w.org\/{rel}","templated":true}]}}