{"id":212847,"date":"2025-06-29T08:10:12","date_gmt":"2025-06-29T08:10:12","guid":{"rendered":"https:\/\/www.europesays.com\/fr\/212847\/"},"modified":"2025-06-29T08:10:12","modified_gmt":"2025-06-29T08:10:12","slug":"ca-twiste-a-la-tete-de-bordeaux-mon-commerce-2","status":"publish","type":"post","link":"https:\/\/www.europesays.com\/fr\/212847\/","title":{"rendered":"\u00c7a twiste \u00e0 la t\u00eate de Bordeaux Mon Commerce"},"content":{"rendered":"<p>\n\t\t\t\t\t\t\t\t\tRomain Debonni\u00e8re (\u00e0 gauche) et Georges Simon. Cr\u00e9dit : DM\n\t\t\t\t\t\t\t\t<\/p>\n<p>\u00c0 Bordeaux, il y a du rififi au sommet de l\u2019ex-Ronde des Quartiers, association de commer\u00e7ants et d\u2019artisans forte d\u2019un millier d\u2019adh\u00e9rents. On parle \u00ab\u00a0de choses \u00e0 r\u00e9gler\u00a0\u00bb \u00e0 l\u2019interne, mais une certain omerta r\u00e8gne.<\/p>\n<p>\u00c7a aurait pu \u00eatre une \u00e9lection sans histoire, fleuve tranquille comme il s\u2019en \u00e9coule souvent au sein des associations. M\u00eame de celles de l\u2019ampleur de Bordeaux Mon Commerce (ex-Ronde des Quartiers de Bordeaux, rebaptis\u00e9e en 2022), \u00ab\u00a0association de commer\u00e7ants et d\u2019artisans bordelais, qui favorise le lien entre commer\u00e7ants, partenaires, institutions locales, instances nationales et consommateurs\u00a0\u00bb, qui revendique plus d\u2019un millier d\u2019adh\u00e9rents, dont quelque 60% de commer\u00e7ants ind\u00e9pendants. \u00c0 l\u2019heure o\u00f9 la municipalit\u00e9 et la CCI de Bordeaux se retrouvent autour d\u2019un plan \u00e0 10 ans o\u00f9 \u00ab\u00a0collectif, dialogue, partenarial, union\u2026 \u00bb servent d\u2019\u00e9pith\u00e8tes et d\u2019attributs \u00e0 nombre d\u2019initiatives et axes forts, l\u2019affaire fait un peu tanguer le navire.<\/p>\n<p style=\"margin-left: 25px;\"><b>\u00c0 lire \u00e9galement<\/b> &#8211; <a href=\"https:\/\/www.placeco.fr\/gironde\/ecosysteme\/article\/quel-plan-pour-dynamiser-le-commerce-bordelais-8147\" target=\"_blank\" rel=\"nofollow noopener\">Quel plan pour dynamiser le commerce bordelais ?<\/a><\/p>\n<p>Il y a quelques jours, cette asso loi 1901 renouvelait son conseil d\u2019administration. Initialement, selon ses dires, le pr\u00e9sident sortant Georges Simon (cofondateur de Jane de Boy) avait pr\u00e9vu de ne pas se repr\u00e9senter. Avant, \u00ab\u00a0un peu \u00e0 la derni\u00e8re minute\u00a0\u00bb, de finalement se mettre sur les rangs pour rempiler, \u00ab\u00a0\u00e0 la demande de l\u2019ensemble du bureau, si personne ne se pr\u00e9sente\u00a0\u00bb, raconte-t-il. Mais, sans qu\u2019il en soit inform\u00e9, une liste alternative se construit. Et l\u2019emporte ! Poussant les sortants vers la sortie.<\/p>\n<p>Une premi\u00e8re r\u00e9union mardi<\/p>\n<p>Qu\u2019est-ce qui se joue derri\u00e8re ce petit coup de Trafalgar ? \u00ab\u00a0On n\u2019a pas compris ce qui s\u2019est pass\u00e9\u00a0\u00bb, s\u2019\u00e9tonne Romain Debonni\u00e8re. Membre du conseil d\u2019administration sortant, il nous raconte qu\u2019il avait pr\u00e9vu de d\u00e9missionner sit\u00f4t son mandat renouvel\u00e9. La raison ? \u00ab\u00a0Venu dans le conseil d\u2019administration pour observer de l\u2019int\u00e9rieur, apr\u00e8s 10 ans en tant que simple adh\u00e9rent\u00a0\u00bb, le directeur-fondateur de \u00ab\u00a0Comme chiens et chats\u00a0\u00bb dans le quartier Ginko souhaitait ainsi pouvoir s\u2019exprimer devant le nouveau CA. La raison de ce coup d\u2019\u00e9clat programm\u00e9, mais tu\u00e9 dans l\u2019\u0153uf ? \u00ab\u00a0Je suis en d\u00e9saccord avec la fa\u00e7on dont l\u2019association est dirig\u00e9e, dont certaines strat\u00e9gies sont orient\u00e9es sans que le conseil d\u2019administration ne se prononce. \u00bb\u00a0Ce qui serait, le mode de fonctionnement de l\u2019association \u00ab\u00a0depuis de nombreuses ann\u00e9es\u00a0\u00bb, poursuit-il. \u00ab\u00a0J\u2019aurais pr\u00e9f\u00e9r\u00e9 que le conseil d\u2019administration puisse plus administrer\u00a0\u00bb, d\u00e9plore-t-il \u00ab\u00a0\u00e0 titre personnel\u00a0\u00bb.<\/p>\n<p>\u00ab\u00a0Il y a des choses, comme dans n\u2019importe quelle association, qui sont \u00e0 am\u00e9liorer\u00a0\u00bb, commente Anna Peledaborde, vice-pr\u00e9sidente pour encore quelques heures, entre euph\u00e9misme et \u00ab\u00a0volont\u00e9 de ne pas mettre le feu aux poudres\u00a0\u00bb, afin de \u00ab\u00a0maintenir une association forte\u00a0\u00bb. Le nouveau conseil d\u2019administration se r\u00e9unira ce mardi 1er juillet en fin de journ\u00e9e et \u00e9lira le bureau. Une s\u00e9quence au cours de laquelle Georges Simon est cens\u00e9 faire la passation mais o\u00f9 il \u00ab\u00a0n\u2019est pas s\u00fbr d&rsquo;\u00eatre invit\u00e9 \u00bb. Les langues se d\u00e9lieront-elles ou le linge se lavera-t-il uniquement au sein de la nouvelle famille ?<\/p>\n","protected":false},"excerpt":{"rendered":"Romain Debonni\u00e8re (\u00e0 gauche) et Georges Simon. Cr\u00e9dit : DM \u00c0 Bordeaux, il y a du rififi au&hellip;\n","protected":false},"author":2,"featured_media":208991,"comment_status":"","ping_status":"","sticky":false,"template":"","format":"standard","meta":{"footnotes":""},"categories":[2817],"tags":[1111,11,1997,1777,674,1011,27,12,2219,5645,25],"class_list":{"0":"post-212847","1":"post","2":"type-post","3":"status-publish","4":"format-standard","5":"has-post-thumbnail","7":"category-bordeaux","8":"tag-actu","9":"tag-actualites","10":"tag-bordeaux","11":"tag-eu","12":"tag-europe","13":"tag-fr","14":"tag-france","15":"tag-news","16":"tag-nouvelle-aquitaine","17":"tag-placco-placeco","18":"tag-republique-francaise"},"share_on_mastodon":{"url":"https:\/\/pubeurope.com\/@fr\/114765642077266109","error":""},"_links":{"self":[{"href":"https:\/\/www.europesays.com\/fr\/wp-json\/wp\/v2\/posts\/212847","targetHints":{"allow":["GET"]}}],"collection":[{"href":"https:\/\/www.europesays.com\/fr\/wp-json\/wp\/v2\/posts"}],"about":[{"href":"https:\/\/www.europesays.com\/fr\/wp-json\/wp\/v2\/types\/post"}],"author":[{"embeddable":true,"href":"https:\/\/www.europesays.com\/fr\/wp-json\/wp\/v2\/users\/2"}],"replies":[{"embeddable":true,"href":"https:\/\/www.europesays.com\/fr\/wp-json\/wp\/v2\/comments?post=212847"}],"version-history":[{"count":0,"href":"https:\/\/www.europesays.com\/fr\/wp-json\/wp\/v2\/posts\/212847\/revisions"}],"wp:featuredmedia":[{"embeddable":true,"href":"https:\/\/www.europesays.com\/fr\/wp-json\/wp\/v2\/media\/208991"}],"wp:attachment":[{"href":"https:\/\/www.europesays.com\/fr\/wp-json\/wp\/v2\/media?parent=212847"}],"wp:term":[{"taxonomy":"category","embeddable":true,"href":"https:\/\/www.europesays.com\/fr\/wp-json\/wp\/v2\/categories?post=212847"},{"taxonomy":"post_tag","embeddable":true,"href":"https:\/\/www.europesays.com\/fr\/wp-json\/wp\/v2\/tags?post=212847"}],"curies":[{"name":"wp","href":"https:\/\/api.w.org\/{rel}","templated":true}]}}