{"id":212854,"date":"2025-06-29T08:15:09","date_gmt":"2025-06-29T08:15:09","guid":{"rendered":"https:\/\/www.europesays.com\/fr\/212854\/"},"modified":"2025-06-29T08:15:09","modified_gmt":"2025-06-29T08:15:09","slug":"olivier-giroud-attendu-a-lille-en-milieu-de-semaine","status":"publish","type":"post","link":"https:\/\/www.europesays.com\/fr\/212854\/","title":{"rendered":"Olivier Giroud attendu \u00e0 Lille en milieu de semaine"},"content":{"rendered":"<p>            Par<br \/>\n        <strong><br \/>\n            <a href=\"https:\/\/actu.fr\/auteur\/nicolas-demollien\" title=\"Consulter tous les articles de Nicolas Demollien\" target=\"_blank\" rel=\"noopener\">Nicolas Demollien<\/a><br \/>\n        <\/strong><\/p>\n<p>        Publi\u00e9 le<\/p>\n<p>            29 juin 2025 \u00e0 9h40        <\/p>\n<p>Tout le monde ne parle que de \u00e7a ! Le <b>transfert d\u2019Olivier Giroud<\/b> \u00e0 <a href=\"https:\/\/actu.fr\/hauts-de-france\/lille_59350\" target=\"_blank\" rel=\"noopener\">Lille<\/a> est \u00ab\u00a0<b>en bonne voie<\/b>\u00a0\u00bb selon une source proche du club, qui a estim\u00e9 samedi que le <b>meilleur buteur des Bleus<\/b> \u00e9tait attendu dans le Nord \u00ab\u00a0en <b>milieu de semaine<\/b>\u00ab\u00a0.<\/p>\n<p>L\u2019arriv\u00e9e d\u2019Olivier Giroud \u00e0 Lille se pr\u00e9cise<\/p>\n<p class=\" wall-content\">Cette source confirme que le <a href=\"https:\/\/actu.fr\/tag\/losc-football\" target=\"_blank\" rel=\"noopener\">LOSC<\/a> \u00ab\u00a0est en <b>contacts avanc\u00e9s<\/b>\u00a0\u00bb avec l\u2019attaquant de 38 ans, dont le club actuel, le Los Angeles FC, a annonc\u00e9 vendredi le d\u00e9part.<\/p>\n<p class=\" wall-content\">Le Losc est ainsi peut-\u00eatre sur le point de r\u00e9ussir un des gros coups du <a href=\"https:\/\/actu.fr\/tag\/mercato\" target=\"_blank\" rel=\"noopener\">mercato<\/a> estival en Ligue 1. <a href=\"https:\/\/actu.fr\/tag\/olivier-giroud\" target=\"_blank\" rel=\"noopener\">Giroud<\/a> (38 ans) avait rejoint le LAFC en 2024 apr\u00e8s trois saisons \u00e0 l\u2019AC Milan. L\u2019homme aux 57 buts en \u00e9quipe de France (137 s\u00e9lections) avait alors effectu\u00e9 ses adieux en s\u00e9lection \u00e0 l\u2019issue de l\u2019Euro organis\u00e9 en Allemagne.<\/p>\n<p class=\" wall-content\">Le champion du monde 2018, qui avait quitt\u00e9 la L1 en 2012 sur un titre de champion de France avec Montpellier auquel il avait largement contribu\u00e9, n\u2019a marqu\u00e9 que 5 buts en 37 matches sous les couleurs du club californien.<\/p>\n<p class=\" wall-content\">Selon plusieurs m\u00e9dias, l\u2019ancien joueur d\u2019Arsenal et Chelsea n\u00e9gociait depuis plusieurs jours avec Lille, qui trouverait avec Giroud un rempla\u00e7ant \u00e0 son buteur des cinq derni\u00e8res saisons, le Canadien Jonathan David, parti libre au terme de son contrat.<\/p>\n<p>Vid\u00e9os : en ce moment sur Actu<\/p>\n<p class=\" wall-content\">Giroud pourrait \u00eatre le deuxi\u00e8me champion du monde 2018 \u00e0 rejoindre la Ligue 1 cet \u00e9t\u00e9 avec Paul Pogba, qui s\u2019est engag\u00e9 avec l\u2019AS Monaco.<\/p>\n<p class=\" wall-content\"><b>Avec AFP<\/b><\/p>\n<p class=\" wall-content\">Suivez toute l\u2019actualit\u00e9 de vos villes et m\u00e9dias favoris en vous inscrivant \u00e0 <a href=\"https:\/\/moncompte.actu.fr\" title=\"D\u00e9couvez Mon Actu\" rel=\"nofollow noopener\" data-trk=\"{&quot;cta&quot;:{&quot;action&quot;:&quot;https:\\\/\\\/moncompte.actu.fr&quot;,&quot;category&quot;:&quot;mon compte&quot;,&quot;from&quot;:&quot;article footer&quot;,&quot;name&quot;:&quot;Mon actu&quot;,&quot;type&quot;:&quot;cta&quot;}}\" target=\"_blank\">Mon Actu<\/a>.<\/p>\n","protected":false},"excerpt":{"rendered":"Par Nicolas Demollien Publi\u00e9 le 29 juin 2025 \u00e0 9h40 Tout le monde ne parle que de \u00e7a&hellip;\n","protected":false},"author":2,"featured_media":212855,"comment_status":"","ping_status":"","sticky":false,"template":"","format":"standard","meta":{"footnotes":""},"categories":[2815],"tags":[1111,11,1777,674,1011,27,811,1307,4158,1434,12,5959,25,104],"class_list":{"0":"post-212854","1":"post","2":"type-post","3":"status-publish","4":"format-standard","5":"has-post-thumbnail","7":"category-lille","8":"tag-actu","9":"tag-actualites","10":"tag-eu","11":"tag-europe","12":"tag-fr","13":"tag-france","14":"tag-hauts-de-france","15":"tag-lille","16":"tag-losc-football","17":"tag-mercato","18":"tag-news","19":"tag-olivier-giroud","20":"tag-republique-francaise","21":"tag-societe"},"share_on_mastodon":{"url":"https:\/\/pubeurope.com\/@fr\/114765661768093270","error":""},"_links":{"self":[{"href":"https:\/\/www.europesays.com\/fr\/wp-json\/wp\/v2\/posts\/212854","targetHints":{"allow":["GET"]}}],"collection":[{"href":"https:\/\/www.europesays.com\/fr\/wp-json\/wp\/v2\/posts"}],"about":[{"href":"https:\/\/www.europesays.com\/fr\/wp-json\/wp\/v2\/types\/post"}],"author":[{"embeddable":true,"href":"https:\/\/www.europesays.com\/fr\/wp-json\/wp\/v2\/users\/2"}],"replies":[{"embeddable":true,"href":"https:\/\/www.europesays.com\/fr\/wp-json\/wp\/v2\/comments?post=212854"}],"version-history":[{"count":0,"href":"https:\/\/www.europesays.com\/fr\/wp-json\/wp\/v2\/posts\/212854\/revisions"}],"wp:featuredmedia":[{"embeddable":true,"href":"https:\/\/www.europesays.com\/fr\/wp-json\/wp\/v2\/media\/212855"}],"wp:attachment":[{"href":"https:\/\/www.europesays.com\/fr\/wp-json\/wp\/v2\/media?parent=212854"}],"wp:term":[{"taxonomy":"category","embeddable":true,"href":"https:\/\/www.europesays.com\/fr\/wp-json\/wp\/v2\/categories?post=212854"},{"taxonomy":"post_tag","embeddable":true,"href":"https:\/\/www.europesays.com\/fr\/wp-json\/wp\/v2\/tags?post=212854"}],"curies":[{"name":"wp","href":"https:\/\/api.w.org\/{rel}","templated":true}]}}