{"id":212888,"date":"2025-06-29T08:32:11","date_gmt":"2025-06-29T08:32:11","guid":{"rendered":"https:\/\/www.europesays.com\/fr\/212888\/"},"modified":"2025-06-29T08:32:11","modified_gmt":"2025-06-29T08:32:11","slug":"la-commissaire-et-les-deputes-europeens-a-budapest-contre-linterdiction-de-la-pride-par-orban","status":"publish","type":"post","link":"https:\/\/www.europesays.com\/fr\/212888\/","title":{"rendered":"La commissaire et les d\u00e9put\u00e9s europ\u00e9ens \u00e0 Budapest contre l&rsquo;interdiction de la Pride par Orb\u00e1n"},"content":{"rendered":"<p>Environ 70 d\u00e9put\u00e9s des groupes lib\u00e9ral, vert et gauche du Parlement europ\u00e9en ont rejoint la commissaire belge \u00e0 l&rsquo;\u00e9galit\u00e9 \u00e0 Budapest samedi apr\u00e8s-midi, alors que des milliers de manifestants d\u00e9filaient dans la capitale hongroise en brandissant des drapeaux arc-en-ciel et des drapeaux de l&rsquo;Union europ\u00e9enne.<\/p>\n<p>Les eurod\u00e9put\u00e9s \u00e9taient principalement issus des groupes lib\u00e9raux Renew Europe, Socialistes &amp; D\u00e9mocrates, Gauche et Verts, rejoints par une eurod\u00e9put\u00e9e irlandaise du Parti populaire europ\u00e9en (PPE), Maria Walsh.<\/p>\n<p>Des dizaines de milliers de personnes se sont jointes \u00e0 la marche, les organisateurs affirmant qu&rsquo;il y avait jusqu&rsquo;\u00e0 200 000 personnes dans les rues.<\/p>\n<p>\u00ab\u00a0Bien avant d&rsquo;entrer en politique, et bien avant de partir, j&rsquo;irai \u00e0 la Pride. Pour moi et pour mes valeurs, la Pride est incroyablement importante. J&rsquo;aurais aim\u00e9 \u00eatre plus nombreux, mais je me suis joint \u00e0 plus de 70 autres d\u00e9put\u00e9s europ\u00e9ens de tous les partis politiques\u00a0\u00bb, a d\u00e9clar\u00e9 Mme Walsh \u00e0 <strong>Euronews<\/strong>.<\/p>\n<p>\u00ab\u00a0Il ne s&rsquo;agit pas d&rsquo;un parti contre un autre. Il s&rsquo;agit d&rsquo;un \u00eatre humain qui se montre pour un autre\u00a0\u00bb, a-t-elle ajout\u00e9, lorsqu&rsquo;elle a \u00e9t\u00e9 interrog\u00e9e sur le fait qu&rsquo;il n&rsquo;y avait pas de d\u00e9l\u00e9gation du PPE avec elle.<\/p>\n<p>\u00ab\u00a0J&rsquo;aurais pr\u00e9f\u00e9r\u00e9 que davantage de membres du PPE se joignent \u00e0 l&rsquo;\u00e9v\u00e9nement. Je pense que c&rsquo;est d\u00e9cevant parce que c&rsquo;est une mobilisation importante\u00a0\u00bb, a d\u00e9clar\u00e9 la pr\u00e9sidente de Renew Europe, Val\u00e9rie Hayer, \u00e0 <strong>Euronews<\/strong>.<\/p>\n<p>\u00ab\u00a0Nous avons constat\u00e9, depuis le d\u00e9but de cette l\u00e9gislature, que le PPE oscille entre les forces d\u00e9mocratiques et l&rsquo;extr\u00eame droite. Il est dommage que le PPE ne comprenne pas qui sont ses adversaires\u00a0\u00bb, a d\u00e9clar\u00e9 l&rsquo;eurod\u00e9put\u00e9e socialiste fran\u00e7aise Emma Rafowicz.<\/p>\n<p>L&rsquo;absence du PPE a \u00e9t\u00e9 remarqu\u00e9e par le leader de l&rsquo;opposition hongroise et eurod\u00e9put\u00e9 P\u00e9ter Magyar. Son parti de centre-droit, le Tisza, actuellement devance Fidesz, le parti au pouvoir, dans les sondages d&rsquo;opinion pour les \u00e9lections parlementaires de 2026.<\/p>\n<p>M. Magyar n&rsquo;\u00e9tait pas \u00e0 Budapest, \u00e9vitant de prendre position sur l&rsquo;\u00e9pineuse question de la marche des fiert\u00e9s, qui, selon un r\u00e9cent <a href=\"https:\/\/publicus.hu\/blog\/a-pride-megoszto-de-a-budapestiek-nagy-aranyban-tamogatjak-a-rendezvenyt\/\" rel=\"nofollow noopener\" target=\"_blank\" data-ylk=\"slk:sondage;elm:context_link;itc:0;sec:content-canvas\" class=\"link \">sondage<\/a>, divise l&rsquo;opinion dans le pays, 47 % des Hongrois \u00e9tant oppos\u00e9s \u00e0 sa tenue.<\/p>\n<p>Toutefois, plus t\u00f4t dans la journ\u00e9e, il avait appel\u00e9 \u00e0 une manifestation pacifique. \u00ab\u00a0Je demande \u00e0 tout le monde de ne pas tomber dans la provocation. Si quelqu&rsquo;un est bless\u00e9 aujourd&rsquo;hui \u00e0 Budapest, si quelqu&rsquo;un est bless\u00e9, Viktor Orb\u00e1n en sera le seul responsable\u00a0\u00bb, a post\u00e9 M. Magyar sur ses plateformes sociales.<\/p>\n<p><img decoding=\"async\" class=\"caas-img caas-lazy has-preview\" alt=\"Le post de P\u00e9ter Magyar sur Instagram\" src=\"https:\/\/www.europesays.com\/fr\/wp-content\/uploads\/2025\/06\/0e98802f50d2e909714c4e624dcd2956.jpeg\"\/><\/p>\n<p> Le post de P\u00e9ter Magyar sur Instagram   &#8211; Peter Magyar <\/p>\n<p>La commissaire europ\u00e9enne \u00e0 l&rsquo;\u00e9galit\u00e9, Hadja Lahbib, a tenu des r\u00e9unions avec des organisations locales de la soci\u00e9t\u00e9 civile vendredi. Cependant, elle ne s&rsquo;est pas montr\u00e9e \u00e0 la marche, d\u00e9clarant \u00e0 <strong>Euronews<\/strong> qu&rsquo;elle participerait plut\u00f4t \u00e0 des r\u00e9unions dans la ville.<\/p>\n<p>Risquer des amendes et des peines de prison<\/p>\n<p>En mars, le Parlement hongrois a approuv\u00e9 un projet de loi interdisant la marche des fiert\u00e9s homosexuelles. Comme le stipule la l\u00e9gislation, cet \u00e9v\u00e9nement pourrait violer la loi hongroise sur la protection de l&rsquo;enfance, adopt\u00e9e plus t\u00f4t dans le pays, qui interdit toute repr\u00e9sentation des relations entre personnes de m\u00eame sexe pour les mineurs.<\/p>\n<p>La Commission europ\u00e9enne consid\u00e8re qu&rsquo;il s&rsquo;agit d&rsquo;une violation de son droit communautaire et a port\u00e9 l&rsquo;affaire devant la Cour europ\u00e9enne de justice.<\/p>\n<p>Les d\u00e9put\u00e9s conservateurs et d&rsquo;extr\u00eame droite du Parlement europ\u00e9en ont d\u00e9fendu la d\u00e9cision d&rsquo;Orb\u00e1n d&rsquo;interdire la marche des fiert\u00e9s, affirmant que l&rsquo;UE n&rsquo;avait pas \u00e0 s&rsquo;immiscer dans les affaires int\u00e9rieures de la Hongrie.<\/p>\n<p>Toutefois, le maire de Budapest, Gergely Kar\u00e1csony, membre du parti des Verts, a autoris\u00e9 le d\u00e9fil\u00e9 en le qualifiant de \u00ab\u00a0Journ\u00e9e de la libert\u00e9\u00a0\u00bb, officiellement organis\u00e9e par le conseil municipal.<\/p>\n<p>Ce vide juridique a permis \u00e0 des milliers de personnes de d\u00e9filer dans les rues de Budapest sous une chaleur \u00e9touffante, pour protester non seulement contre l&rsquo;interdiction de la Pride, mais aussi contre le gouvernement de Viktor Orb\u00e1n en g\u00e9n\u00e9ral. Outre les drapeaux de la fiert\u00e9 et la musique forte, les banderoles arboraient souvent des portraits du Premier ministre.<\/p>\n<p>\u00ab\u00a0Je ne suis pas un grand fan des \u00e9v\u00e9nements de la Pride, mais cela va au-del\u00e0. Il s&rsquo;agit aussi de libert\u00e9, parce que la Hongrie, un pays de l&rsquo;Union europ\u00e9enne, n&rsquo;a pas le droit d&rsquo;interdire la Pride\u00a0\u00bb, a d\u00e9clar\u00e9 un participant \u00e0 <strong>Euronews<\/strong> pour expliquer les raisons de sa pr\u00e9sence.<\/p>\n<p>Les cam\u00e9ras de s\u00e9curit\u00e9 ont \u00e9t\u00e9 install\u00e9es sur les lampadaires du centre-ville et des centaines de policiers ont \u00e9t\u00e9 d\u00e9ploy\u00e9s aux endroits cl\u00e9s de la parade, pour surveiller les manifestants et s&rsquo;assurer qu&rsquo;il n&rsquo;y ait pas d&rsquo;affrontements.<\/p>\n<p>Le minist\u00e8re hongrois de la Justice a averti les participants que les organisateurs du d\u00e9fil\u00e9 risquaient jusqu&rsquo;\u00e0 un an de prison et que ceux qui d\u00e9filaient pouvaient se voir infliger une amende de 500 euros. La police a \u00e9t\u00e9 encourag\u00e9e par le gouvernement \u00e0 utiliser la technologie de reconnaissance faciale pour identifier les participants, mais M. Kar\u00e1csony insiste sur le fait que personne ne sera sanctionn\u00e9 pour sa participation au d\u00e9fil\u00e9.<\/p>\n<p>Des manifestants anti-LGBT se sont \u00e9galement rassembl\u00e9s \u00e0 Budapest<\/p>\n<p>Le mouvement nationaliste 64 Counties Youth Movement a organis\u00e9 une manifestation l\u00e9galement autoris\u00e9e sur la m\u00eame place de Budapest o\u00f9 les participants \u00e0 la Pride se sont ensuite rassembl\u00e9s. Dans le m\u00eame temps, le Mouvement Notre Patrie, un petit parti parlementaire d&rsquo;extr\u00eame droite, a organis\u00e9 une contre-marche approuv\u00e9e par la police sur le m\u00eame itin\u00e9raire que la manifestation municipale de la Pride.<\/p>\n<p>Toutefois, au cours de la journ\u00e9e, la manifestation d&rsquo;extr\u00eame droite a \u00e9t\u00e9 bloqu\u00e9e par une forte pr\u00e9sence polici\u00e8re afin d&rsquo;\u00e9viter tout conflit.<\/p>\n<p><img decoding=\"async\" class=\"caas-img caas-lazy has-preview\" alt=\"La police forme une ligne s\u00e9parant les manifestants d'extr\u00eame droite des participants \u00e0 la marche des fiert\u00e9s \u00e0 Budapest, en Hongrie, le samedi 28 juin 2025.\" src=\"https:\/\/www.europesays.com\/fr\/wp-content\/uploads\/2025\/06\/6bde467dd261cdcb25e038cf88c81bc9.jpeg\"\/><\/p>\n<p> La police forme une ligne s\u00e9parant les manifestants d&rsquo;extr\u00eame droite des participants \u00e0 la marche des fiert\u00e9s \u00e0 Budapest, en Hongrie, le samedi 28 juin 2025.   &#8211; AP Photo\/Rudolf Karancsi <\/p>\n<p>Aucun incident majeur n&rsquo;a \u00e9t\u00e9 signal\u00e9 dans la soir\u00e9e, bien qu&rsquo;<strong>Euronews<\/strong> ait assist\u00e9 \u00e0 une confrontation entre un petit groupe du Mouvement de la jeunesse des 64 comt\u00e9s, qui tenait une banderole comparant les LGBT \u00e0 des p\u00e9dophiles, et la Marche des fiert\u00e9s.<\/p>\n<p>\u00ab\u00a0Nous sommes ici parce que nous voulons mettre en garde le peuple hongrois contre la p\u00e9dophilie des LGBT, c&rsquo;est un v\u00e9ritable danger pour nos enfants\u00a0\u00bb, a d\u00e9clar\u00e9 un manifestant anti-LGBT \u00e0 <strong>Euronews<\/strong>.<\/p>\n<p>Un autre manifestant anti-Pride a tent\u00e9 d&rsquo;arr\u00eater la marche en se pla\u00e7ant devant le camion qui menait le d\u00e9fil\u00e9. Il a \u00e9t\u00e9 raill\u00e9 par la foule et expuls\u00e9 par la police.<\/p>\n","protected":false},"excerpt":{"rendered":"Environ 70 d\u00e9put\u00e9s des groupes lib\u00e9ral, vert et gauche du Parlement europ\u00e9en ont rejoint la commissaire belge \u00e0&hellip;\n","protected":false},"author":2,"featured_media":212889,"comment_status":"","ping_status":"","sticky":false,"template":"","format":"standard","meta":{"footnotes":""},"categories":[1586],"tags":[11,22519,1777,674,1779,1011,27,26750,24310,12,8552,17748,25,1778,364],"class_list":{"0":"post-212888","1":"post","2":"type-post","3":"status-publish","4":"format-standard","5":"has-post-thumbnail","7":"category-europe","8":"tag-actualites","9":"tag-budapest","10":"tag-eu","11":"tag-europe","12":"tag-european-union","13":"tag-fr","14":"tag-france","15":"tag-la-marche","16":"tag-marche-des-fiertes","17":"tag-news","18":"tag-parlement-europeen","19":"tag-ppe","20":"tag-republique-francaise","21":"tag-ue","22":"tag-union-europeenne"},"share_on_mastodon":{"url":"https:\/\/pubeurope.com\/@fr\/114765728690692137","error":""},"_links":{"self":[{"href":"https:\/\/www.europesays.com\/fr\/wp-json\/wp\/v2\/posts\/212888","targetHints":{"allow":["GET"]}}],"collection":[{"href":"https:\/\/www.europesays.com\/fr\/wp-json\/wp\/v2\/posts"}],"about":[{"href":"https:\/\/www.europesays.com\/fr\/wp-json\/wp\/v2\/types\/post"}],"author":[{"embeddable":true,"href":"https:\/\/www.europesays.com\/fr\/wp-json\/wp\/v2\/users\/2"}],"replies":[{"embeddable":true,"href":"https:\/\/www.europesays.com\/fr\/wp-json\/wp\/v2\/comments?post=212888"}],"version-history":[{"count":0,"href":"https:\/\/www.europesays.com\/fr\/wp-json\/wp\/v2\/posts\/212888\/revisions"}],"wp:featuredmedia":[{"embeddable":true,"href":"https:\/\/www.europesays.com\/fr\/wp-json\/wp\/v2\/media\/212889"}],"wp:attachment":[{"href":"https:\/\/www.europesays.com\/fr\/wp-json\/wp\/v2\/media?parent=212888"}],"wp:term":[{"taxonomy":"category","embeddable":true,"href":"https:\/\/www.europesays.com\/fr\/wp-json\/wp\/v2\/categories?post=212888"},{"taxonomy":"post_tag","embeddable":true,"href":"https:\/\/www.europesays.com\/fr\/wp-json\/wp\/v2\/tags?post=212888"}],"curies":[{"name":"wp","href":"https:\/\/api.w.org\/{rel}","templated":true}]}}