{"id":212892,"date":"2025-06-29T08:34:10","date_gmt":"2025-06-29T08:34:10","guid":{"rendered":"https:\/\/www.europesays.com\/fr\/212892\/"},"modified":"2025-06-29T08:34:10","modified_gmt":"2025-06-29T08:34:10","slug":"la-vague-de-chaleur-sintensifie-des-ecoles-ferment-en-urgence-des-lundi","status":"publish","type":"post","link":"https:\/\/www.europesays.com\/fr\/212892\/","title":{"rendered":"la vague de chaleur s\u2019intensifie, des \u00e9coles ferment en urgence d\u00e8s lundi"},"content":{"rendered":"<p>            Par<br \/>\n        <strong><br \/>\n            <a href=\"https:\/\/actu.fr\/auteur\/alexandra-segond\" title=\"Consulter tous les articles de Alexandra Segond\" rel=\"nofollow noopener\" target=\"_blank\">Alexandra Segond<\/a><br \/>\n        <\/strong><\/p>\n<p>        Publi\u00e9 le<\/p>\n<p>            29 juin 2025 \u00e0 8h19<br \/>\n        ; mis \u00e0 jour le 29 juin 2025 \u00e0 9h43    <\/p>\n<p>\u00ab\u00a0Alerte canicule\u00a0\u00bb. Au regard de l\u2019\u00e9pisode de fortes chaleurs qui s\u2019abat sur la France depuis le d\u00e9but du week-end, certaines communes ont pris des d\u00e9cisions drastiques pour prot\u00e9ger les <a href=\"https:\/\/actu.fr\/tag\/enfants\" rel=\"nofollow noopener\" target=\"_blank\">enfants<\/a>, population particuli\u00e8rement vuln\u00e9rables.\u00a0<\/p>\n<p class=\" wall-content\">Dans l\u2019Indre-et-Loire, le Vaucluse, la Seine-et-Marne\u2026 Certaines mairies ont ainsi d\u00e9cid\u00e9 de <strong>fermer les \u00e9coles lundi 30 juin, voire mardi 1er juillet 2025<\/strong>, au vu de l\u2019intensit\u00e9 de l\u2019\u00e9pisode <a href=\"https:\/\/actu.fr\/tag\/canicule\" rel=\"nofollow noopener\" target=\"_blank\">caniculaire<\/a> qui est attendu.<\/p>\n<p>Le pic de chaleur attendu \u00ab\u00a0en d\u00e9but de semaine\u00a0\u00bb<\/p>\n<p class=\" wall-content\">Depuis plus d\u2019une semaine maintenant, une vague de chaleur s\u2019est install\u00e9e sur la France. Un \u00e9pisode caniculaire qui s\u2019intensifie ce\u00a0dimanche, jusqu\u2019\u00e0 ce que l\u2019\u00e9pisode de chaleur atteigne \u00ab\u00a0son paroxysme en d\u00e9but de semaine prochaine\u00a0\u00bb, pr\u00e9vient M\u00e9t\u00e9o France dans <a href=\"https:\/\/meteofrance.com\/actualites-et-dossiers\/actualites\/canicule-encore-de-tres-fortes-chaleurs\" rel=\"nofollow noopener\" target=\"_blank\">un article publi\u00e9 ce samedi 28 juin 2025<\/a>.<\/p>\n<p class=\" wall-content\">Dimanche, dans son bulletin de 6h, l\u2019institution a plac\u00e9 d\u2019office <a href=\"https:\/\/actu.fr\/meteo\/une-canicule-intense-53-departements-en-vigilance-orange-dimanche-plus-de-40-c-attendus-et-ca-va-durer_62839056.html\" rel=\"nofollow noopener\" target=\"_blank\">73 d\u00e9partements en vigilance orange pour \u00ab\u00a0canicule\u00a0\u00bb<\/a>, lundi 30 juin.\u00a0<\/p>\n<p class=\" wall-content\">\u00ab\u00a0La canicule se poursuivra lundi, mardi et sans doute mercredi avec une chaleur qui va s\u2019intensifier sur le nord et le centre du Pays\u00a0\u00bb, pr\u00e9vient M\u00e9t\u00e9o France.<\/p>\n<p>Vid\u00e9os : en ce moment sur Actu<\/p>\n<blockquote class=\"ac-article-quote wall-content\">\n<p>Lundi, les maximales atteignent souvent les 38 \u00e0 40 \u00b0C sur le sud du pays. Les 35 \u00b0C sont ais\u00e9ment d\u00e9pass\u00e9s sur les deux tiers sud du pays, jusqu\u2019en \u00cele-de-France. M\u00eame les r\u00e9gions proches de la Manche n\u2019\u00e9chappent pas \u00e0 des temp\u00e9ratures sup\u00e9rieures \u00e0 30 \u00b0C.\n<\/p>\n<p>    <strong>M\u00e9t\u00e9o France<\/strong>\n            <\/p><\/blockquote>\n<p class=\" wall-content\">La pointe de l\u2019\u00e9pisode est attendue mardi, avec jusqu\u2019\u00e0 40\u00b0C pr\u00e9vus en \u00cele-de-France. L\u2019accalmie n\u2019est entrevue qu\u2019\u00e0 partir de jeudi, par l\u2019ouest.<\/p>\n<p>Tours (Indre-et-Loire) ferme ses \u00e9coles lundi et mardi<\/p>\n<p class=\" wall-content\">Cette situation est telle que certaines communes ont d\u00e9cid\u00e9 de fermer leurs \u00e9coles. C\u2019est le cas de <strong>Tours<\/strong>, dans l\u2019Indre-et-Loire, qui annonc\u00e9 la fermeture de toutes ses \u00e9coles lundi et mardi apr\u00e8s-midi en r\u00e9ponse \u00e0 la vague de chaleur.<\/p>\n<p class=\" wall-content\">La municipalit\u00e9 appelle \u00ab\u00a0\u00e0 la vigilance et prend des mesures pour prot\u00e9ger les enfants, le personnel de l\u2019\u00c9ducation nationale et de la ville [au regard de cet] \u00e9pisode de canicule particuli\u00e8rement intense \u00e0 partir de ce week-end et qui doit s\u2019intensifier lundi et mardi, avec des temp\u00e9ratures d\u00e9passant les 40\u00b0C\u00a0\u00bb.<\/p>\n<p class=\" wall-content\">Les \u00e9coles resteront ouvertes les matin\u00e9es de lundi et mardi mais \u00ab\u00a0les enfants devront \u00eatre r\u00e9cup\u00e9r\u00e9s \u00e0 11 h 30 ou \u00e0 13 h 30 apr\u00e8s le d\u00e9jeuner, imp\u00e9rativement\u00a0\u00bb, pr\u00e9cise la municipalit\u00e9 dans un communiqu\u00e9. Mais elle recommande \u00ab\u00a0fortement\u00a0\u00bb aux enfants de garder leurs enfants \u00e0 la maison sur ces deux jours.\u00a0<\/p>\n<p>Cavaillon et Thor (Vaucluse) aussi<\/p>\n<p class=\" wall-content\">M\u00eame son de cloche plus au sud de la France. <a href=\"https:\/\/www.facebook.com\/mairiedecavaillon\/posts\/pfbid0iWuVzaU6UMNiA8wfF66irYLyJVYn2zniXUdg7iLYVitgX6wtaCuMyWgen6qsMUWfl\" rel=\"nofollow noopener\" target=\"_blank\">Sur sa page Facebook<\/a>, la ville de Cavaillon (Vaucluse) informe qu\u2019elle a pris plusieurs mesures, en accord avec la pr\u00e9fecture.<\/p>\n<p>    <a href=\"https:\/\/www.facebook.com\/plugins\/post.php?href=https%3A%2F%2Fwww.facebook.com%2Fmairiedecavaillon%2Fposts%2Fpfbid0iWuVzaU6UMNiA8wfF66irYLyJVYn2zniXUdg7iLYVitgX6wtaCuMyWgen6qsMUWfl&amp;show_text=true&amp;width=350\" title=\"Ouvrie le lien\" rel=\"nofollow noopener\" target=\"_blank\">Cliquez ici pour visualiser le contenu<\/a><\/p>\n<p class=\" wall-content\">Outre la fermeture de plusieurs activit\u00e9s sur le territoire (telles que la via ferrata), la mairie annonce <strong>la \u00ab\u00a0suspension des cours du conservatoire<\/strong> de musique le lundi 30 juin\u00a0\u00bb. Elle a \u00e9galement \u00ab\u00a0pris la d\u00e9cision de <strong>fermer temporairement les \u00e9coles publiques maternelles et \u00e9l\u00e9mentaires<\/strong> le lundi 30 juin\u00a0\u00bb 2025.<\/p>\n<blockquote class=\"ac-article-quote wall-content\">\n<p>La d\u00e9cision de fermer les \u00e9coles le mardi 1er juillet sera prise en fonction de l\u2019\u00e9volution des conditions m\u00e9t\u00e9orologiques.<\/p>\n<p>    <strong>Ville de Cavaillon<\/strong>\n            <\/p><\/blockquote>\n<p class=\" wall-content\">Toujours dans le d\u00e9partement du Vaucluse, la commune du Thor a, elle aussi, pr\u00e9f\u00e9r\u00e9 fermer ses \u00e9coles les 30 et 1er juillet 2025. La mairie a post\u00e9 un message en ce sens sur <a href=\"https:\/\/www.facebook.com\/permalink.php?story_fbid=pfbid02VMrWJYsiMwAPv234G56T8joqEfsZqneXuKbvaEEy2UWdSd5oFqqdDExSHMQo1SsHl&amp;id=61556223785622\" rel=\"nofollow noopener\" target=\"_blank\">sa page Facebook<\/a>.\u00a0<\/p>\n<p>    <a href=\"https:\/\/www.facebook.com\/plugins\/post.php?href=https%3A%2F%2Fwww.facebook.com%2Fpermalink.php%3Fstory_fbid%3Dpfbid02VMrWJYsiMwAPv234G56T8joqEfsZqneXuKbvaEEy2UWdSd5oFqqdDExSHMQo1SsHl%26id%3D61556223785622&amp;show_text=true&amp;width=350\" title=\"Ouvrie le lien\" rel=\"nofollow noopener\" target=\"_blank\">Cliquez ici pour visualiser le contenu<\/a><\/p>\n<p class=\" wall-content\">Indiquant que la pr\u00e9fecture du Vaucluse a activ\u00e9 son \u00ab\u00a0plan d\u00e9partemental de gestion canicule\u00a0\u00bb, la commune confirme sa d\u00e9cision de \u00ab\u00a0fermer exceptionnellement les \u00e9coles maternelles et \u00e9l\u00e9mentaires publiques [\u2026] pour les journ\u00e9es du lundi 30 juin et du mardi 1er juillet 2025\u00a0\u00bb.<\/p>\n<blockquote class=\"ac-article-quote wall-content\">\n<p>Le service scolaire se charge de toutes les annulations aux diff\u00e9rents services p\u00e9riscolaires (cantines, garderie, etc.).<\/p>\n<p>    <strong>Mairie du Thor (Vaucluse)<\/strong>\n            <\/p><\/blockquote>\n<p class=\" wall-content\">La mesure pourrait \u00eatre prolong\u00e9e ou d\u2019autres \u00ab\u00a0\u00e9ventuelles\u00a0\u00bb dispositions pourraient voir le jour en fonction de l\u2019\u00e9volution des conditions m\u00e9t\u00e9orologiques de la semaine\u00a0\u00bb.<\/p>\n<p>Melun (Seine-et-Marne) ferme aussi ses \u00e9coles et accueils de loisirs<\/p>\n<p class=\" wall-content\">\u00ab\u00a0En raison des fortes chaleurs annonc\u00e9es pour mardi 1er et mercredi 2 juillet, la Ville de Melun a pris la d\u00e9cision, par mesure de pr\u00e9caution, de fermer l\u2019ensemble des \u00e9coles et centres de loisirs municipaux durant ces deux journ\u00e9es.\u00a0\u00bb Voil\u00e0 le message de la ville de Melun (Seine-et-Marne) publi\u00e9 <a href=\"https:\/\/www.ville-melun.fr\/actualites\/1164-vigilance-canicule-fermeture-des-ecoles-et-centres-de-loisirs-a-melun\" rel=\"nofollow noopener\" target=\"_blank\">sur son site internet<\/a>.<\/p>\n<blockquote class=\"ac-article-quote wall-content\">\n<p>Les \u00e9tablissements scolaires et accueils de loisirs n\u2019accueilleront donc aucun enfant ces jours-l\u00e0. Les familles sont invit\u00e9es \u00e0 prendre leurs dispositions d\u00e8s maintenant.<\/p>\n<p>    <strong>Ville de Melun<\/strong>\n            <\/p><\/blockquote>\n<p class=\" wall-content\">Cette mesure vise \u00e0 \u00ab\u00a0garantir la s\u00e9curit\u00e9 et le bien-\u00eatre des enfants face aux temp\u00e9ratures extr\u00eames annonc\u00e9es\u00a0\u00bb, explique la municipalit\u00e9.<\/p>\n<p>\u00c9cole ferm\u00e9e mardi \u00e0\u00a0la\u202fCharit\u00e9\u2011sur\u2011Loire (Ni\u00e8vre)<\/p>\n<p class=\" wall-content\">\u00c0 la\u202fCharit\u00e9\u2011sur\u2011Loire (Ni\u00e8vre), l\u2019\u00e9cole restera, elle, ferm\u00e9e mardi apr\u00e8s-midi. Les \u00e9l\u00e8ves seront accueillis dans des espaces plus frais.<\/p>\n<p class=\" wall-content\">Les \u00e9coles seront ouvertes le mardi matin uniquement. La garderie du matin et la restauration scolaire seront assur\u00e9es, pr\u00e9cise le Journal du Centre.<\/p>\n<p>D\u2019autres communes \u00e0 venir dans la journ\u00e9e ?<\/p>\n<p class=\" wall-content\">Ces d\u00e9cisions pourraient bien motiver d\u2019autres communes \u00e0 faire de m\u00eame. Pour v\u00e9rifier si l\u2019\u00e9cole de votre enfant est ouverte lundi et mardi, il convient de se rapprocher directement de l\u2019\u00e9cole ou de la mairie.<\/p>\n<p class=\" wall-content\">Dans un communiqu\u00e9 publi\u00e9 ce dimanche, le minist\u00e8re de l\u2019\u00c9ducation nationale pr\u00e9cise que \u00ab\u00a0les activit\u00e9s physiques et les sorties sont r\u00e9duites ou supprim\u00e9es aux heures les plus chaudes\u00a0\u00bb. Il est \u00e9galement rappel\u00e9 aux parents \u00ab\u00a0l\u2019importance d\u2019adapter l\u2019habillement des plus jeunes \u00e9l\u00e8ves et de pr\u00e9voir casquettes et lunettes de soleil\u00a0\u00bb.<\/p>\n<p>Et le bac dans tout \u00e7a ?\u00a0<\/p>\n<p class=\" wall-content\">Cette vague de chaleur caniculaire s\u2019abat pile en plein oral d\u2019oral du bac, qui se tient depuis le 23 juin et jusqu\u2019au 2 juillet au plus tard (le 4 juillet pour l\u2019oral de fran\u00e7ais).\u00a0<\/p>\n<p class=\" wall-content\">Le <a href=\"https:\/\/www.education.gouv.fr\/recommandations-aux-directeurs-d-ecole-et-chefs-d-etablissement-pour-prevenir-les-effets-de-la-10454?utm_source=chatgpt.com\" rel=\"nofollow noopener\" target=\"_blank\">minist\u00e8re de l\u2019\u00c9ducation nationale a diffus\u00e9 des recommandations g\u00e9n\u00e9rales<\/a> \u00e0 destination des chefs d\u2019\u00e9tablissements et des centres d\u2019examen pour assurer le bon d\u00e9roulement des \u00e9preuves, comme essayer de garder les salles fra\u00eeches (maintien de stores ou volets ferm\u00e9s, renouvellement contr\u00f4l\u00e9 de l\u2019air, gestion de la temp\u00e9rature ambiante) et mettre \u00e0 disposition de l\u2019eau potable, avec possibilit\u00e9 de sortir bri\u00e8vement pour se d\u00e9salt\u00e9rer.\u00a0<\/p>\n<p class=\" wall-content\">\u00c0 ce stade, aucun report des \u00e9preuves de l\u2019oral n\u2019est annonc\u00e9.<\/p>\n<p class=\" wall-content\">Suivez toute l\u2019actualit\u00e9 de vos villes et m\u00e9dias favoris en vous inscrivant \u00e0 <a href=\"https:\/\/moncompte.actu.fr\" title=\"D\u00e9couvez Mon Actu\" rel=\"nofollow noopener\" data-trk=\"{&quot;cta&quot;:{&quot;action&quot;:&quot;https:\\\/\\\/moncompte.actu.fr&quot;,&quot;category&quot;:&quot;mon compte&quot;,&quot;from&quot;:&quot;article footer&quot;,&quot;name&quot;:&quot;Mon actu&quot;,&quot;type&quot;:&quot;cta&quot;}}\" target=\"_blank\">Mon Actu<\/a>.<\/p>\n","protected":false},"excerpt":{"rendered":"Par Alexandra Segond Publi\u00e9 le 29 juin 2025 \u00e0 8h19 ; mis \u00e0 jour le 29 juin 2025&hellip;\n","protected":false},"author":2,"featured_media":212893,"comment_status":"","ping_status":"","sticky":false,"template":"","format":"standard","meta":{"footnotes":""},"categories":[2],"tags":[11,6698,1719,1011,27,2487,12,25,15637],"class_list":{"0":"post-212892","1":"post","2":"type-post","3":"status-publish","4":"format-standard","5":"has-post-thumbnail","7":"category-actualites","8":"tag-actualites","9":"tag-canicule","10":"tag-enfants","11":"tag-fr","12":"tag-france","13":"tag-meteo","14":"tag-news","15":"tag-republique-francaise","16":"tag-vague-de-chaleur"},"share_on_mastodon":{"url":"https:\/\/pubeurope.com\/@fr\/114765736458420167","error":""},"_links":{"self":[{"href":"https:\/\/www.europesays.com\/fr\/wp-json\/wp\/v2\/posts\/212892","targetHints":{"allow":["GET"]}}],"collection":[{"href":"https:\/\/www.europesays.com\/fr\/wp-json\/wp\/v2\/posts"}],"about":[{"href":"https:\/\/www.europesays.com\/fr\/wp-json\/wp\/v2\/types\/post"}],"author":[{"embeddable":true,"href":"https:\/\/www.europesays.com\/fr\/wp-json\/wp\/v2\/users\/2"}],"replies":[{"embeddable":true,"href":"https:\/\/www.europesays.com\/fr\/wp-json\/wp\/v2\/comments?post=212892"}],"version-history":[{"count":0,"href":"https:\/\/www.europesays.com\/fr\/wp-json\/wp\/v2\/posts\/212892\/revisions"}],"wp:featuredmedia":[{"embeddable":true,"href":"https:\/\/www.europesays.com\/fr\/wp-json\/wp\/v2\/media\/212893"}],"wp:attachment":[{"href":"https:\/\/www.europesays.com\/fr\/wp-json\/wp\/v2\/media?parent=212892"}],"wp:term":[{"taxonomy":"category","embeddable":true,"href":"https:\/\/www.europesays.com\/fr\/wp-json\/wp\/v2\/categories?post=212892"},{"taxonomy":"post_tag","embeddable":true,"href":"https:\/\/www.europesays.com\/fr\/wp-json\/wp\/v2\/tags?post=212892"}],"curies":[{"name":"wp","href":"https:\/\/api.w.org\/{rel}","templated":true}]}}