{"id":212896,"date":"2025-06-29T08:36:09","date_gmt":"2025-06-29T08:36:09","guid":{"rendered":"https:\/\/www.europesays.com\/fr\/212896\/"},"modified":"2025-06-29T08:36:09","modified_gmt":"2025-06-29T08:36:09","slug":"potgieter-en-tete-les-bleus-distances-sur-le-rocket-classic-lequipe","status":"publish","type":"post","link":"https:\/\/www.europesays.com\/fr\/212896\/","title":{"rendered":"Potgieter en t\u00eate, les Bleus distanc\u00e9s sur le Rocket Classic &#8211; L&#039;\u00c9quipe"},"content":{"rendered":"<ol>\n<li><a href=\"https:\/\/news.google.com\/rss\/articles\/CBMiqgFBVV95cUxPeEdrX01oR3VTaVlQaC0xX0wxN2M4Y19wX2RXeFpXYnZmN19iazZuaXpzTUNvWEhmMU1PcF9udk9GdHRoNFhoakdTSUxfbC1nRE1hVGJ0VnNraGdTRmR4SVpVNVpNdTFuYzc5c2RyUFRjUzhZLW5kUm4zOXFNSmN2WmJfWmpaOTJqZlFwbGNpSk5sSGJKMXBpZHJoZnRNbVdSd2JlRERPcnJRZw?oc=5\" target=\"_blank\" rel=\"nofollow noopener\">Potgieter en t\u00eate, les Bleus distanc\u00e9s sur le Rocket Classic<\/a>&nbsp;&nbsp;L&rsquo;\u00c9quipe<\/li>\n<li><a href=\"https:\/\/news.google.com\/rss\/articles\/CBMi4gFBVV95cUxQTnBzQlFIc3g5VjZ6c0dzMTVld1pLemFkcXM3WTE1dVI1R21CZXlSVmVLR3E0ck1lYUo0d0JUZFdhSkoxQm5KdEZwUTFIWkY3VjhPYW5rQ2kxeThzRXVlTDkzMXFlLVM0OVU4STVvVkJYWXVIWDMwck5UMzFyZGp0STRwQmhLakRUWHBHZmNDOUZaaGtzS3RoVlhwNlBldXVuLTlfMG55dmtaTTB5YTkxN19KMWVRQlRaUmFjYS0xaWE5YVlFR3ozbGdUM0RVX3RLYmhQQzl0NVMtaVVtRHVaaDln?oc=5\" target=\"_blank\" rel=\"nofollow noopener\">Aldrich Potgieter reprend la main \u00e0 D\u00e9troit, les deux Fran\u00e7ais r\u00e9trogradent s\u00e8chement<\/a>&nbsp;&nbsp;Golf Plan\u00e8te<\/li>\n<li><a href=\"https:\/\/news.google.com\/rss\/articles\/CBMimwFBVV95cUxNaDRJeDVkalFqeFFpTUJHWXFqb3U5OFVxdmIxVVk2VVZYNU9yVE9nWE1iSnVfYTBsSDRQYlZfNWhMT3h4c1pYWWE5ZXYtcnIxbW9ramU3cl9Ia2FoOUxiUzItODlPcGo5bVBZa1lXeUh6RTNvVEpSbUsxZVFKcWttNGhidVZCV3FQVmJYTnRmTXlvUUxBVkZBM3BNWQ?oc=5\" target=\"_blank\" rel=\"nofollow noopener\">Golf professionnel : Perez part comme une fus\u00e9e<\/a>&nbsp;&nbsp;F\u00e9d\u00e9ration Fran\u00e7aise de Golf<\/li>\n<li><a href=\"https:\/\/news.google.com\/rss\/articles\/CBMiiwJBVV95cUxOX0UtMGhrS0JXZWh5OEhwclkyZWRyQjFkUUR3QU1tNVBjelhnNmRaS0hPQW1hd2ZuRnJFakRIdHZtOEl2YzhvV2Z1YWc4ckJSYkRTUFpRT3VXY0M3UVZTdXNXeEtrcDl3YnV3X1dHUXY3RVZaTVhOMkpWZ2ZJbzBOTlBJdHdhdFV3bTIxMDFEZ1FwanBKelFyZWx4ZzhPZjRqdThhcXR4YWVpc1p4TnZEaXFDS09TMUFLWjZ5UmNkUE56Tk02SWpOYmFla0NJek9mb1ZlLVJuUk8wU25rR0xYaVdwODZheTlrb2FZNklNTWtQQUNBVUEtNWw3MmlibUc3b0pVQUdiRDJnS2s?oc=5\" target=\"_blank\" rel=\"nofollow noopener\">Golf. PGA &#8211; Rocket Classic &#8211; Record pour Roy et Potgieter en t\u00eate en 62, Victor Perez \u00e0 la 14e place<\/a>&nbsp;&nbsp;Ouest-France<\/li>\n<li><a href=\"https:\/\/news.google.com\/rss\/articles\/CBMi_AFBVV95cUxPaFRJbmg3ejhrMWVRd3JhaXpWX3ZJSmhoWWNoa0pwY01jdm1OUVhwY1dHLUQyZnNWUnpZYzVXZVlnV1dpemdoZmIwMGNRaTdjMFRibnB4R2dYT2tGVHlENXZySU04RTNwd2k3V2VYNmJIeHk5b01idnJZN0ZQa1ZJZ0xOV2paazlsOXRxTjVPczFYQ0N1MEUzbmFYQ0xsV1FVelVBcUZUQ3NiWkpRbVFhLXJENHdmZUh5Y3lEV1RQTjViLWllUGdlUzJHVFlfMlNQTkltdEppalBjb29xUWtPZWVORkNQOXB2LTE0b1RPdmYwQkR0NXRPVExMMnU?oc=5\" target=\"_blank\" rel=\"nofollow noopener\">Un Victor Perez aux aurores sort une tr\u00e8s belle carte de -6 sur le parcours du Detroit Golf Club<\/a>&nbsp;&nbsp;Orange Actualit\u00e9s | Sports<\/li>\n<\/ol>\n","protected":false},"excerpt":{"rendered":"Potgieter en t\u00eate, les Bleus distanc\u00e9s sur le Rocket Classic&nbsp;&nbsp;L&rsquo;\u00c9quipe Aldrich Potgieter reprend la main \u00e0 D\u00e9troit, les&hellip;\n","protected":false},"author":2,"featured_media":212897,"comment_status":"","ping_status":"","sticky":false,"template":"","format":"standard","meta":{"footnotes":""},"categories":[1418],"tags":[1011,27,1472,60],"class_list":{"0":"post-212896","1":"post","2":"type-post","3":"status-publish","4":"format-standard","5":"has-post-thumbnail","7":"category-golf","8":"tag-fr","9":"tag-france","10":"tag-golf","11":"tag-sports"},"share_on_mastodon":{"url":"https:\/\/pubeurope.com\/@fr\/114765744229140355","error":""},"_links":{"self":[{"href":"https:\/\/www.europesays.com\/fr\/wp-json\/wp\/v2\/posts\/212896","targetHints":{"allow":["GET"]}}],"collection":[{"href":"https:\/\/www.europesays.com\/fr\/wp-json\/wp\/v2\/posts"}],"about":[{"href":"https:\/\/www.europesays.com\/fr\/wp-json\/wp\/v2\/types\/post"}],"author":[{"embeddable":true,"href":"https:\/\/www.europesays.com\/fr\/wp-json\/wp\/v2\/users\/2"}],"replies":[{"embeddable":true,"href":"https:\/\/www.europesays.com\/fr\/wp-json\/wp\/v2\/comments?post=212896"}],"version-history":[{"count":0,"href":"https:\/\/www.europesays.com\/fr\/wp-json\/wp\/v2\/posts\/212896\/revisions"}],"wp:featuredmedia":[{"embeddable":true,"href":"https:\/\/www.europesays.com\/fr\/wp-json\/wp\/v2\/media\/212897"}],"wp:attachment":[{"href":"https:\/\/www.europesays.com\/fr\/wp-json\/wp\/v2\/media?parent=212896"}],"wp:term":[{"taxonomy":"category","embeddable":true,"href":"https:\/\/www.europesays.com\/fr\/wp-json\/wp\/v2\/categories?post=212896"},{"taxonomy":"post_tag","embeddable":true,"href":"https:\/\/www.europesays.com\/fr\/wp-json\/wp\/v2\/tags?post=212896"}],"curies":[{"name":"wp","href":"https:\/\/api.w.org\/{rel}","templated":true}]}}