{"id":212921,"date":"2025-06-29T08:51:10","date_gmt":"2025-06-29T08:51:10","guid":{"rendered":"https:\/\/www.europesays.com\/fr\/212921\/"},"modified":"2025-06-29T08:51:10","modified_gmt":"2025-06-29T08:51:10","slug":"ou-en-est-vraiment-la-quete-de-lor-rouge","status":"publish","type":"post","link":"https:\/\/www.europesays.com\/fr\/212921\/","title":{"rendered":"o\u00f9 en est vraiment la qu\u00eate de l\u2019or rouge ?"},"content":{"rendered":"<p><strong>GRAND R\u00c9CIT &#8211; <\/strong>Une dizaine de laboratoires dans le monde tentent de mettre au point une source in\u00e9puisable de sang universel.<\/p>\n<p class=\"fig-paragraph\">La m\u00e9decine moderne r\u00e9alise bien des prouesses. Elle sait\u00a0<a href=\"http:\/\/sante.lefigaro.fr\/medecine\/greffe-de-vessie-une-premiere-mondiale-mais-encore-beaucoup-d-inconnues-20250520\" target=\"_blank\" data-fig-type=\"Article\" rel=\"noopener\" data-gtm-custom-categorie=\"navigation\" data-gtm-custom-action=\"crossclick\" data-gtm-custom-label=\"Contextuel\" data-gtm-event=\"customEventSPE\" data-fig-domain=\"SANTE\">greffer des organes entiers<\/a>,\u00a0<a href=\"http:\/\/www.lefigaro.fr\/sciences\/un-bebe-americain-soigne-par-une-therapie-genique-sur-mesure-une-premiere-20250515\" target=\"_blank\" data-fig-type=\"NewsFlash\" rel=\"noopener\" data-gtm-custom-categorie=\"navigation\" data-gtm-custom-action=\"crossclick\" data-gtm-custom-label=\"Contextuel\" data-gtm-event=\"customEventSPE\" data-fig-domain=\"LEFIGARO\">corriger des g\u00e8nes<\/a>\u00a0responsables de maladies, implanter des\u00a0<a href=\"http:\/\/sante.lefigaro.fr\/medecine\/parkinson-un-australien-debarrasse-de-ses-tremblements-grace-a-un-traitement-par-ultrasons-20240730\" target=\"_blank\" data-fig-type=\"Article\" rel=\"noopener\" data-gtm-custom-categorie=\"navigation\" data-gtm-custom-action=\"crossclick\" data-gtm-custom-label=\"Contextuel\" data-gtm-event=\"customEventSPE\" data-fig-domain=\"SANTE\">\u00e9lectrodes dans le cerveau<\/a>, dresser le syst\u00e8me immunitaire \u00e0\u00a0<a href=\"http:\/\/www.lefigaro.fr\/sciences\/cancer-comment-l-immunotherapie-s-impose-de-plus-en-plus-tot-dans-la-maladie-20240918\" target=\"_blank\" data-fig-type=\"Article\" rel=\"noopener\" data-gtm-custom-categorie=\"navigation\" data-gtm-custom-action=\"crossclick\" data-gtm-custom-label=\"Contextuel\" data-gtm-event=\"customEventSPE\" data-fig-domain=\"LEFIGARO\">lutter contre des cancers<\/a>\u2026 Mais il manque une ligne \u00e0 son palmar\u00e8s\u00a0: elle ne sait pas fabriquer de sang, ni de substitut. En 2025, l\u2019approvisionnement en sang d\u00e9pend encore et toujours de g\u00e9n\u00e9reux donneurs. Or dans beaucoup de situations, la transfusion sanguine est le seul traitement possible.<\/p>\n<p class=\"fig-paragraph\">Si la qu\u00eate d\u2019un sang universel et disponible en quantit\u00e9 illimit\u00e9 est un graal encore jamais atteint, une \u00e9quipe de chercheurs japonais a r\u00e9cemment rappel\u00e9 que la science n\u2019avait pas dit son dernier mot. Ils ont annonc\u00e9 avoir d\u00e9velopp\u00e9 un nouveau type de sang artificiel, en cours d\u2019essai depuis mars dernier chez des volontaires. Mais du tube \u00e0 essai aux patients, la route est encore longue. Bient\u00f4t quatre si\u00e8cles apr\u00e8s la premi\u00e8re transfusion sanguine r\u00e9ussie chez un \u00eatre humain (avec du\u2026<\/p>\n<p class=\"fig-premium-paywall__infos\">\n        Cet article est r\u00e9serv\u00e9 aux abonn\u00e9s.        Il vous reste 91% \u00e0 d\u00e9couvrir.\n    <\/p>\n<p>                <img  data- alt=\"Le Figaro\" class=\"fig-img--complete fig-img\"\/><\/p>\n<p class=\"fig-premium-paywall__title\">Vente Flash : derniers jours<\/p>\n<p class=\"fig-premium-paywall__subtitle\">3,99\u20ac par mois pendant 12 mois. Sans engagement.<\/p>\n<p class=\"fig-premium-paywall__connect\">\n                D\u00e9j\u00e0 abonn\u00e9\u00a0?                <a class=\"fig-premium-paywall__connect-link\" href=\"https:\/\/connect.lefigaro.fr\/login?client=sante_web&amp;type=main&amp;redirect_uri=https%3A%2F%2Fsante.lefigaro.fr%2Fmedecine%2Fsang-artificiel-ou-en-est-vraiment-la-quete-de-l-or-rouge-20250629\" data-js-gtm=\"{&quot;customCategorie&quot;: &quot;conversion&quot;, &quot;customAction&quot;: &quot;before_Landing_Connexion_paywall_auto&quot;, &quot;customLabel&quot;: &quot;c2FudGUubGVmaWdhcm8uZnJfXzFmMDRhYjQyLWEwNTYtNjE2YS1hZDQ1LWNkNjE4YzA4ZTQ1Yl9fQXJ0aWNsZQ==_Sang artificiel\u00a0: o\u00f9 en est vraiment la qu\u00eate de l\u2019or rouge\u00a0?_493&quot;, &quot;customIDSPE&quot;: &quot;c2FudGUubGVmaWdhcm8uZnJfXzFmMDRhYjQyLWEwNTYtNjE2YS1hZDQ1LWNkNjE4YzA4ZTQ1Yl9fQXJ0aWNsZQ==&quot;, &quot;event&quot;: &quot;customEventSPE&quot;}\" target=\"_blank\" rel=\"noopener\"><br \/>\n                    Connectez-vous<br \/>\n                <\/a>\n            <\/p>\n","protected":false},"excerpt":{"rendered":"GRAND R\u00c9CIT &#8211; Une dizaine de laboratoires dans le monde tentent de mettre au point une source in\u00e9puisable&hellip;\n","protected":false},"author":2,"featured_media":212922,"comment_status":"","ping_status":"","sticky":false,"template":"","format":"standard","meta":{"footnotes":""},"categories":[10],"tags":[237,101,232,231,234,228,1011,27,72,239,230,238,226,224,225,233,229,236,235,71,227],"class_list":{"0":"post-212921","1":"post","2":"type-post","3":"status-publish","4":"format-standard","5":"has-post-thumbnail","7":"category-sante","8":"tag-actualite-sur-les-maladies","9":"tag-cancer","10":"tag-cardiologie","11":"tag-cerveau","12":"tag-diabete","13":"tag-diagnostic","14":"tag-fr","15":"tag-france","16":"tag-health","17":"tag-info-sur-les-maladies","18":"tag-infographie","19":"tag-information-sur-les-maladies","20":"tag-maladie","21":"tag-medecine","22":"tag-medicament","23":"tag-obesite","24":"tag-pathologie","25":"tag-pediatrie","26":"tag-psychiatrie","27":"tag-sante","28":"tag-traitement"},"share_on_mastodon":{"url":"https:\/\/pubeurope.com\/@fr\/114765803305144027","error":""},"_links":{"self":[{"href":"https:\/\/www.europesays.com\/fr\/wp-json\/wp\/v2\/posts\/212921","targetHints":{"allow":["GET"]}}],"collection":[{"href":"https:\/\/www.europesays.com\/fr\/wp-json\/wp\/v2\/posts"}],"about":[{"href":"https:\/\/www.europesays.com\/fr\/wp-json\/wp\/v2\/types\/post"}],"author":[{"embeddable":true,"href":"https:\/\/www.europesays.com\/fr\/wp-json\/wp\/v2\/users\/2"}],"replies":[{"embeddable":true,"href":"https:\/\/www.europesays.com\/fr\/wp-json\/wp\/v2\/comments?post=212921"}],"version-history":[{"count":0,"href":"https:\/\/www.europesays.com\/fr\/wp-json\/wp\/v2\/posts\/212921\/revisions"}],"wp:featuredmedia":[{"embeddable":true,"href":"https:\/\/www.europesays.com\/fr\/wp-json\/wp\/v2\/media\/212922"}],"wp:attachment":[{"href":"https:\/\/www.europesays.com\/fr\/wp-json\/wp\/v2\/media?parent=212921"}],"wp:term":[{"taxonomy":"category","embeddable":true,"href":"https:\/\/www.europesays.com\/fr\/wp-json\/wp\/v2\/categories?post=212921"},{"taxonomy":"post_tag","embeddable":true,"href":"https:\/\/www.europesays.com\/fr\/wp-json\/wp\/v2\/tags?post=212921"}],"curies":[{"name":"wp","href":"https:\/\/api.w.org\/{rel}","templated":true}]}}