{"id":212951,"date":"2025-06-29T09:14:01","date_gmt":"2025-06-29T09:14:01","guid":{"rendered":"https:\/\/www.europesays.com\/fr\/212951\/"},"modified":"2025-06-29T09:14:01","modified_gmt":"2025-06-29T09:14:01","slug":"a-la-region-grand-est-la-cgt-denonce-des-agents-mal-traites-harceles-ou-deplaces","status":"publish","type":"post","link":"https:\/\/www.europesays.com\/fr\/212951\/","title":{"rendered":"\u00c0 la R\u00e9gion Grand Est, la CGT d\u00e9nonce des agents mal trait\u00e9s, harcel\u00e9s ou d\u00e9plac\u00e9s"},"content":{"rendered":"<p class=\"wp-block-post-excerpt__excerpt\">Jeudi 26 juin, le syndicat CGT des agents de la R\u00e9gion Grand Est appelle \u00e0 manifester devant l\u2019H\u00f4tel de R\u00e9gion \u00e0 Metz pour d\u00e9noncer un mauvais traitement des agents qui alertent sur leurs souffrances au travail. L\u2019\u00e9lu en charge du dialogue social estime que les revendications du syndicat concernent des situations marginales. <\/p>\n<p>Camille Balzinger<\/p>\n<p>Publi\u00e9 le 26 juin 2025\u00a0\u00a0\u00b7\u00a0\u00a0<\/p>\n<p>Imprim\u00e9 le 29 juin 2025 \u00e0 11h13\u00a0\u00a0\u00b7\u00a0\u00a0<\/p>\n<p>Modifi\u00e9 le 27 juin 2025\u00a0\u00a0\u00b7\u00a0\u00a0<\/p>\n<p>\t\t\t\t\t7\u00a0minutes\n<\/p>\n<p class=\"has-drop-cap\">S\u00e9ance pl\u00e9ni\u00e8re pour les \u00e9lus, mobilisation pour la CGT de la R\u00e9gion Grand Est. Devant l\u2019H\u00f4tel de R\u00e9gion \u00e0 Metz, jeudi 26 juin, le syndicat d\u00e9nonce la maltraitance des agents et agentes, notamment ceux et celles qui suivent le processus de signalement de mal-\u00eatre au travail propos\u00e9 par l\u2019institution.<\/p>\n<p>Christophe M\u00fcller est \u00e9lu CGT. Il coordonne depuis janvier 2024 des permanences de d\u00e9fense des fonctionnaires et contractuels au si\u00e8ge de la R\u00e9gion Grand Est, \u00e0 Strasbourg, les mercredis. \u00ab\u00a0Plus de cent personnes sont venues me voir, se sentent mal \u00e0 leur poste, subissent du harc\u00e8lement et n\u2019osent pas en parler, ou alertent leurs coll\u00e8gues en vain\u00a0\u00bb, soupire-t-il\u00a0:<\/p>\n<blockquote class=\"wp-block-quote is-layout-flow wp-block-quote-is-layout-flow\">\n<p>\u00ab\u00a0Pourtant, il existe une plateforme interne \u00e0 la R\u00e9gion pour faire ces signalements. Mais nous observons que les d\u00e9lais de traitement sont longs, qu\u2019il y a peu d\u2019effets concrets et que s\u2019il y en a, ceux-ci peuvent prendre la forme d\u2019un non renouvellement pour les contractuels, d\u2019une mobilit\u00e9 interne ou d\u2019une mise \u00e0 la retraite anticip\u00e9e.\u00a0\u00bb<\/p>\n<\/blockquote>\n<p><a href=\"https:\/\/www.rue89strasbourg.com\/la-newsletter\" target=\"_blank\" rel=\"noopener\"><img loading=\"lazy\" decoding=\"async\" width=\"970\" height=\"250\" src=\"https:\/\/www.europesays.com\/fr\/wp-content\/uploads\/2025\/06\/bannie\u0300re-autopromo-2025-desktop-1.gif\" alt=\"\" class=\"wp-image-347550\" style=\"width:792px;height:auto\"\/><\/a><\/p>\n<p><a href=\"https:\/\/www.rue89strasbourg.com\/la-newsletter\" target=\"_blank\" rel=\"noopener\"><img loading=\"lazy\" decoding=\"async\" width=\"300\" height=\"300\" src=\"https:\/\/www.europesays.com\/fr\/wp-content\/uploads\/2025\/06\/bannie\u0300res-autopromo-300x300-2.gif\" alt=\"\" class=\"wp-image-347551\"\/><\/a><\/p>\n<p>Des d\u00e9but enthousiasmants<\/p>\n<p>Philippe, 57 ans, travaille depuis ses 14 ans. En mars 2022, il d\u00e9bute un CDD \u00e0 la R\u00e9gion en tant que charg\u00e9 d\u2019op\u00e9rations immobili\u00e8res dans la zone de Strasbourg. Ses t\u00e2ches consistent \u00e0 entretenir les b\u00e2timents des lyc\u00e9es, \u00e0 en assurer la s\u00e9curit\u00e9, la maintenance, la r\u00e9novation\u2026 Son arriv\u00e9e \u00e0 la R\u00e9gion l\u2019enchante\u00a0:<\/p>\n<blockquote class=\"wp-block-quote is-layout-flow wp-block-quote-is-layout-flow\">\n<p>\u00ab\u00a0J\u2019avais des responsabilit\u00e9s, de l\u2019autonomie et nous \u00e9tions une bonne \u00e9quipe avec mes coll\u00e8gues. Ils me faisaient confiance, le directeur d\u2019agence \u00e9tait satisfait. Je passais d\u2019un emploi o\u00f9 je faisais des centaines de kilom\u00e8tres par semaine \u00e0 un autre qui \u00e9tait beaucoup plus pos\u00e9.\u00a0\u00bb<\/p>\n<\/blockquote>\n<p>Mais huit mois plus tard, Philippe d\u00e9chante. Un nouveau chef de service est nomm\u00e9 et entre les deux hommes, le courant ne passe pas. \u00ab\u00a0D\u00e8s notre premi\u00e8re r\u00e9union, je ne comprenais pas les informations qu\u2019ils nous donnait\u00a0\u00bb, se souvient-il. D\u2019une incompatibilit\u00e9 d\u2019humeur na\u00eet une forme de harc\u00e8lement, qui m\u00e8nera Philippe en arr\u00eat maladie longue dur\u00e9e plus d\u2019un an plus tard\u00a0:<\/p>\n<p>Donnez acc\u00e8s \u00e0 nos r\u00e9v\u00e9lations sur Alsace Habitat !<\/p>\n<p class=\"has-text-align-left\"><strong>Cet article est temporairement r\u00e9serv\u00e9 \u00e0 nos abonn\u00e9\u00b7es.<\/strong><\/p>\n<p class=\"has-text-align-left\">D\u00e8s que nous atteignons cinq abonnements suppl\u00e9mentaires, il passe en acc\u00e8s libre.<\/p>\n<p class=\"has-text-align-left\"><strong>Pourquoi ce syst\u00e8me ?<\/strong><\/p>\n<p class=\"has-text-align-left\">S\u2019abonner \u00e0 Rue89 Strasbourg, ce n\u2019est pas seulement s\u2019offrir la lecture d\u2019une enqu\u00eate pleine de r\u00e9v\u00e9lations. Soutenir votre m\u00e9dia d\u2019investigation local, c\u2019est aussi donner acc\u00e8s \u00e0 nos investigations \u00e0 des personnes qui n\u2019en ont pas les moyens. Vous pouvez le faire pour cet article concernant le pr\u00e9sident d\u2019Alsace Habitat, Etienne Wolf, et les financements de sa propre association par le bailleur social qu\u2019il pr\u00e9side. D\u00e8s que nous atteindrons cinq abonn\u00e9s suppl\u00e9mentaires, cette publication sera accessible \u00e0 toutes et tous !<\/p>\n<p class=\"has-text-align-center\">Merci d\u2019avance pour votre soutien \u00e0 l\u2019investigation locale et \u00e0 une information d\u2019int\u00e9r\u00eat public en acc\u00e8s libre ! <\/p>\n<p>\n\t\t\t\t<strong>27\/06\/2025<\/strong><br \/>\n\t\t\t\tdate de fin\n\t\t\t<\/p>\n<p>\n\t\t\t<strong><br \/>\n\t\t\t\t0\t\t\t<\/strong><\/p>\n<p>\t\t\t\t\tsur<br \/>\n\t\t\t\t\t5\n\t\t\t\t\t<\/p>\n<p>\t\t\t<a href=\"https:\/\/www.rue89strasbourg.com\/\" class=\"custom-logo-link\" rel=\"home noopener\" target=\"_blank\"><img loading=\"lazy\" decoding=\"async\" width=\"290\" height=\"62\" src=\"https:\/\/www.europesays.com\/fr\/wp-content\/uploads\/2025\/04\/1743975279_388_logo.png\" class=\"custom-logo\" alt=\"Rue89 Strasbourg Enqu\u00eates et informations locales\"  \/><\/a><\/p>\n<p>\n\t\t\t\tAbonnez-vous maintenant pour suivre l\u2019actualit\u00e9 locale.\t\t\t<\/p>\n<p class=\"font-bold font-serif-heading mb-2 text-4xl\">\n\t\t\t\t\t\tL\u2019investigation locale \u00e0 port\u00e9e de main.\n\t\t\t\t\t<\/p>\n<p>\n\t\t\t\t\t\tAbonnez-vous et profitez d\u2019un acc\u00e8s illimit\u00e9 \u00e0 Rue89 Strasbourg. Annulez quand vous voulez.\n\t\t\t\t\t<\/p>\n<p class=\"xl:text-sm\">\n\t\t\t\t\tD\u00e9j\u00e0 abonn\u00e9\u00a0?<br \/>\n\t\t\t\t\t<a class=\"border border-transparent text-center transition-colors duration-instant focus:border-info focus:rounded focus:shadow-focus cursor-pointer text-black hover:text-gray-700 active:bg-black-700 font-semibold inline-block\" href=\"https:\/\/www.rue89strasbourg.com\/user\/connexion?redirect=\/region-grand-est-cgt-souffrances-agents-348124\" target=\"_blank\" rel=\"noopener\">Connectez-vous<\/a>\t\t\t\t<\/p>\n<p>\n\t\t\t\tChoisissez votre formule\u00a0:\n\t\t\t<\/p>\n<p>\t\t\t\tFermer<\/p>\n","protected":false},"excerpt":{"rendered":"Jeudi 26 juin, le syndicat CGT des agents de la R\u00e9gion Grand Est appelle \u00e0 manifester devant l\u2019H\u00f4tel&hellip;\n","protected":false},"author":2,"featured_media":212952,"comment_status":"","ping_status":"","sticky":false,"template":"","format":"standard","meta":{"footnotes":""},"categories":[2820],"tags":[1111,11,29937,1777,674,1011,27,775,12,12276,25,640],"class_list":{"0":"post-212951","1":"post","2":"type-post","3":"status-publish","4":"format-standard","5":"has-post-thumbnail","7":"category-strasbourg","8":"tag-actu","9":"tag-actualites","10":"tag-conditions-de-travail","11":"tag-eu","12":"tag-europe","13":"tag-fr","14":"tag-france","15":"tag-grand-est","16":"tag-news","17":"tag-region-grand-est","18":"tag-republique-francaise","19":"tag-strasbourg"},"share_on_mastodon":{"url":"","error":""},"_links":{"self":[{"href":"https:\/\/www.europesays.com\/fr\/wp-json\/wp\/v2\/posts\/212951","targetHints":{"allow":["GET"]}}],"collection":[{"href":"https:\/\/www.europesays.com\/fr\/wp-json\/wp\/v2\/posts"}],"about":[{"href":"https:\/\/www.europesays.com\/fr\/wp-json\/wp\/v2\/types\/post"}],"author":[{"embeddable":true,"href":"https:\/\/www.europesays.com\/fr\/wp-json\/wp\/v2\/users\/2"}],"replies":[{"embeddable":true,"href":"https:\/\/www.europesays.com\/fr\/wp-json\/wp\/v2\/comments?post=212951"}],"version-history":[{"count":0,"href":"https:\/\/www.europesays.com\/fr\/wp-json\/wp\/v2\/posts\/212951\/revisions"}],"wp:featuredmedia":[{"embeddable":true,"href":"https:\/\/www.europesays.com\/fr\/wp-json\/wp\/v2\/media\/212952"}],"wp:attachment":[{"href":"https:\/\/www.europesays.com\/fr\/wp-json\/wp\/v2\/media?parent=212951"}],"wp:term":[{"taxonomy":"category","embeddable":true,"href":"https:\/\/www.europesays.com\/fr\/wp-json\/wp\/v2\/categories?post=212951"},{"taxonomy":"post_tag","embeddable":true,"href":"https:\/\/www.europesays.com\/fr\/wp-json\/wp\/v2\/tags?post=212951"}],"curies":[{"name":"wp","href":"https:\/\/api.w.org\/{rel}","templated":true}]}}