{"id":212984,"date":"2025-06-29T09:32:10","date_gmt":"2025-06-29T09:32:10","guid":{"rendered":"https:\/\/www.europesays.com\/fr\/212984\/"},"modified":"2025-06-29T09:32:10","modified_gmt":"2025-06-29T09:32:10","slug":"un-enfant-de-10-retrouve-abandonne-et-enferme-dans-sa-chambre","status":"publish","type":"post","link":"https:\/\/www.europesays.com\/fr\/212984\/","title":{"rendered":"un enfant de 10 retrouv\u00e9 abandonn\u00e9 et enferm\u00e9 dans sa chambre"},"content":{"rendered":"<p>            Par<br \/>\n        <strong><br \/>\n            <a href=\"https:\/\/actu.fr\/auteur\/julie-bossart-actu-fr\" title=\"Consulter tous les articles de Julie Bossart\" rel=\"nofollow noopener\" target=\"_blank\">Julie Bossart<\/a><br \/>\n        <\/strong><\/p>\n<p>        Publi\u00e9 le<\/p>\n<p>            29 juin 2025 \u00e0 10h59        <\/p>\n<p>Comment un jeune gar\u00e7on a pu se retrouver seul dans un appartement et enferm\u00e9 dans sa chambre\u2009? C\u2019est ce que l\u2019enqu\u00eate en d\u00e9laissement de mineur ouverte par le parquet de <a href=\"https:\/\/actu.fr\/paris\/dernieres-actus\" rel=\"nofollow noopener\" target=\"_blank\">Paris<\/a> et confi\u00e9e \u00e0 la Brigade de protection des mineurs devra d\u00e9terminer.<\/p>\n<p>L\u2019alerte donn\u00e9e par un voisin<\/p>\n<p class=\" wall-content\">Selon des informations de <a href=\"https:\/\/www.valeursactuelles.com\/faits-divers\/info-va-paris-un-enfant-decouvert-nu-et-abandonne-dans-un-appartement-insalubre\" rel=\"nofollow noopener\" target=\"_blank\">Valeurs Actuelles<\/a>, vendredi 27\u00a0juin 2025 au soir, un enfant de 10\u00a0ans a \u00e9t\u00e9 retrouv\u00e9 abandonn\u00e9 dans un appartement insalubre du 20e arrondissement. Il \u00e9tait aux alentours de 23\u00a0heures lorsque les <a href=\"https:\/\/actu.fr\/tag\/brigade-de-sapeurs-pompiers-de-paris\" rel=\"nofollow noopener\" target=\"_blank\">sapeurs-pompiers<\/a> ont trouv\u00e9 sur les lieux le gar\u00e7onnet, nu et en pleurs. Des pleurs entendus par un voisin, qui a ainsi pu donner l\u2019alerte.<\/p>\n<p class=\" wall-content\">\u00ab\u2009La porte de la chambre \u00e9tait ferm\u00e9e avec un cadenas renforc\u00e9 par une barre de fer et un drap tendu \u00e0 une autre porte, bloquant la poign\u00e9e de la porte de la chambre\u2009\u00bb, a indiqu\u00e9 une source polici\u00e8re \u00e0 nos confr\u00e8res.<\/p>\n<p class=\" wall-content\">L\u2019enfant, qui souffrirait d\u2019autisme, a \u00e9t\u00e9 hospitalis\u00e9. \u00c0 l\u2019heure actuelle, son \u00e9tat de sant\u00e9 n\u2019a pas \u00e9t\u00e9 divulgu\u00e9.\u00a0D\u2019apr\u00e8s le voisin, le petit gar\u00e7on \u00e9tait cens\u00e9 \u00eatre gard\u00e9 par des nourrices, alors que son p\u00e8re \u00e9tait en d\u00e9placement professionnel \u00e0 l\u2019\u00e9tranger.<\/p>\n<p class=\" wall-content\">Suivez toute l\u2019actualit\u00e9 de vos villes et m\u00e9dias favoris en vous inscrivant \u00e0 <a href=\"https:\/\/moncompte.actu.fr\" title=\"D\u00e9couvez Mon Actu\" rel=\"nofollow noopener\" data-trk=\"{&quot;cta&quot;:{&quot;action&quot;:&quot;https:\\\/\\\/moncompte.actu.fr&quot;,&quot;category&quot;:&quot;mon compte&quot;,&quot;from&quot;:&quot;article footer&quot;,&quot;name&quot;:&quot;Mon actu&quot;,&quot;type&quot;:&quot;cta&quot;}}\" target=\"_blank\">Mon Actu<\/a>.<\/p>\n","protected":false},"excerpt":{"rendered":"Par Julie Bossart Publi\u00e9 le 29 juin 2025 \u00e0 10h59 Comment un jeune gar\u00e7on a pu se retrouver&hellip;\n","protected":false},"author":2,"featured_media":14606,"comment_status":"","ping_status":"","sticky":false,"template":"","format":"standard","meta":{"footnotes":""},"categories":[1888],"tags":[1111,1928,11,1927,1719,1777,674,118,1011,27,303,12,1926,626,1925,25],"class_list":{"0":"post-212984","1":"post","2":"type-post","3":"status-publish","4":"format-standard","5":"has-post-thumbnail","7":"category-paris","8":"tag-actu","9":"tag-actu-paris","10":"tag-actualites","11":"tag-actualites-paris","12":"tag-enfants","13":"tag-eu","14":"tag-europe","15":"tag-faits-divers","16":"tag-fr","17":"tag-france","18":"tag-justice","19":"tag-news","20":"tag-news-paris","21":"tag-paris","22":"tag-paris-news","23":"tag-republique-francaise"},"share_on_mastodon":{"url":"https:\/\/pubeurope.com\/@fr\/114765964603993210","error":""},"_links":{"self":[{"href":"https:\/\/www.europesays.com\/fr\/wp-json\/wp\/v2\/posts\/212984","targetHints":{"allow":["GET"]}}],"collection":[{"href":"https:\/\/www.europesays.com\/fr\/wp-json\/wp\/v2\/posts"}],"about":[{"href":"https:\/\/www.europesays.com\/fr\/wp-json\/wp\/v2\/types\/post"}],"author":[{"embeddable":true,"href":"https:\/\/www.europesays.com\/fr\/wp-json\/wp\/v2\/users\/2"}],"replies":[{"embeddable":true,"href":"https:\/\/www.europesays.com\/fr\/wp-json\/wp\/v2\/comments?post=212984"}],"version-history":[{"count":0,"href":"https:\/\/www.europesays.com\/fr\/wp-json\/wp\/v2\/posts\/212984\/revisions"}],"wp:featuredmedia":[{"embeddable":true,"href":"https:\/\/www.europesays.com\/fr\/wp-json\/wp\/v2\/media\/14606"}],"wp:attachment":[{"href":"https:\/\/www.europesays.com\/fr\/wp-json\/wp\/v2\/media?parent=212984"}],"wp:term":[{"taxonomy":"category","embeddable":true,"href":"https:\/\/www.europesays.com\/fr\/wp-json\/wp\/v2\/categories?post=212984"},{"taxonomy":"post_tag","embeddable":true,"href":"https:\/\/www.europesays.com\/fr\/wp-json\/wp\/v2\/tags?post=212984"}],"curies":[{"name":"wp","href":"https:\/\/api.w.org\/{rel}","templated":true}]}}