{"id":212991,"date":"2025-06-29T09:36:11","date_gmt":"2025-06-29T09:36:11","guid":{"rendered":"https:\/\/www.europesays.com\/fr\/212991\/"},"modified":"2025-06-29T09:36:11","modified_gmt":"2025-06-29T09:36:11","slug":"mais-ou-sont-donc-passes-les-chars-russes","status":"publish","type":"post","link":"https:\/\/www.europesays.com\/fr\/212991\/","title":{"rendered":"mais o\u00f9 sont donc pass\u00e9s les chars russes ?"},"content":{"rendered":"<p><strong>D\u00c9CRYPTAGE<\/strong> &#8211; La Russie serait d\u00e9sormais en mesure de fabriquer jusqu\u2019\u00e0 300 chars T-90M neufs par an, un chiffre en forte augmentation, sans compter les r\u00e9serves ex-sovi\u00e9tiques. De quoi craindre la constitution d\u2019une r\u00e9serve strat\u00e9gique de blind\u00e9s.<\/p>\n<p class=\"fig-paragraph\">Les chiffres sont spectaculaires\u00a0:\u00a0<a href=\"http:\/\/www.lefigaro.fr\/international\/des-pertes-intenables-a-moyen-et-long-terme-la-russie-va-t-elle-manquer-de-chars-et-de-blindes-en-ukraine-20250225\" target=\"_blank\" data-fig-type=\"Article\" rel=\"noopener\" data-gtm-custom-categorie=\"navigation\" data-gtm-custom-action=\"crossclick\" data-gtm-custom-label=\"Contextuel\" data-gtm-event=\"customEventSPE\" data-fig-domain=\"LEFIGARO\">la Russie a perdu au moins 4053 chars de combat<\/a>\u00a0durant les plus de trois ans de guerre en Ukraine, selon les donn\u00e9es g\u00e9olocalis\u00e9es et visuellement confirm\u00e9es du site Oryx. Les \u00abpertes irr\u00e9m\u00e9diables\u00bb authentifi\u00e9es sont plut\u00f4t de 3100 \u00e0 3200 de 2022 \u00e0 2024, r\u00e9v\u00e8le dans une note parue en juin le \u00abConflict Intelligence Team\u00bb (CIT), un groupe d\u2019experts russes ind\u00e9pendants, critiques du pouvoir et aujourd\u2019hui\u00a0<a href=\"http:\/\/www.lefigaro.fr\/lefigaromagazine\/apres-un-an-de-guerre-le-grand-spleen-des-expatries-russes-en-france-20230214\" target=\"_blank\" data-fig-type=\"Article\" rel=\"noopener\" data-gtm-custom-categorie=\"navigation\" data-gtm-custom-action=\"crossclick\" data-gtm-custom-label=\"Contextuel\" data-gtm-event=\"customEventSPE\" data-fig-domain=\"LEFIGARO\">expatri\u00e9s hors de Russie<\/a>.<\/p>\n<p class=\"fig-paragraph\">\u00c0 titre de comparaison, la France poss\u00e8de un peu plus de 200 chars Leclerc op\u00e9rationnels &#8211; environ 400 en comptant les r\u00e9serves. En la mati\u00e8re, jamais de telles pertes n\u2019avaient \u00e9t\u00e9 observ\u00e9es dans le monde depuis la Seconde Guerre mondiale, m\u00eame pendant la guerre de Cor\u00e9e, lors de laquelle les Sherman et les T-34, entre autres, se faisaient face. \u00c0 tel point que, depuis trois ans, la question d\u2019une p\u00e9nurie de chars, c\u00f4t\u00e9 russe, a \u00e9t\u00e9 envisag\u00e9e par de nombreux observateurs. La preuve n\u2019en est-il pas que de moins en moins de\u2026<\/p>\n<p class=\"fig-premium-paywall__infos\">\n        Cet article est r\u00e9serv\u00e9 aux abonn\u00e9s.        Il vous reste 91% \u00e0 d\u00e9couvrir.\n    <\/p>\n<p>                <img  data- alt=\"Le Figaro\" class=\"fig-img--complete fig-img\"\/><\/p>\n<p class=\"fig-premium-paywall__title\">Vente Flash : derniers jours<\/p>\n<p class=\"fig-premium-paywall__subtitle\">3,99\u20ac par mois pendant 12 mois. Sans engagement.<\/p>\n<p class=\"fig-premium-paywall__connect\">\n                D\u00e9j\u00e0 abonn\u00e9\u00a0?                <a class=\"fig-premium-paywall__connect-link\" href=\"https:\/\/connect.lefigaro.fr\/login?client=horizon_web&amp;type=main&amp;redirect_uri=https%3A%2F%2Fwww.lefigaro.fr%2Finternational%2Fguerre-en-ukraine-mais-ou-sont-donc-passes-les-chars-russes-20250629\" data-js-gtm=\"{&quot;customCategorie&quot;: &quot;conversion&quot;, &quot;customAction&quot;: &quot;before_Landing_Connexion_paywall_auto&quot;, &quot;customLabel&quot;: &quot;bGVmaWdhcm8uZnJfXzFmMDU0MzFmLWUyMjgtNjJhOC1iODA4LWViOGQ1ZWY2ZjFlMF9fTmV3c0ZsYXNo_Guerre en Ukraine\u00a0: mais o\u00f9 sont donc pass\u00e9s les chars russes\u00a0?_528&quot;, &quot;customIDSPE&quot;: &quot;bGVmaWdhcm8uZnJfXzFmMDU0MzFmLWUyMjgtNjJhOC1iODA4LWViOGQ1ZWY2ZjFlMF9fTmV3c0ZsYXNo&quot;, &quot;event&quot;: &quot;customEventSPE&quot;}\" target=\"_blank\" rel=\"noopener\"><br \/>\n                    Connectez-vous<br \/>\n                <\/a>\n            <\/p>\n","protected":false},"excerpt":{"rendered":"D\u00c9CRYPTAGE &#8211; La Russie serait d\u00e9sormais en mesure de fabriquer jusqu\u2019\u00e0 300 chars T-90M neufs par an, un&hellip;\n","protected":false},"author":2,"featured_media":212992,"comment_status":"","ping_status":"","sticky":false,"template":"","format":"standard","meta":{"footnotes":""},"categories":[1591],"tags":[259,11,260,2024,1887,131,14,261,12,262,1885,1886,132],"class_list":{"0":"post-212991","1":"post","2":"type-post","3":"status-publish","4":"format-standard","5":"has-post-thumbnail","7":"category-russie","8":"tag-actualite-internationale","9":"tag-actualites","10":"tag-affaires-etrangeres","11":"tag-drones","12":"tag-federation-de-russie","13":"tag-guerre-en-ukraine","14":"tag-international","15":"tag-ministere-des-affaires-etrangeres","16":"tag-news","17":"tag-politique-etrangere","18":"tag-russia","19":"tag-russian-federation","20":"tag-russie"},"share_on_mastodon":{"url":"https:\/\/pubeurope.com\/@fr\/114765980230071721","error":""},"_links":{"self":[{"href":"https:\/\/www.europesays.com\/fr\/wp-json\/wp\/v2\/posts\/212991","targetHints":{"allow":["GET"]}}],"collection":[{"href":"https:\/\/www.europesays.com\/fr\/wp-json\/wp\/v2\/posts"}],"about":[{"href":"https:\/\/www.europesays.com\/fr\/wp-json\/wp\/v2\/types\/post"}],"author":[{"embeddable":true,"href":"https:\/\/www.europesays.com\/fr\/wp-json\/wp\/v2\/users\/2"}],"replies":[{"embeddable":true,"href":"https:\/\/www.europesays.com\/fr\/wp-json\/wp\/v2\/comments?post=212991"}],"version-history":[{"count":0,"href":"https:\/\/www.europesays.com\/fr\/wp-json\/wp\/v2\/posts\/212991\/revisions"}],"wp:featuredmedia":[{"embeddable":true,"href":"https:\/\/www.europesays.com\/fr\/wp-json\/wp\/v2\/media\/212992"}],"wp:attachment":[{"href":"https:\/\/www.europesays.com\/fr\/wp-json\/wp\/v2\/media?parent=212991"}],"wp:term":[{"taxonomy":"category","embeddable":true,"href":"https:\/\/www.europesays.com\/fr\/wp-json\/wp\/v2\/categories?post=212991"},{"taxonomy":"post_tag","embeddable":true,"href":"https:\/\/www.europesays.com\/fr\/wp-json\/wp\/v2\/tags?post=212991"}],"curies":[{"name":"wp","href":"https:\/\/api.w.org\/{rel}","templated":true}]}}