{"id":212999,"date":"2025-06-29T09:40:10","date_gmt":"2025-06-29T09:40:10","guid":{"rendered":"https:\/\/www.europesays.com\/fr\/212999\/"},"modified":"2025-06-29T09:40:10","modified_gmt":"2025-06-29T09:40:10","slug":"serie-dattaques-incendiaires-contre-la-guerre","status":"publish","type":"post","link":"https:\/\/www.europesays.com\/fr\/212999\/","title":{"rendered":"s\u00e9rie d&rsquo;attaques incendiaires contre la guerre"},"content":{"rendered":"<p class=\"has-text-align-center\"><strong>Les \u00c9tats europ\u00e9ens se militarisent, la guerre est dans les discours et dans les t\u00eates, mais partout, des corps se dressent contre cette course vers la mort. En Allemagne, le gouvernement de droite radicale veut d\u00e9velopper \u00abl\u2019arm\u00e9e la plus puissante d\u2019Europe\u00bb.<\/strong><\/p>\n<p><img loading=\"lazy\" decoding=\"async\" width=\"819\" height=\"1024\" data-attachment-id=\"94069\" data-permalink=\"https:\/\/contre-attaque.net\/2025\/06\/29\/allemagne-serie-dattaques-incendiaires-contre-la-guerre\/signal-2025-06-29-105253\/\" data-orig-file=\"https:\/\/contre-attaque.net\/wp-content\/uploads\/2025\/06\/signal-2025-06-29-105253.jpeg\" data-orig-size=\"1080,1350\" data-comments-opened=\"0\" data-image-meta=\"{&quot;aperture&quot;:&quot;0&quot;,&quot;credit&quot;:&quot;&quot;,&quot;camera&quot;:&quot;&quot;,&quot;caption&quot;:&quot;&quot;,&quot;created_timestamp&quot;:&quot;0&quot;,&quot;copyright&quot;:&quot;&quot;,&quot;focal_length&quot;:&quot;0&quot;,&quot;iso&quot;:&quot;0&quot;,&quot;shutter_speed&quot;:&quot;0&quot;,&quot;title&quot;:&quot;&quot;,&quot;orientation&quot;:&quot;0&quot;}\" data-image-title=\"signal-2025-06-29-105253\" data-image-description=\"\" data-image-caption=\"\" data-medium-file=\"https:\/\/contre-attaque.net\/wp-content\/uploads\/2025\/06\/signal-2025-06-29-105253-240x300.jpeg\" data-large-file=\"https:\/\/www.europesays.com\/fr\/wp-content\/uploads\/2025\/06\/signal-2025-06-29-105253-819x1024.jpeg\" src=\"https:\/\/www.europesays.com\/fr\/wp-content\/uploads\/2025\/06\/signal-2025-06-29-105253-819x1024.jpeg\" alt=\"En haut : des camionnettes d'entreprises complices de la militarisation et du g\u00e9nocide \u00e0 Gaza en flammes en Allemagne.&#10;En bas : Des camions de l'arm\u00e9e allemande calcin\u00e9s.\" class=\"wp-image-94069\"  \/><\/p>\n<p>Le gouvernement allemand r\u00e9fl\u00e9chit au r\u00e9tablissement du service militaire obligatoire, il a instaur\u00e9 une Journ\u00e9e des anciens combattants, il militarise les esprits et d\u00e9bloque des sommes colossales pour la guerre\u00a0: un fonds de plus de 500 milliards d\u2019euros destin\u00e9 aux investissements dits de \u00abs\u00e9curit\u00e9\u00bb, et le budget annuel de la d\u00e9fense va passer de 63 milliards par an en 2025 \u00e0 160 milliards pour 2030.<\/p>\n<p>L\u2019Allemagne est aussi en train de restructurer toute son industrie civile \u2013 frapp\u00e9e par une crise profonde \u2013 vers l\u2019industrie militaire. Une usine automobile a par exemple \u00e9t\u00e9 convertie en usine d\u2019armement. C\u2019est dans ce contexte que plusieurs sabotages ont eu lieu ces derniers jours.<\/p>\n<p>Des camionnettes de \u00abprofiteurs de guerre\u00bb incendi\u00e9es<\/p>\n<p>La nuit du lundi au mardi\u00a017 juin \u00e0 Berlin, trente-six camionnettes de la multinationale Amazon et de l\u2019entreprise allemande Telekom sont parties en fum\u00e9e, \u00e0 quelques minutes d\u2019intervalle autour de 3 heures du matin.<\/p>\n<p>Un communiqu\u00e9 revendique cette attaque antimilitariste\u00a0: \u00abNi les grillages, ni les cam\u00e9ras n\u2019ont r\u00e9ussi \u00e0 emp\u00eacher les antimilitaristes d\u2019attaquer ces deux collabos de l\u2019arm\u00e9e. Les deux entreprises profitent \u00e9norm\u00e9ment de la militarisation g\u00e9n\u00e9ralis\u00e9e et des guerres qui s\u2019\u00e9tendent. C\u2019est pourquoi il est juste de les saboter\u00bb explique le texte.<\/p>\n<p>Les incendiaires d\u00e9noncent \u00abl\u2019ouverture de l\u2019Amazon-Tower\u00bb \u00e0 Berlin et la \u00abparticipation active \u00e0 la guerre et au g\u00e9nocide\u00bb de ce g\u00e9ant de la tech. \u00abLes serveurs et les Cloud Services d\u2019Amazon sont utilis\u00e9s par les Forces de D\u00e9fense Isra\u00e9liennes (IDF) pour stocker les \u00e9normes quantit\u00e9s de donn\u00e9es issues de la surveillance de masse de la population palestinienne. Avec sa filiale, Amazons Web Systems (AWS), Amazon est l\u2019un des partenaires de l\u2019arm\u00e9e isra\u00e9lienne\u00bb.<\/p>\n<p>Depuis 2021, les g\u00e9ants de la tech permettent en effet \u00e0 l\u2019arm\u00e9e coloniale d\u2019utiliser leurs serveurs, \u00abcela signifie que l\u2019an\u00e9antissement et la famine \u00e0 Gaza qui se d\u00e9roulent sous nos yeux, le d\u00e9placement forc\u00e9 planifi\u00e9 de l\u2019ensemble de la population, ainsi que le massacre et la mutilation, bas\u00e9s sur IA, de centaines de milliers de personnes, dont beaucoup d\u2019enfants, sont calcul\u00e9s et sauvegard\u00e9s sur les serveurs d\u2019Amazon Web Services. La guerre, la militarisation, le g\u00e9nocide et la politique g\u00e9nocidaire et imp\u00e9rialiste se fondent aujourd\u2019hui sur la haute technologie\u00bb.<\/p>\n<p>La deuxi\u00e8me entreprise, Telekom, a \u00e9t\u00e9 vis\u00e9e parce qu\u2019elle r\u00e9alise des profits \u00aben tant que fournisseur informatique des autorit\u00e9s frontali\u00e8res, de la police et des services de renseignements, sur la guerre contre les r\u00e9fugi\u00e9-e-s aux fronti\u00e8res ext\u00e9rieures de l\u2019Europe et sur la militarisation croissante \u00e0 l\u2019int\u00e9rieur\u00bb. La firme est aussi partenaire de l\u2019entreprise Starlink \u00abdu techno-facho Elon Musk. T-Systems\u00bb explique le communiqu\u00e9.<\/p>\n<p>Des camions de l\u2019arm\u00e9e partent en fum\u00e9e<\/p>\n<p>Les m\u00e9dias allemands ont r\u00e9v\u00e9l\u00e9 cette attaque incendiaire le 23 juin\u00a0: six camions de l\u2019arm\u00e9e allemande br\u00fbl\u00e9s \u00e0 Erfurt, dans la r\u00e9gion de Thuringe. Il s\u2019agit de v\u00e9hicules de transport de troupes. Le gouvernement d\u00e9nonce une \u00abattaque contre la d\u00e9mocratie\u00bb et m\u00eame un sabotage organis\u00e9 par la Russie, comme si la population n\u2019avait pas de raison de s\u2019inqui\u00e9ter de la remilitarisation acc\u00e9l\u00e9r\u00e9e d\u2019un pays qui a d\u00e9clench\u00e9 deux guerres mondiales et un g\u00e9nocide au si\u00e8cle dernier.<\/p>\n<p>D\u00e9but juin, 5 autres camions de l\u2019arm\u00e9e avaient br\u00fbl\u00e9 \u00e0 Soltau en Basse-Saxe\u00a0: m\u00eame mode op\u00e9ratoire, et un texte de revendication tr\u00e8s clair avait \u00e9t\u00e9 diffus\u00e9, critiquant le r\u00e9armement et la militarisation des esprits en Allemagne : \u00abLa condition pr\u00e9alable \u00e0 un climat dans lequel toutes ces horreurs peuvent \u00eatre consid\u00e9r\u00e9es comme in\u00e9vitables et sans alternative, est la d\u00e9shumanisation des personnes contraintes de souffrir de la guerre, du g\u00e9nocide et des d\u00e9placements forc\u00e9s [\u2026] Ces flammes sont pour celles et ceux qui luttent contre leur d\u00e9shumanisation et pour leur survie. Pour toutes celles et ceux qui veulent r\u00eaver et combattre pour un autre monde solidaire, sans \u00c9tat [\u2026] Au cours des prochaines ann\u00e9es, l\u2019arm\u00e9e f\u00e9d\u00e9rale sera omnipr\u00e9sente dans nos vies et redeviendra un acteur essentiel du formatage autoritaire et patriarcal de la soci\u00e9t\u00e9. Attaquons-la \u00e0 tous les niveaux !\u00bb<\/p>\n","protected":false},"excerpt":{"rendered":"Les \u00c9tats europ\u00e9ens se militarisent, la guerre est dans les discours et dans les t\u00eates, mais partout, des&hellip;\n","protected":false},"author":2,"featured_media":213000,"comment_status":"","ping_status":"","sticky":false,"template":"","format":"standard","meta":{"footnotes":""},"categories":[1587],"tags":[11,672,35277,1804,1805,1803,1777,674,1801,16234,12,1802,12999],"class_list":{"0":"post-212999","1":"post","2":"type-post","3":"status-publish","4":"format-standard","5":"has-post-thumbnail","7":"category-allemagne","8":"tag-actualites","9":"tag-allemagne","10":"tag-antimilitarisme","11":"tag-bundesrepublik-deutschland","12":"tag-de","13":"tag-deutschland","14":"tag-eu","15":"tag-europe","16":"tag-germany","17":"tag-militarisme","18":"tag-news","19":"tag-republique-federale-dallemagne","20":"tag-sabotage"},"share_on_mastodon":{"url":"https:\/\/pubeurope.com\/@fr\/114765996001250472","error":""},"_links":{"self":[{"href":"https:\/\/www.europesays.com\/fr\/wp-json\/wp\/v2\/posts\/212999","targetHints":{"allow":["GET"]}}],"collection":[{"href":"https:\/\/www.europesays.com\/fr\/wp-json\/wp\/v2\/posts"}],"about":[{"href":"https:\/\/www.europesays.com\/fr\/wp-json\/wp\/v2\/types\/post"}],"author":[{"embeddable":true,"href":"https:\/\/www.europesays.com\/fr\/wp-json\/wp\/v2\/users\/2"}],"replies":[{"embeddable":true,"href":"https:\/\/www.europesays.com\/fr\/wp-json\/wp\/v2\/comments?post=212999"}],"version-history":[{"count":0,"href":"https:\/\/www.europesays.com\/fr\/wp-json\/wp\/v2\/posts\/212999\/revisions"}],"wp:featuredmedia":[{"embeddable":true,"href":"https:\/\/www.europesays.com\/fr\/wp-json\/wp\/v2\/media\/213000"}],"wp:attachment":[{"href":"https:\/\/www.europesays.com\/fr\/wp-json\/wp\/v2\/media?parent=212999"}],"wp:term":[{"taxonomy":"category","embeddable":true,"href":"https:\/\/www.europesays.com\/fr\/wp-json\/wp\/v2\/categories?post=212999"},{"taxonomy":"post_tag","embeddable":true,"href":"https:\/\/www.europesays.com\/fr\/wp-json\/wp\/v2\/tags?post=212999"}],"curies":[{"name":"wp","href":"https:\/\/api.w.org\/{rel}","templated":true}]}}