{"id":213003,"date":"2025-06-29T09:42:13","date_gmt":"2025-06-29T09:42:13","guid":{"rendered":"https:\/\/www.europesays.com\/fr\/213003\/"},"modified":"2025-06-29T09:42:13","modified_gmt":"2025-06-29T09:42:13","slug":"raphael-glucksmann-appelle-lue-a-dire-stop-a-viktor-orban-apres-linterdiction-de-la-pride-en-hongrie","status":"publish","type":"post","link":"https:\/\/www.europesays.com\/fr\/213003\/","title":{"rendered":"Rapha\u00ebl Glucksmann appelle l&rsquo;UE \u00e0 dire \u00ab\u00a0stop\u00a0\u00bb \u00e0 Viktor Orban apr\u00e8s l&rsquo;interdiction de la Pride en Hongrie"},"content":{"rendered":"<p><img decoding=\"async\" class=\"caas-img caas-lazy has-preview\" src=\"https:\/\/www.europesays.com\/fr\/wp-content\/uploads\/2025\/06\/796224303ddd18617184d6886bbf57b4.jpeg\"\/><\/p>\n<p>L&rsquo;eurod\u00e9put\u00e9 <a href=\"https:\/\/fr.news.yahoo.com\/cest-cest-rapha%C3%ABl-glucksmann-promet-091553802.html\" data-ylk=\"slk:Rapha\u00ebl Glucksmann;elm:context_link;itc:0;sec:content-canvas;outcm:mb_qualified_link;_E:mb_qualified_link;ct:story;\" class=\"link  yahoo-link\" target=\"_blank\" rel=\"noopener\">Rapha\u00ebl Glucksmann<\/a>, pr\u00e9sent ce samedi 28 juin \u00e0 Budapest pour participer \u00e0 <a href=\"https:\/\/fr.news.yahoo.com\/gray-pride-manifestation-gris-hongrie-081428232.html\" data-ylk=\"slk:la marche des fiert\u00e9s interdite;elm:context_link;itc:0;sec:content-canvas;outcm:mb_qualified_link;_E:mb_qualified_link;ct:story;\" class=\"link  yahoo-link\" target=\"_blank\" rel=\"noopener\">la marche des fiert\u00e9s interdite<\/a> par la police, a exhort\u00e9 la Commission europ\u00e9enne et les dirigeants des pays de l&rsquo;UE \u00e0 un sursaut face \u00e0 Viktor Orban.<\/p>\n<p>Le Premier ministre hongrois \u00ab\u00a0a compris qu&rsquo;il pouvait tout se permettre, qu&rsquo;il pouvait nous marcher dessus et que de toute fa\u00e7on, il n&rsquo;y aurait pas de r\u00e9action, et qu&rsquo;\u00e0 chaque fois, on lui pardonnerait, on recommencerait le jeu des n\u00e9gociations avec lui\u00a0\u00bb, a d\u00e9clar\u00e9 l&rsquo;\u00e9lu \u00e0 l&rsquo;AFP \u00e0 quelques heures du d\u00e9part du rassemblement.<\/p>\n<p>\u00ab\u00a0\u00c0 un moment, il faut mettre un stop\u00a0\u00bb, a-t-il affirm\u00e9.<\/p>\n<p>Alors que la commissaire \u00e0 l&rsquo;\u00e9galit\u00e9 Hadja Lahbib a fait le d\u00e9placement en Hongrie mais maintient le flou sur sa venue \u00e0 <a href=\"https:\/\/fr.news.yahoo.com\/comprendre-maintenue-malgr%C3%A9-linterdiction-menaces-065154350.html\" data-ylk=\"slk:la marche maintenue par la municipalit\u00e9 de Budapest;elm:context_link;itc:0;sec:content-canvas;outcm:mb_qualified_link;_E:mb_qualified_link;ct:story;\" class=\"link  yahoo-link\" target=\"_blank\" rel=\"noopener\">la marche maintenue par la municipalit\u00e9 de Budapest<\/a>, dirig\u00e9e par un \u00e9cologiste, malgr\u00e9 l&rsquo;interdiction, Rapha\u00ebl Glucksmann a dit \u00ab\u00a0regretter l&rsquo;absence de la Commission\u00a0\u00bb, \u00ab\u00a0gardienne des trait\u00e9s\u00a0\u00bb.<\/p>\n<p>\u00ab\u00a0Mais ce que je demande surtout \u00e0 la Commission\u00a0\u00bb et au Conseil, \u00ab\u00a0c&rsquo;est de tout mettre en oeuvre pour accentuer la pression, pour enfin lancer pleinement l&rsquo;article 7 du trait\u00e9 et faire en sorte que ce gouvernement d&rsquo;Orban ne puisse plus ni d\u00e9truire, ni bloquer la construction europ\u00e9enne\u00a0\u00bb, a-t-il ajout\u00e9.<\/p>\n<p>Orban, \u00ab\u00a0\u00e9missaire de Vladimir Poutine\u00a0\u00bb<\/p>\n<p>Outre les fonds gel\u00e9s, la Hongrie est vis\u00e9e depuis 2018 par la proc\u00e9dure dite de l&rsquo;article 7, destin\u00e9e \u00e0 sanctionner un \u00c9tat membre o\u00f9 est constat\u00e9e une \u00ab\u00a0violation grave\u00a0\u00bb de l&rsquo;\u00c9tat de droit. Celle-ci peut en th\u00e9orie aller jusqu&rsquo;\u00e0 une suspension des droits de vote au sein du Conseil de l&rsquo;UE, o\u00f9 si\u00e8gent tous les chefs d&rsquo;\u00c9tat et de gouvernement.<\/p>\n<p>Depuis son retour au pouvoir en 2010, Viktor Orban est accus\u00e9 d&rsquo;une d\u00e9rive autoritaire qui s&rsquo;accompagne d&rsquo;une proximit\u00e9 id\u00e9ologique et g\u00e9opolitique avec la Russie, malgr\u00e9 l&rsquo;invasion de l&rsquo;Ukraine.<\/p>\n<p>Pour le responsable du parti Place publique, qui traite le dirigeant hongrois \u00ab\u00a0d&rsquo;\u00e9missaire de Vladimir Poutine\u00a0\u00bb, \u00ab\u00a0c&rsquo;est \u00e0 Budapest que se joue aujourd&rsquo;hui la bataille\u00a0\u00bb contre les mouvements d&rsquo;extr\u00eame droite qu&rsquo;on a laiss\u00e9 par \u00ab\u00a0faiblesse\u00a0\u00bb et \u00ab\u00a0calculs\u00a0\u00bb devenir \u00ab\u00a0dominants culturellement\u00a0\u00bb.<\/p>\n<p>\u00c0 ses c\u00f4t\u00e9s, la pr\u00e9sidente du groupe Renew au Parlement europ\u00e9en, Val\u00e9rie Hayer, a \u00e9galement appel\u00e9 \u00e0 \u00ab\u00a0faire pression sur les \u00c9tats\u00a0\u00bb pour qu&rsquo;ils \u00ab\u00a0relancent au moins symboliquement la proc\u00e9dure\u00a0\u00bb de l&rsquo;article 7. \u00ab\u00a0Ce serait un message tr\u00e8s, tr\u00e8s fort. Et ce serait la r\u00e9affirmation du fait que ce qui se passe en Hongrie, c&rsquo;est pas un probl\u00e8me national, c&rsquo;est un probl\u00e8me europ\u00e9en\u00a0\u00bb, a-t-elle dit.<\/p>\n<p><a href=\"https:\/\/www.bfmtv.com\/international\/europe\/il-a-compris-qu-il-pouvait-tout-se-permettre-raphael-glucksmann-appelle-l-ue-a-dire-stop-a-viktor-orban-apres-l-interdiction-de-la-pride-en-hongrie_AD-202506280224.html#xtor=AL-68\" rel=\"nofollow noopener\" target=\"_blank\" data-ylk=\"slk:Article original publi\u00e9 sur BFMTV.com;elm:context_link;itc:0;sec:content-canvas\" class=\"link \">Article original publi\u00e9 sur BFMTV.com<\/a><\/p>\n","protected":false},"excerpt":{"rendered":"L&rsquo;eurod\u00e9put\u00e9 Rapha\u00ebl Glucksmann, pr\u00e9sent ce samedi 28 juin \u00e0 Budapest pour participer \u00e0 la marche des fiert\u00e9s interdite&hellip;\n","protected":false},"author":2,"featured_media":213004,"comment_status":"","ping_status":"","sticky":false,"template":"","format":"standard","meta":{"footnotes":""},"categories":[1586],"tags":[11,19672,2196,1777,674,1779,1011,27,804,12,35278,25,1778,364,7247],"class_list":{"0":"post-213003","1":"post","2":"type-post","3":"status-publish","4":"format-standard","5":"has-post-thumbnail","7":"category-europe","8":"tag-actualites","9":"tag-chefs-detat-et-de-gouvernement","10":"tag-commission-europeenne","11":"tag-eu","12":"tag-europe","13":"tag-european-union","14":"tag-fr","15":"tag-france","16":"tag-hongrie","17":"tag-news","18":"tag-pays-de-lue","19":"tag-republique-francaise","20":"tag-ue","21":"tag-union-europeenne","22":"tag-viktor-orban"},"share_on_mastodon":{"url":"https:\/\/pubeurope.com\/@fr\/114766004075639380","error":""},"_links":{"self":[{"href":"https:\/\/www.europesays.com\/fr\/wp-json\/wp\/v2\/posts\/213003","targetHints":{"allow":["GET"]}}],"collection":[{"href":"https:\/\/www.europesays.com\/fr\/wp-json\/wp\/v2\/posts"}],"about":[{"href":"https:\/\/www.europesays.com\/fr\/wp-json\/wp\/v2\/types\/post"}],"author":[{"embeddable":true,"href":"https:\/\/www.europesays.com\/fr\/wp-json\/wp\/v2\/users\/2"}],"replies":[{"embeddable":true,"href":"https:\/\/www.europesays.com\/fr\/wp-json\/wp\/v2\/comments?post=213003"}],"version-history":[{"count":0,"href":"https:\/\/www.europesays.com\/fr\/wp-json\/wp\/v2\/posts\/213003\/revisions"}],"wp:featuredmedia":[{"embeddable":true,"href":"https:\/\/www.europesays.com\/fr\/wp-json\/wp\/v2\/media\/213004"}],"wp:attachment":[{"href":"https:\/\/www.europesays.com\/fr\/wp-json\/wp\/v2\/media?parent=213003"}],"wp:term":[{"taxonomy":"category","embeddable":true,"href":"https:\/\/www.europesays.com\/fr\/wp-json\/wp\/v2\/categories?post=213003"},{"taxonomy":"post_tag","embeddable":true,"href":"https:\/\/www.europesays.com\/fr\/wp-json\/wp\/v2\/tags?post=213003"}],"curies":[{"name":"wp","href":"https:\/\/api.w.org\/{rel}","templated":true}]}}