{"id":213013,"date":"2025-06-29T09:48:11","date_gmt":"2025-06-29T09:48:11","guid":{"rendered":"https:\/\/www.europesays.com\/fr\/213013\/"},"modified":"2025-06-29T09:48:11","modified_gmt":"2025-06-29T09:48:11","slug":"le-capitaine-des-espoirs-sacres-champions-de-france-rejoint-le-bo-officiel","status":"publish","type":"post","link":"https:\/\/www.europesays.com\/fr\/213013\/","title":{"rendered":"le capitaine des Espoirs, sacr\u00e9s champions de France, rejoint le BO ! (officiel)"},"content":{"rendered":"<p>Il voyait son avenir bouch\u00e9 \u00e0 l\u2019Union Bordeaux-B\u00e8gles. Cette semaine, le Biarritz Olympique a r\u00e9alis\u00e9 un joli coup sur le march\u00e9 des transferts en attirant Andr\u00e9a Sacco. Ce dernier d\u00e9barque en provenance du club girondin, avec lequel il venait d\u2019\u00eatre sacr\u00e9 dans la cat\u00e9gorie Espoirs.<\/p>\n<p>Une f\u00e9roce concurrence \u00e0 l\u2019UBB<\/p>\n<p>Capitaine des jeunes de l\u2019UBB, le troisi\u00e8me-ligne \u00e9tait barr\u00e9 par la concurrence de ses co\u00e9quipiers Ibsaiene, Jacobs ou Bissu et voyait son contrat arriver \u00e0 son terme. Pr\u00e9cieux en touche, le jeune joueur va poursuivre sa progression du c\u00f4t\u00e9 du club biarrot, en Pro D2.<\/p>\n<blockquote class=\"twitter-tweet\">\n<p dir=\"ltr\" lang=\"fr\">\ud83d\udc4f Champion de France &amp; Capitaine des Espoirs de l&rsquo;<a href=\"https:\/\/twitter.com\/UBBrugby?ref_src=twsrc%5Etfw\" rel=\"nofollow noopener\" target=\"_blank\">@UBBrugby<\/a> \ud83c\udfc6<br \/>\ud835\udc00\ud835\udc27\ud835\udc1d\ud835\udc2b\ud835\udc1e\ud835\udc1a \ud835\udc12\ud835\udc1a\ud835\udc1c\ud835\udc1c\ud835\udc28 arrive \u00e0 Biarritz \ud83c\udfe0<\/p>\n<p>Bienvenue \u00e0 notre nouveau 3\u00e8me ligne \u2764\ufe0f\ud83e\udd0d<\/p>\n<p>\ud83d\udcf2 + d&rsquo;infos \u2935\ufe0f<\/p>\n<p><a href=\"https:\/\/twitter.com\/hashtag\/BOPB?src=hash&amp;ref_src=twsrc%5Etfw\" rel=\"nofollow noopener\" target=\"_blank\">#BOPB<\/a> | <a href=\"https:\/\/twitter.com\/hashtag\/AupaBO?src=hash&amp;ref_src=twsrc%5Etfw\" rel=\"nofollow noopener\" target=\"_blank\">#AupaBO<\/a><\/p>\n<p>\u2014 BOPBweb (@BOPBweb) <a href=\"https:\/\/twitter.com\/BOPBweb\/status\/1938637197470568870?ref_src=twsrc%5Etfw\" rel=\"nofollow noopener\" target=\"_blank\">June 27, 2025<\/a><\/p>\n<\/blockquote>\n<p>Partagez cette info avec vos amis et vos proches en cliquant ici<br \/>Pour r\u00e9sumer<\/p>\n<p>Capitaine des Espoirs de l\u2019Union Bordeaux-B\u00e8gles, sacr\u00e9s champions de France en juin, Andr\u00e9a Sacco a d\u00e9cid\u00e9 de quitter le club pour rejoindre Biarritz. Barr\u00e9 par la concurrence chez les Girondins, il tentera de s&rsquo;\u00e9panouir en Pro D2.<\/p>\n<p> <img decoding=\"async\" width=\"76\" height=\"76\" loading=\"lazy\" src=\"https:\/\/www.europesays.com\/fr\/wp-content\/uploads\/2025\/04\/avatar-quinze.png\" alt=\"Arnaud D\u00e9chelotte\"\/><script async src=\"https:\/\/platform.twitter.com\/widgets.js\" charset=\"utf-8\"><\/script><\/p>\n","protected":false},"excerpt":{"rendered":"Il voyait son avenir bouch\u00e9 \u00e0 l\u2019Union Bordeaux-B\u00e8gles. Cette semaine, le Biarritz Olympique a r\u00e9alis\u00e9 un joli coup&hellip;\n","protected":false},"author":2,"featured_media":213014,"comment_status":"","ping_status":"","sticky":false,"template":"","format":"standard","meta":{"footnotes":""},"categories":[1416],"tags":[1011,27,479,1468,60],"class_list":{"0":"post-213013","1":"post","2":"type-post","3":"status-publish","4":"format-standard","5":"has-post-thumbnail","7":"category-rugby","8":"tag-fr","9":"tag-france","10":"tag-rugby","11":"tag-rugby-football","12":"tag-sports"},"share_on_mastodon":{"url":"https:\/\/pubeurope.com\/@fr\/114766027453463635","error":""},"_links":{"self":[{"href":"https:\/\/www.europesays.com\/fr\/wp-json\/wp\/v2\/posts\/213013","targetHints":{"allow":["GET"]}}],"collection":[{"href":"https:\/\/www.europesays.com\/fr\/wp-json\/wp\/v2\/posts"}],"about":[{"href":"https:\/\/www.europesays.com\/fr\/wp-json\/wp\/v2\/types\/post"}],"author":[{"embeddable":true,"href":"https:\/\/www.europesays.com\/fr\/wp-json\/wp\/v2\/users\/2"}],"replies":[{"embeddable":true,"href":"https:\/\/www.europesays.com\/fr\/wp-json\/wp\/v2\/comments?post=213013"}],"version-history":[{"count":0,"href":"https:\/\/www.europesays.com\/fr\/wp-json\/wp\/v2\/posts\/213013\/revisions"}],"wp:featuredmedia":[{"embeddable":true,"href":"https:\/\/www.europesays.com\/fr\/wp-json\/wp\/v2\/media\/213014"}],"wp:attachment":[{"href":"https:\/\/www.europesays.com\/fr\/wp-json\/wp\/v2\/media?parent=213013"}],"wp:term":[{"taxonomy":"category","embeddable":true,"href":"https:\/\/www.europesays.com\/fr\/wp-json\/wp\/v2\/categories?post=213013"},{"taxonomy":"post_tag","embeddable":true,"href":"https:\/\/www.europesays.com\/fr\/wp-json\/wp\/v2\/tags?post=213013"}],"curies":[{"name":"wp","href":"https:\/\/api.w.org\/{rel}","templated":true}]}}