{"id":213019,"date":"2025-06-29T09:52:10","date_gmt":"2025-06-29T09:52:10","guid":{"rendered":"https:\/\/www.europesays.com\/fr\/213019\/"},"modified":"2025-06-29T09:52:10","modified_gmt":"2025-06-29T09:52:10","slug":"f1-absent-pour-raisons-personnelles-le-patron-du-team-ferrari-sera-remplace-par-un-belge-sur-le-gp-dautriche","status":"publish","type":"post","link":"https:\/\/www.europesays.com\/fr\/213019\/","title":{"rendered":"F1: absent pour \u00ab\u00a0raisons personnelles\u00a0\u00bb, le patron du Team Ferrari sera remplac\u00e9 par un&#8230; Belge sur le GP d&rsquo;Autriche"},"content":{"rendered":"<p class=\"ap-StoryElement ap-StoryElement--mb ap-StoryText\">Fred Vasseur, le patron du Team Ferrari de Formule 1, sera absent du Grand Prix d&rsquo;Autriche dimanche pour \u00ab\u00a0raisons personnelles\u00a0\u00bb. Il sera remplac\u00e9 par notre compatriote et ancien pilote de F1, J\u00e9r\u00f4me D&rsquo;Ambrosio.<\/p>\n<p class=\"ap-StoryElement ap-StoryElement--mb ap-StoryText\">Vasseur \u00e9tait pr\u00e9sent \u00e0 Spielberg ce week-end, mais Ferrari a annonc\u00e9 qu&rsquo;il ne prendrait pas sa place sur le muret des stands lors de la 11e manche de la saison.<\/p>\n<p class=\"ap-StoryElement ap-StoryElement--mb ap-StoryText\">Un communiqu\u00e9 de l&rsquo;\u00e9quipe italienne indique que \u00ab\u00a0Fred ne sera pas sur le circuit aujourd&rsquo;hui, car il a d\u00fb rentrer chez lui pour des raisons personnelles. Le directeur adjoint de l&rsquo;\u00e9quipe, J\u00e9r\u00f4me D&rsquo;Ambrosio, le remplacera\u00a0\u00bb.<\/p>\n","protected":false},"excerpt":{"rendered":"Fred Vasseur, le patron du Team Ferrari de Formule 1, sera absent du Grand Prix d&rsquo;Autriche dimanche pour&hellip;\n","protected":false},"author":2,"featured_media":213020,"comment_status":"","ping_status":"","sticky":false,"template":"","format":"standard","meta":{"footnotes":""},"categories":[1412],"tags":[16384,1451,1452,1453,1454,1455,1011,27,60],"class_list":{"0":"post-213019","1":"post","2":"type-post","3":"status-publish","4":"format-standard","5":"has-post-thumbnail","7":"category-f1","8":"tag-automobilisme","9":"tag-f1","10":"tag-formula-1","11":"tag-formula1","12":"tag-formule-1","13":"tag-formule1","14":"tag-fr","15":"tag-france","16":"tag-sports"},"share_on_mastodon":{"url":"https:\/\/pubeurope.com\/@fr\/114766043159619161","error":""},"_links":{"self":[{"href":"https:\/\/www.europesays.com\/fr\/wp-json\/wp\/v2\/posts\/213019","targetHints":{"allow":["GET"]}}],"collection":[{"href":"https:\/\/www.europesays.com\/fr\/wp-json\/wp\/v2\/posts"}],"about":[{"href":"https:\/\/www.europesays.com\/fr\/wp-json\/wp\/v2\/types\/post"}],"author":[{"embeddable":true,"href":"https:\/\/www.europesays.com\/fr\/wp-json\/wp\/v2\/users\/2"}],"replies":[{"embeddable":true,"href":"https:\/\/www.europesays.com\/fr\/wp-json\/wp\/v2\/comments?post=213019"}],"version-history":[{"count":0,"href":"https:\/\/www.europesays.com\/fr\/wp-json\/wp\/v2\/posts\/213019\/revisions"}],"wp:featuredmedia":[{"embeddable":true,"href":"https:\/\/www.europesays.com\/fr\/wp-json\/wp\/v2\/media\/213020"}],"wp:attachment":[{"href":"https:\/\/www.europesays.com\/fr\/wp-json\/wp\/v2\/media?parent=213019"}],"wp:term":[{"taxonomy":"category","embeddable":true,"href":"https:\/\/www.europesays.com\/fr\/wp-json\/wp\/v2\/categories?post=213019"},{"taxonomy":"post_tag","embeddable":true,"href":"https:\/\/www.europesays.com\/fr\/wp-json\/wp\/v2\/tags?post=213019"}],"curies":[{"name":"wp","href":"https:\/\/api.w.org\/{rel}","templated":true}]}}