{"id":213031,"date":"2025-06-29T09:58:17","date_gmt":"2025-06-29T09:58:17","guid":{"rendered":"https:\/\/www.europesays.com\/fr\/213031\/"},"modified":"2025-06-29T09:58:17","modified_gmt":"2025-06-29T09:58:17","slug":"enfin-pouvoir-avoir-des-reductions-au-mcdo-un-chroniqueur-de-cyril-hanouna-reprend-ses-etudes","status":"publish","type":"post","link":"https:\/\/www.europesays.com\/fr\/213031\/","title":{"rendered":"\u00ab\u00a0Enfin pouvoir avoir des r\u00e9ductions au McDo\u00a0\u00bb, un chroniqueur de Cyril Hanouna reprend ses \u00e9tudes"},"content":{"rendered":"<p>      R\u00e9sum\u00e9<\/p>\n<p>Apr\u00e8s la fermeture de C8, un ancien chroniqueur de Cyril Hanouna a d\u00e9cid\u00e9 de reprendre ses \u00e9tudes et a post\u00e9 sa carte d&rsquo;\u00e9tudiant.<\/p>\n<p>        Sommaire<\/p>\n<p>Apr\u00e8s l\u2019annonce de la <strong><a href=\"https:\/\/www.public.fr\/fermeture-de-c8-william-leymergie-meprise-et-trahi-il-explose-cest-une-honte\" target=\"_blank\" rel=\"noopener\">fermeture de C8<\/a><\/strong>, l&rsquo;avenir des membres de l\u2019\u00e9mission Touche pas \u00e0 mon poste a \u00e9t\u00e9 compl\u00e8tement chamboul\u00e9. Mais Cyril Hanouna a d\u00e9j\u00e0 trouv\u00e9 son point de chute et se pr\u00e9pare \u00e0 <strong>faire sa rentr\u00e9e en septembre prochain <\/strong>dans le groupe <strong>M6<\/strong>. L&rsquo;animateur va en effet prendre les commandes de <strong>deux nouvelles \u00e9missions<\/strong> : Tout beau tout 9 et Tout beau tout fun sur W9.<\/p>\n<p>Si certains chroniqueurs ont la chance de le suivre, ce n&rsquo;est pas le cas de tout le monde. Et l&rsquo;un d&rsquo;entre eux a m\u00eame d\u00e9cid\u00e9 de <strong>retourner sur les bancs de la fac.<\/strong> D\u00e9couvrez de qui il s&rsquo;agit.<\/p>\n<p>Fin de l&rsquo;\u00e8re Cyril Hanouna sur C8<\/p>\n<p>Certains chroniqueurs ont pu suivre Cyril Hanouna dans sa nouvelle aventure dans le groupe de la sixi\u00e8me cha\u00eene. Jean-Marc Morandini \u00e9voque Val\u00e9rie B\u00e9na\u00efm, G\u00e9raldine Maillet ou encore Raymond. Mais d&rsquo;autres doivent rebondir apr\u00e8s cette fermeture brutale. Par exemple, <strong><a href=\"https:\/\/www.public.fr\/bernard-montiel-et-cyril-hanouna-cest-fini-le-chroniqueur-debarquerait-sur-france-televisions\" target=\"_blank\" rel=\"noopener\">Bernard Montiel rejoint <\/a><\/strong><a href=\"https:\/\/www.public.fr\/bernard-montiel-et-cyril-hanouna-cest-fini-le-chroniqueur-debarquerait-sur-france-televisions\" target=\"_blank\" rel=\"noopener\"><strong>France T\u00e9l\u00e9visions<\/strong> <\/a>pour animer une <strong>\u00e9mission animali\u00e8re sur France 3<\/strong>.<\/p>\n<p>Si ces derniers ont d\u00e9j\u00e0 trouv\u00e9 leur reconversion, d\u2019autres cherchent de <strong>nouvelles voies<\/strong> pour se r\u00e9inventer. C\u2019est dans ce contexte que l&rsquo;un des <strong>anciens chroniqueurs<\/strong> de l\u2019\u00e9mission a fait une annonce surprenante sur son compte Facebook. <strong>Rost Adom<\/strong>, rappeur, producteur et chroniqueur de Face \u00e0 Hanouna, a d\u00e9cid\u00e9 de se lancer dans un tout nouveau projet : <strong>reprendre ses \u00e9tudes<\/strong>. Une belle initiative, qui n&rsquo;a pas manqu\u00e9 d&rsquo;\u00e9tonner les abonn\u00e9s.<\/p>\n<p>Ce 26 juin, <strong>Rost<\/strong> a publi\u00e9 sa <strong>carte d\u2019\u00e9tudiant<\/strong> <strong>de l\u2019Universit\u00e9 de Lorraine<\/strong>, accompagn\u00e9e de cette l\u00e9gende pleine d\u2019humour : \u00ab\u00a0Je vais enfin pouvoir avoir des r\u00e9ductions au McDo\u2026 Exactement comme toi mon fils.\u00a0\u00bb Un message plein d&rsquo;<strong>humour et de l\u00e9g\u00e8ret\u00e9<\/strong>, mais qui montre une grande d\u00e9termination. Il semble fermement engag\u00e9 \u00e0 aller plus loin dans sa carri\u00e8re.<\/p>\n<p>&#13;<br \/>\n    &#13;\n<\/p>\n<p>Un retour aux \u00e9tudes sur le tard<\/p>\n<p>Quelle est donc la nature de ses \u00e9tudes ? Quelques jours plus t\u00f4t, Rost Adom avait \u00e9galement partag\u00e9 une <strong>photo de lui dans le train<\/strong>, en route pour <strong>Metz<\/strong>, sur laquelle on pouvait lire \u00ab\u00a0C\u2019est parti pour cette semaine de cours sur place \u00e0 METZ\u2026 \u00e0 la Business School de l\u2019Universit\u00e9 de Lorraine&#8230;\u00a0\u00bb.<\/p>\n<p>Dans les commentaires, l&rsquo;enthousiasme est palpable. Les internautes f\u00e9licitent <strong>l&rsquo;ex-chroniqueur de Cyril Hanouna<\/strong> pour sa <strong>motivation<\/strong>, certains lui proposent m\u00eame des <strong>bons plans<\/strong> et des <strong>conseils pratiques<\/strong> pour <strong>Metz<\/strong>, tandis que d&rsquo;autres lui souhaitent une chaleureuse <strong>bienvenue en Moselle<\/strong>. Beaucoup soulignent \u00e9galement qu&rsquo;il <strong>n&rsquo;est jamais trop tard<\/strong> pour se lancer dans des <strong>\u00e9tudes<\/strong>. Alors, affaire \u00e0 suivre de pr\u00e8s, car ce projet pourrait bien marquer un tournant dans sa carri\u00e8re.<\/p>\n<p>      Mentionn\u00e9s dans cet article<\/p>\n<p>\u00c0 lire aussi<\/p>\n","protected":false},"excerpt":{"rendered":"R\u00e9sum\u00e9 Apr\u00e8s la fermeture de C8, un ancien chroniqueur de Cyril Hanouna a d\u00e9cid\u00e9 de reprendre ses \u00e9tudes&hellip;\n","protected":false},"author":2,"featured_media":213032,"comment_status":"","ping_status":"","sticky":false,"template":"","format":"standard","meta":{"footnotes":""},"categories":[1356],"tags":[1083,58,59,1011,27,252,1364],"class_list":{"0":"post-213031","1":"post","2":"type-post","3":"status-publish","4":"format-standard","5":"has-post-thumbnail","7":"category-television","8":"tag-cyril-hanouna","9":"tag-divertissement","10":"tag-entertainment","11":"tag-fr","12":"tag-france","13":"tag-television","14":"tag-tv"},"share_on_mastodon":{"url":"https:\/\/pubeurope.com\/@fr\/114766066693672460","error":""},"_links":{"self":[{"href":"https:\/\/www.europesays.com\/fr\/wp-json\/wp\/v2\/posts\/213031","targetHints":{"allow":["GET"]}}],"collection":[{"href":"https:\/\/www.europesays.com\/fr\/wp-json\/wp\/v2\/posts"}],"about":[{"href":"https:\/\/www.europesays.com\/fr\/wp-json\/wp\/v2\/types\/post"}],"author":[{"embeddable":true,"href":"https:\/\/www.europesays.com\/fr\/wp-json\/wp\/v2\/users\/2"}],"replies":[{"embeddable":true,"href":"https:\/\/www.europesays.com\/fr\/wp-json\/wp\/v2\/comments?post=213031"}],"version-history":[{"count":0,"href":"https:\/\/www.europesays.com\/fr\/wp-json\/wp\/v2\/posts\/213031\/revisions"}],"wp:featuredmedia":[{"embeddable":true,"href":"https:\/\/www.europesays.com\/fr\/wp-json\/wp\/v2\/media\/213032"}],"wp:attachment":[{"href":"https:\/\/www.europesays.com\/fr\/wp-json\/wp\/v2\/media?parent=213031"}],"wp:term":[{"taxonomy":"category","embeddable":true,"href":"https:\/\/www.europesays.com\/fr\/wp-json\/wp\/v2\/categories?post=213031"},{"taxonomy":"post_tag","embeddable":true,"href":"https:\/\/www.europesays.com\/fr\/wp-json\/wp\/v2\/tags?post=213031"}],"curies":[{"name":"wp","href":"https:\/\/api.w.org\/{rel}","templated":true}]}}