{"id":213041,"date":"2025-06-29T10:03:09","date_gmt":"2025-06-29T10:03:09","guid":{"rendered":"https:\/\/www.europesays.com\/fr\/213041\/"},"modified":"2025-06-29T10:03:09","modified_gmt":"2025-06-29T10:03:09","slug":"coup-de-theatre-aux-enfants-de-la-tele-laurence-boccolini-evincee-de-lemission-de-france-2","status":"publish","type":"post","link":"https:\/\/www.europesays.com\/fr\/213041\/","title":{"rendered":"Coup de th\u00e9\u00e2tre aux \u00ab\u00a0Enfants de la t\u00e9l\u00e9\u00a0\u00bb, Laurence Boccolini \u00e9vinc\u00e9e de l\u2019\u00e9mission de France\u00a02"},"content":{"rendered":"<p class=\"paragraph text_align_left lp-f-body-02\">Deux saisons et puis s\u2019en va. <a href=\"https:\/\/www.leparisien.fr\/culture-loisirs\/tv\/laurence-boccolini-revele-etre-atteinte-dune-tumeur-extremement-rare-a-loreille-28-03-2025-KL5FZV6WSBASRATJR2WUJP332A.php\" target=\"_blank\" rel=\"noreferrer nofollow noopener\">L\u2019animatrice Laurence Boccolini<\/a> ne reviendra pas \u00e0 la t\u00eate des \u00ab Enfants de la t\u00e9l\u00e9 \u00bb \u00e0 la rentr\u00e9e, a appris ce dimanche 29 juin le Parisien, confirmant une information de <a href=\"https:\/\/www.jeanmarcmorandini.com\/article-611668-exclusif-nouveau-coup-de-theatre-a-france-tele-la-direction-decide-d-evincer-sans-raison-laurence-boccolini-de-la-presentation-des-enfants-de-la-tele-sur-france-2.html\" target=\"_blank\" rel=\"noreferrer nofollow noopener\">jeanmarcmorandini.com<\/a>. <a href=\"https:\/\/www.leparisien.fr\/culture-loisirs\/tv\/laurence-boccolini-fait-ses-premiers-pas-aux-enfants-de-la-tele-cetait-moi-ou-laurent-romejko-22-10-2023-G7HQLGIZYRH3TJOUBWCDZ6EAI4.php\" target=\"_blank\" rel=\"noreferrer nofollow noopener\">Aux commandes de l\u2019\u00e9mission depuis octobre 2023<\/a>, la pr\u00e9sentatrice de 62 ans a \u00e9t\u00e9 \u00e9vinc\u00e9e par France T\u00e9l\u00e9visions.<\/p>\n<p class=\"paragraph text_align_left lp-f-body-02\">Celle qui avait remplac\u00e9 Laurent Ruquier animait chaque dimanche ce rendez-vous culte de la t\u00e9l\u00e9vision, transpos\u00e9 depuis 2017 sur France 2 apr\u00e8s vingt ann\u00e9es sur TF 1 sous la direction d\u2019Arthur. Elle avait permis au programme de maintenir de belles audiences, avec des performances au-dessus des 2 millions de t\u00e9l\u00e9spectateurs durant la saison. Aucun nom n\u2019a pour l\u2019heure \u00e9t\u00e9 avanc\u00e9 par la cha\u00eene pour succ\u00e9der \u00e0 l\u2019ancienne star du \u00ab Maillon faible \u00bb.<\/p>\n<p>Toujours \u00e0 la t\u00eate de \u00ab Mot de passe : le duel \u00bb<\/p>\n<p class=\"paragraph text_align_left lp-f-body-02\">Revenue sur le service public en 2020, <a href=\"https:\/\/www.leparisien.fr\/culture-loisirs\/tv\/laurence-boccolini-un-an-apres-avoir-repris-le-jeu-de-midi-sur-france-2-les-debuts-ont-ete-durs-a-vivre-19-06-2022-CCNVMXD7VJF35AM45HFHH2IQOU.php\" target=\"_blank\" rel=\"noreferrer nofollow noopener\">Laurence Boccolini<\/a> a tout d\u2019abord pr\u00e9sent\u00e9 \u00ab Mot de passe \u00bb et \u00ab Un mot peut en cacher un autre \u00bb, avant d\u2019animer <a href=\"https:\/\/www.leparisien.fr\/culture-loisirs\/tv\/tout-le-monde-veut-prendre-sa-place-sur-france-2-une-sortie-par-la-petite-porte-pour-laurence-boccolini-04-08-2023-XX5JGXPHHFFMNHENLLWQCYNEYA.php\" target=\"_blank\" rel=\"noreferrer nofollow noopener\">durant deux saisons le jeu quotidien \u00ab Tout le monde veut prendre sa place \u00bb<\/a> en remplacement de Nagui.<\/p>\n<p class=\"paragraph text_align_left lp-f-body-02\">Avec son d\u00e9part des \u00ab Enfants de la t\u00e9l\u00e9 \u00bb, <a href=\"https:\/\/www.leparisien.fr\/culture-loisirs\/hors-normes-17-04-2016-5722177.php\" target=\"_blank\" rel=\"noreferrer nofollow noopener\">la pr\u00e9sentatrice<\/a> qui avait d\u00e9marr\u00e9 dans les ann\u00e9es 1990 dans \u00ab Rien \u00e0 cirer \u00bb reste \u00e0 la t\u00eate de \u00ab Mot de passe : le duel \u00bb, diffus\u00e9 chaque soir apr\u00e8s le journal de 20 heures de France 2. Celle qui avait remport\u00e9 la toute <a href=\"https:\/\/www.leparisien.fr\/culture-loisirs\/tv\/mask-singer\/\" target=\"_blank\" rel=\"noreferrer nofollow noopener\">premi\u00e8re saison de \u00ab Mask Singer \u00bb<\/a> en licorne en 2019 est \u00e9galement aux commentaires de l\u2019Eurovision depuis 2021, en duo avec St\u00e9phane Bern.<\/p>\n<p class=\"paragraph text_align_left lp-f-body-02\">Ce changement s\u2019ajoute aux multiples chamboulements que conna\u00eet France T\u00e9l\u00e9visions en ce mercato : outre l\u2019\u00e9viction <a href=\"https:\/\/www.leparisien.fr\/culture-loisirs\/tv\/cetait-mon-dernier-20-heures-remerciements-et-pas-de-danse-anne-sophie-lapix-a-fait-ses-adieux-au-jt-de-france-2-26-06-2025-54G22VEHCVA5TFECSP7SYQ5XPU.php\" target=\"_blank\" rel=\"noreferrer nofollow noopener\">d\u2019Anne-Sophie Lapix du journal de 20 heures<\/a> de France 2, <a href=\"https:\/\/www.leparisien.fr\/culture-loisirs\/tv\/une-femme-dorigine-libanaise-au-20-heures-ca-claque-les-coulisses-de-la-nomination-surprise-de-lea-salame-20-06-2025-OMBM6HYVE5C4LFTAHLO4YG7ZJE.php\" target=\"_blank\" rel=\"noreferrer nofollow noopener\">remplac\u00e9e par L\u00e9a Salam\u00e9<\/a>, la Deux perd \u00e9galement un de ses piliers estivaux avec <a href=\"https:\/\/www.leparisien.fr\/culture-loisirs\/tv\/olivier-minne-en-partance-pour-m-6-les-coulisses-dun-coup-de-tonnerre-03-05-2025-4MJOCZBEZNDWPCX7GBJKRGRQIU.php\" target=\"_blank\" rel=\"noreferrer nofollow noopener\">le d\u00e9part d\u2019Olivier Minne<\/a>. Pr\u00e9sentateur de \u00ab Fort Boyard \u00bb depuis 2003, le Belge <a href=\"https:\/\/www.leparisien.fr\/culture-loisirs\/tv\/le-maillon-faible-pandore-olivier-minne-aux-commandes-de-trois-emissions-pour-son-arrivee-sur-m-6-23-06-2025-NKFPY4W3LNAS3CQFGS6ZJ24NQY.php\" target=\"_blank\" rel=\"noreferrer nofollow noopener\">prend la direction de M 6<\/a> o\u00f9 il animera prochainement \u00ab Le Maillon faible \u00bb, un jeu pr\u00e9c\u00e9demment incarn\u00e9 par&#8230; Laurence Boccolini.<\/p>\n","protected":false},"excerpt":{"rendered":"Deux saisons et puis s\u2019en va. L\u2019animatrice Laurence Boccolini ne reviendra pas \u00e0 la t\u00eate des \u00ab Enfants&hellip;\n","protected":false},"author":2,"featured_media":213042,"comment_status":"","ping_status":"","sticky":false,"template":"","format":"standard","meta":{"footnotes":""},"categories":[8],"tags":[872,58,59,1011,27,2205],"class_list":{"0":"post-213041","1":"post","2":"type-post","3":"status-publish","4":"format-standard","5":"has-post-thumbnail","7":"category-divertissement","8":"tag-culture-et-loisirs","9":"tag-divertissement","10":"tag-entertainment","11":"tag-fr","12":"tag-france","13":"tag-television-medias"},"share_on_mastodon":{"url":"https:\/\/pubeurope.com\/@fr\/114766086381645816","error":""},"_links":{"self":[{"href":"https:\/\/www.europesays.com\/fr\/wp-json\/wp\/v2\/posts\/213041","targetHints":{"allow":["GET"]}}],"collection":[{"href":"https:\/\/www.europesays.com\/fr\/wp-json\/wp\/v2\/posts"}],"about":[{"href":"https:\/\/www.europesays.com\/fr\/wp-json\/wp\/v2\/types\/post"}],"author":[{"embeddable":true,"href":"https:\/\/www.europesays.com\/fr\/wp-json\/wp\/v2\/users\/2"}],"replies":[{"embeddable":true,"href":"https:\/\/www.europesays.com\/fr\/wp-json\/wp\/v2\/comments?post=213041"}],"version-history":[{"count":0,"href":"https:\/\/www.europesays.com\/fr\/wp-json\/wp\/v2\/posts\/213041\/revisions"}],"wp:featuredmedia":[{"embeddable":true,"href":"https:\/\/www.europesays.com\/fr\/wp-json\/wp\/v2\/media\/213042"}],"wp:attachment":[{"href":"https:\/\/www.europesays.com\/fr\/wp-json\/wp\/v2\/media?parent=213041"}],"wp:term":[{"taxonomy":"category","embeddable":true,"href":"https:\/\/www.europesays.com\/fr\/wp-json\/wp\/v2\/categories?post=213041"},{"taxonomy":"post_tag","embeddable":true,"href":"https:\/\/www.europesays.com\/fr\/wp-json\/wp\/v2\/tags?post=213041"}],"curies":[{"name":"wp","href":"https:\/\/api.w.org\/{rel}","templated":true}]}}