{"id":213049,"date":"2025-06-29T10:07:13","date_gmt":"2025-06-29T10:07:13","guid":{"rendered":"https:\/\/www.europesays.com\/fr\/213049\/"},"modified":"2025-06-29T10:07:13","modified_gmt":"2025-06-29T10:07:13","slug":"deux-sapeurs-pompiers-blesses-dont-un-grave","status":"publish","type":"post","link":"https:\/\/www.europesays.com\/fr\/213049\/","title":{"rendered":"deux sapeurs-pompiers bless\u00e9s, dont un grave"},"content":{"rendered":"<p>Ce dimanche matin, \u00e0 6 h 43, les sapeurs-pompiers ont \u00e9t\u00e9 appel\u00e9s pour un feu dans un appartement aux \u00c9parres, au niveau de l&rsquo;impasse de la Calabre.<\/p>\n<p>Ce contenu est bloqu\u00e9 car vous n&rsquo;avez pas accept\u00e9 les cookies et autres traceurs.<\/p>\n<p>En cliquant sur \u00ab J\u2019accepte \u00bb, les cookies et autres traceurs seront d\u00e9pos\u00e9s et vous pourrez visualiser les contenus  (<a href=\"\" class=\"consentModule_policy\" target=\"_blank\" title=\"Consulter la politique de protection des donn\u00e9es du fournisseur\">plus d&rsquo;informations<\/a>).<\/p>\n<p>En cliquant sur \u00ab J\u2019accepte tous les cookies \u00bb, vous autorisez des d\u00e9p\u00f4ts de cookies et autres traceurs pour le stockage de vos donn\u00e9es sur nos sites et applications \u00e0 des fins de personnalisation et de ciblage publicitaire.<\/p>\n<p class=\"consentModule_secondaryText\">Vous gardez la possibilit\u00e9 de retirer votre consentement \u00e0 tout moment en consultant notre <a href=\"https:\/\/www.ledauphine.com\/protection-des-donnees\" target=\"_blank\" title=\"Consulter notre politique de protection des donn\u00e9es\" rel=\"noopener\">politique de protection des donn\u00e9es<\/a>. <br \/>&#13;<br \/>\n            <a href=\"https:\/\/www.ledauphine.com\/faits-divers-justice\/2025\/06\/29\/javascript:Didomi.notice.show()\" class=\"consentModule_cmp\" target=\"_blank\" rel=\"noopener\">G\u00e9rer mes choix<\/a>&#13;\n        <\/p>\n<p>&#13;<br \/>\n                        J&rsquo;accepte&#13;<br \/>\n            J&rsquo;accepte tous les cookies&#13;\n        <\/p>\n<p>Cinquante-cinq soldats du feu ont \u00e9t\u00e9 engag\u00e9s avec 21 v\u00e9hicules. Parmi les victimes, deux sapeurs-pompiers, dont un en urgence absolue a \u00e9t\u00e9 h\u00e9liport\u00e9 dans le service des grands br\u00fbl\u00e9s de l\u2019h\u00f4pital \u00c9douard-Herriot de Lyon. Le second est en urgence relative. Trois autres personnes ont \u00e9t\u00e9 indispos\u00e9es par les fum\u00e9es mais n\u2019ont pas fait l\u2019objet d\u2019un transport \u00e0 l\u2019h\u00f4pital.<\/p>\n<p>Le feu est d\u00e9sormais\u00a0ma\u00eetris\u00e9. Les secours sont toujours sur place.<\/p>\n<p>La RD1085 n&rsquo;est pas coup\u00e9e, mais la circulation\u00a0est r\u00e9gul\u00e9e par les forces de l\u2019ordre.<\/p>\n","protected":false},"excerpt":{"rendered":"Ce dimanche matin, \u00e0 6 h 43, les sapeurs-pompiers ont \u00e9t\u00e9 appel\u00e9s pour un feu dans un appartement&hellip;\n","protected":false},"author":2,"featured_media":213050,"comment_status":"","ping_status":"","sticky":false,"template":"","format":"standard","meta":{"footnotes":""},"categories":[4],"tags":[11,115,274,107,1011,27,1310,108,35285,12,35284,25],"class_list":{"0":"post-213049","1":"post","2":"type-post","3":"status-publish","4":"format-standard","5":"has-post-thumbnail","7":"category-france","8":"tag-actualites","9":"tag-edition-bourgoin-jallieu-nord-dauphine","10":"tag-faits-divers-justice","11":"tag-fil-info","12":"tag-fr","13":"tag-france","14":"tag-incendie","15":"tag-isere","16":"tag-les-eparres","17":"tag-news","18":"tag-nivolas-vermelle","19":"tag-republique-francaise"},"share_on_mastodon":{"url":"https:\/\/pubeurope.com\/@fr\/114766102167374145","error":""},"_links":{"self":[{"href":"https:\/\/www.europesays.com\/fr\/wp-json\/wp\/v2\/posts\/213049","targetHints":{"allow":["GET"]}}],"collection":[{"href":"https:\/\/www.europesays.com\/fr\/wp-json\/wp\/v2\/posts"}],"about":[{"href":"https:\/\/www.europesays.com\/fr\/wp-json\/wp\/v2\/types\/post"}],"author":[{"embeddable":true,"href":"https:\/\/www.europesays.com\/fr\/wp-json\/wp\/v2\/users\/2"}],"replies":[{"embeddable":true,"href":"https:\/\/www.europesays.com\/fr\/wp-json\/wp\/v2\/comments?post=213049"}],"version-history":[{"count":0,"href":"https:\/\/www.europesays.com\/fr\/wp-json\/wp\/v2\/posts\/213049\/revisions"}],"wp:featuredmedia":[{"embeddable":true,"href":"https:\/\/www.europesays.com\/fr\/wp-json\/wp\/v2\/media\/213050"}],"wp:attachment":[{"href":"https:\/\/www.europesays.com\/fr\/wp-json\/wp\/v2\/media?parent=213049"}],"wp:term":[{"taxonomy":"category","embeddable":true,"href":"https:\/\/www.europesays.com\/fr\/wp-json\/wp\/v2\/categories?post=213049"},{"taxonomy":"post_tag","embeddable":true,"href":"https:\/\/www.europesays.com\/fr\/wp-json\/wp\/v2\/tags?post=213049"}],"curies":[{"name":"wp","href":"https:\/\/api.w.org\/{rel}","templated":true}]}}